{"id":118869,"date":"2025-12-21T13:12:09","date_gmt":"2025-12-21T13:12:09","guid":{"rendered":"https:\/\/www.europesays.com\/no\/118869\/"},"modified":"2025-12-21T13:12:09","modified_gmt":"2025-12-21T13:12:09","slug":"russiske-styrker-har-hentet-innbyggere-i-ukrainsk-grenselandsby","status":"publish","type":"post","link":"https:\/\/www.europesays.com\/no\/118869\/","title":{"rendered":"Russiske styrker har hentet innbyggere i ukrainsk grenselandsby"},"content":{"rendered":"\n<p class=\"_lead_o9xde_2 _lead_xtcu6_50 layout-component text-serif-m layout-normal text-serif-l layout-component layout-wide layout-padded _wide_17hqh_1 layout-padded\">Russiske styrker har rykket inn i en ukrainsk landsby i Sumy-regionen og tatt med seg rundt 50 innbyggere tilbake over grensa, melder flere ukrainske medier. <\/p>\n<p><img alt=\"Russiske styrker har inntatt flere landsbyer og angrepet flere byer i Ukrainas nord\u00f8stlige Sumy-region den siste tida. Dette bildet er fra et angrep i regionen tidligere i m\u00e5neden.  Foto: UES \/ AP \/ NTB\" class=\"_image_qp4xg_65 layout-component layout-wide\" data-fullscreen- data-track-element-type=\"Article image fullscreen\" data-track-name=\"ImageFullscreen\" fetchpriority=\"high\" decoding=\"sync\" loading=\"eager\" height=\"1488\" itemprop=\"image\"  src=\"https:\/\/www.europesays.com\/no\/wp-content\/uploads\/2025\/12\/9d40313f-2833-4aae-a638-47e8d6d129a9\"  style=\"object-position:0% 0%\" width=\"2200\"\/>Russiske styrker har inntatt flere landsbyer og angrepet flere byer i Ukrainas nord\u00f8stlige Sumy-region den siste tida. Dette bildet er fra et angrep i regionen tidligere i m\u00e5neden.  Foto: UES \/ AP \/ NTB<\/p>\n<ul aria-hidden=\"true\" class=\"_images_ntbth_112\">\n<li><a class=\"_link_ntbth_117\" href=\"https:\/\/www.vg.no\/forfatter\/ntb\" style=\"z-index:1\" title=\"NTB\" rel=\"nofollow noopener\" target=\"_blank\"><img alt=\"Bilde av NTB\" class=\"_image_ntbth_93\" fetchpriority=\"low\" loading=\"lazy\" decoding=\"async\" itemprop=\"image\"  src=\"https:\/\/www.europesays.com\/no\/wp-content\/uploads\/2025\/12\/1766322729_871_c33980b0-5d07-4027-84a1-813f90a7c8d6\"  width=\"480\"\/><\/a><\/li>\n<\/ul>\n<p> Oppdatert s\u00f8ndag 21. desember kl. 13:26     <\/p>\n<p class=\"_paragraph_o9xde_4 _paragraph_xtcu6_10 layout-component text-serif-m layout-normal text-serif-m layout-padded\">If\u00f8lge den statlige ukrainske kringkasteren Suspilne og nettavisa Ukrainska Pravda rykket de russiske soldatene inn i grenselandsbyen Hrabovske l\u00f8rdag kveld. <\/p>\n<p class=\"_paragraph_o9xde_4 _paragraph_xtcu6_10 layout-component text-serif-m layout-normal text-serif-m layout-padded\">Innbyggerne i landsbyen, de fleste eldre, ble deretter tatt med tilbake over grensa og inn i Russland, if\u00f8lge de ukrainske mediene. <\/p>\n<p class=\"_paragraph_o9xde_4 _paragraph_xtcu6_10 layout-component text-serif-m layout-normal text-serif-m layout-padded\">Opplysningene er ikke bekreftet fra annet hold, og Russland har ikke kommentert dem. <\/p>\n<p class=\"_paragraph_o9xde_4 _paragraph_xtcu6_10 layout-component text-serif-m layout-normal text-serif-m layout-padded\">Russiske styrker har sikret seg fotfeste i flere landsbyer i <a href=\"https:\/\/www.vg.no\/tag\/ukraina?utm_source=vg-article&amp;utm_medium=auto-tagger&amp;utm_campaign=k0JE1j\" class=\"_link_o9xde_39\" rel=\"nofollow noopener\" target=\"_blank\">Ukrainas<\/a> nord\u00f8stlige Sumy-region de siste m\u00e5nedene, og mange byer har kommet under kraftig angrep. <\/p>\n<p class=\"_paragraph_o9xde_4 _paragraph_xtcu6_10 layout-component text-serif-m layout-normal text-serif-m layout-padded\">Lederen for den ukrainske milit\u00e6re administrasjonen i Sumy-regionen, Oleh Hryhorov, opplyser p\u00e5 Telegram at myndighetene har begynt \u00e5 evakuere innbyggere i grenselandsbyer som tidligere har nektet \u00e5 flytte. <\/p>\n","protected":false},"excerpt":{"rendered":"Russiske styrker har rykket inn i en ukrainsk landsby i Sumy-regionen og tatt med seg rundt 50 innbyggere&hellip;\n","protected":false},"author":2,"featured_media":118870,"comment_status":"","ping_status":"","sticky":false,"template":"","format":"standard","meta":{"footnotes":""},"categories":[5],"tags":[20,21,24,25,15,19,22,23,17,18,13,30,28,29,14,16,26,27,489],"class_list":{"0":"post-118869","1":"post","2":"type-post","3":"status-publish","4":"format-standard","5":"has-post-thumbnail","7":"category-overskrifter","8":"tag-breaking-news","9":"tag-breakingnews","10":"tag-featured-news","11":"tag-featurednews","12":"tag-headlines","13":"tag-hovedoppslag","14":"tag-latest-news","15":"tag-latestnews","16":"tag-main-news","17":"tag-mainnews","18":"tag-news","19":"tag-no","20":"tag-norge","21":"tag-norway","22":"tag-nyheter","23":"tag-overskrifter","24":"tag-top-stories","25":"tag-topstories","26":"tag-ukraina"},"share_on_mastodon":{"url":"https:\/\/pubeurope.com\/@no\/115757734073385699","error":""},"_links":{"self":[{"href":"https:\/\/www.europesays.com\/no\/wp-json\/wp\/v2\/posts\/118869","targetHints":{"allow":["GET"]}}],"collection":[{"href":"https:\/\/www.europesays.com\/no\/wp-json\/wp\/v2\/posts"}],"about":[{"href":"https:\/\/www.europesays.com\/no\/wp-json\/wp\/v2\/types\/post"}],"author":[{"embeddable":true,"href":"https:\/\/www.europesays.com\/no\/wp-json\/wp\/v2\/users\/2"}],"replies":[{"embeddable":true,"href":"https:\/\/www.europesays.com\/no\/wp-json\/wp\/v2\/comments?post=118869"}],"version-history":[{"count":0,"href":"https:\/\/www.europesays.com\/no\/wp-json\/wp\/v2\/posts\/118869\/revisions"}],"wp:featuredmedia":[{"embeddable":true,"href":"https:\/\/www.europesays.com\/no\/wp-json\/wp\/v2\/media\/118870"}],"wp:attachment":[{"href":"https:\/\/www.europesays.com\/no\/wp-json\/wp\/v2\/media?parent=118869"}],"wp:term":[{"taxonomy":"category","embeddable":true,"href":"https:\/\/www.europesays.com\/no\/wp-json\/wp\/v2\/categories?post=118869"},{"taxonomy":"post_tag","embeddable":true,"href":"https:\/\/www.europesays.com\/no\/wp-json\/wp\/v2\/tags?post=118869"}],"curies":[{"name":"wp","href":"https:\/\/api.w.org\/{rel}","templated":true}]}}