{"id":118875,"date":"2025-12-21T13:18:42","date_gmt":"2025-12-21T13:18:42","guid":{"rendered":"https:\/\/www.europesays.com\/no\/118875\/"},"modified":"2025-12-21T13:18:42","modified_gmt":"2025-12-21T13:18:42","slug":"ma-aldri-gi-opp","status":"publish","type":"post","link":"https:\/\/www.europesays.com\/no\/118875\/","title":{"rendered":"\u2013 M\u00e5 aldri gi opp"},"content":{"rendered":"<p>  Den 33 \u00e5r gamle tyske ingeni\u00f8ren Michaela Benthaus ble l\u00f8rdag den f\u00f8rste rullestolbrukeren i verdensrommet.<\/p>\n<p>\n    33 \u00e5r gamle Michaela Benthaus ble l\u00f8rdag den f\u00f8rste rullestolbrukeren i verdensrommet. Foto: Blue Origin \/ AP \/ NTB\n  <\/p>\n<p>Sammen med fem andre passasjerer ble Benthaus skutt opp fra Texas i en rakett fra Jeff Bezos&#8217; selskap Blue Origin.<\/p>\n<p>Prisen p\u00e5 den 10 minutter lange himmelferden er ikke kjent, men billetten ble sponset av Blue Origin og landsmannen Hans Koenigsmann, en pensjonert SpaceX-leder som ogs\u00e5 var med p\u00e5 reisen opp i verdensrommet.<\/p>\n<p>Etter returen til jorda fortalte Benthaus, som ble alvorlig skadet og lam etter en terrengsykkelulykke for sju \u00e5r siden, at hun lo under hele ferden.<\/p>\n<p>        <img loading=\"lazy\" decoding=\"async\" src=\"https:\/\/www.europesays.com\/no\/wp-content\/uploads\/2025\/12\/84014663.webp\" width=\"980\" height=\"559\" title=\"Den 33 \u00e5r gamle tyske ingeni\u00f8ren Michaela Benthaus ble lam i begge beina etter en alvorlig sykkelulykke for sju \u00e5r siden. L\u00f8rdag ble hun den f\u00f8rste rullestolbrukeren i verdensrommet. Foto: Blue Origin \/ AP \/ NTB\" alt=\"\" class=\"\" style=\"--aspect-ratio-image: 1.75; \"\/><\/p>\n<p>\n        Den 33 \u00e5r gamle tyske ingeni\u00f8ren Michaela Benthaus ble lam i begge beina etter en alvorlig sykkelulykke for sju \u00e5r siden. L\u00f8rdag ble hun den f\u00f8rste rullestolbrukeren i verdensrommet. Foto: Blue Origin \/ AP \/ NTB\n    <\/p>\n<p>\u2013 Det var den kuleste opplevelsen, sa hun etter at romkapselen hadde landet.<\/p>\n<p>Blant de 86 romturistene Blue Origin hittil har fraktet opp i verdensrommet, har det b\u00e5de v\u00e6rt et par 90-\u00e5ringer og andre med begrenset mobilitet og nedsatt syn og h\u00f8rsel.<\/p>\n<p>Benthaus er med i Den europeiske romfartsorganisasjonens traineeprogram, og hun opplevde ogs\u00e5 s\u00e5 vidt vektl\u00f8shet under en flytur fra Houston i 2022.<\/p>\n<p>        \u00abSKAL VI DANSE\u00bb: Finalist Tiril Eckhoff viser frem til skjulte talent. Video: Nora Skavhaug\/ R\u00f8d L\u00f8per<\/p>\n<p>Knappe to \u00e5r senere deltok hun ogs\u00e5 i et to uker langt simulert romoppdrag i Polen.<\/p>\n<p>\u2013 Jeg tenkte egentlig aldri at en romferd ville v\u00e6re et reelt alternativ for meg. Selv for en superfrisk person er det hard konkurranse om \u00e5 f\u00e5 bli med, sier hun.<\/p>\n<p>\u2013 Man m\u00e5 aldri gi opp dr\u00f8mmene sine, sa hun etter landingen.<\/p>\n<p>        LANGET UT: Under en markering av j\u00f8diske h\u00f8ytiden hannuka i Det hvite hus ble rivingen av \u00f8stfl\u00f8yen nok en gang tema. Reporter: Jostein Sletten \/ Dagbladet<\/p>\n","protected":false},"excerpt":{"rendered":"Den 33 \u00e5r gamle tyske ingeni\u00f8ren Michaela Benthaus ble l\u00f8rdag den f\u00f8rste rullestolbrukeren i verdensrommet. 33 \u00e5r gamle&hellip;\n","protected":false},"author":2,"featured_media":118876,"comment_status":"","ping_status":"","sticky":false,"template":"","format":"standard","meta":{"footnotes":""},"categories":[12],"tags":[20,21,24,25,15,1820,22,23,13,30,28,29,14,16,26,27,50,42,14234,43,44,45],"class_list":{"0":"post-118875","1":"post","2":"type-post","3":"status-publish","4":"format-standard","5":"has-post-thumbnail","7":"category-verden","8":"tag-breaking-news","9":"tag-breakingnews","10":"tag-featured-news","11":"tag-featurednews","12":"tag-headlines","13":"tag-jeff-bezos","14":"tag-latest-news","15":"tag-latestnews","16":"tag-news","17":"tag-no","18":"tag-norge","19":"tag-norway","20":"tag-nyheter","21":"tag-overskrifter","22":"tag-top-stories","23":"tag-topstories","24":"tag-usa","25":"tag-verden","26":"tag-verdensrom","27":"tag-world","28":"tag-world-news","29":"tag-worldnews"},"share_on_mastodon":{"url":"https:\/\/pubeurope.com\/@no\/115757757731890702","error":""},"_links":{"self":[{"href":"https:\/\/www.europesays.com\/no\/wp-json\/wp\/v2\/posts\/118875","targetHints":{"allow":["GET"]}}],"collection":[{"href":"https:\/\/www.europesays.com\/no\/wp-json\/wp\/v2\/posts"}],"about":[{"href":"https:\/\/www.europesays.com\/no\/wp-json\/wp\/v2\/types\/post"}],"author":[{"embeddable":true,"href":"https:\/\/www.europesays.com\/no\/wp-json\/wp\/v2\/users\/2"}],"replies":[{"embeddable":true,"href":"https:\/\/www.europesays.com\/no\/wp-json\/wp\/v2\/comments?post=118875"}],"version-history":[{"count":0,"href":"https:\/\/www.europesays.com\/no\/wp-json\/wp\/v2\/posts\/118875\/revisions"}],"wp:featuredmedia":[{"embeddable":true,"href":"https:\/\/www.europesays.com\/no\/wp-json\/wp\/v2\/media\/118876"}],"wp:attachment":[{"href":"https:\/\/www.europesays.com\/no\/wp-json\/wp\/v2\/media?parent=118875"}],"wp:term":[{"taxonomy":"category","embeddable":true,"href":"https:\/\/www.europesays.com\/no\/wp-json\/wp\/v2\/categories?post=118875"},{"taxonomy":"post_tag","embeddable":true,"href":"https:\/\/www.europesays.com\/no\/wp-json\/wp\/v2\/tags?post=118875"}],"curies":[{"name":"wp","href":"https:\/\/api.w.org\/{rel}","templated":true}]}}