{"id":118884,"date":"2025-12-21T13:32:08","date_gmt":"2025-12-21T13:32:08","guid":{"rendered":"https:\/\/www.europesays.com\/no\/118884\/"},"modified":"2025-12-21T13:32:08","modified_gmt":"2025-12-21T13:32:08","slug":"omstridt-president-81-gjenvalgt-handballen-fortjener-mer","status":"publish","type":"post","link":"https:\/\/www.europesays.com\/no\/118884\/","title":{"rendered":"Omstridt president (81) gjenvalgt: \u2013 H\u00e5ndballen fortjener mer"},"content":{"rendered":"\n<p class=\"_paragraph_o9xde_4 _paragraph_xtcu6_10 layout-component text-serif-m layout-normal text-serif-m layout-padded\">\u2013 Hassan Moustafa fremst\u00e5r som en presidenttype med en lederstil der sv\u00e6rt mye makt samles rundt \u00e9n person over lang tid, skriver Stanis Elsborg fra organisasjonen Play the GamePlay the GameDansk organisasjon som skriver om og unders\u00f8ker idrettspolitikk. i en e-post til VG.<\/p>\n<p class=\"_paragraph_o9xde_4 _paragraph_xtcu6_10 layout-component text-serif-m layout-normal text-serif-m layout-padded\">Denne helgen sto 81 \u00e5r gamle Moustafa igjen p\u00e5 valg. Den mektige presidenten til det internasjonale h\u00e5ndballforbundet har sittet ved roret i 25 \u00e5r.<\/p>\n<p class=\"_paragraph_o9xde_4 _paragraph_xtcu6_10 layout-component text-serif-m layout-normal text-serif-m layout-padded\">Av totalt 176 stemmer endte Hassan Moustafa opp med 129 av dem, og ble dermed gjenvalgt som president.<\/p>\n<p class=\"_paragraph_o9xde_4 _paragraph_xtcu6_10 layout-component text-serif-m layout-normal text-serif-m layout-padded\">\u2013 La meg uttrykke min dypeste takknemlighet til kollegaene mine og til de som stemte p\u00e5 meg. Tusen takk til dere alle, og jeg lover at jeg vil jobbe dag og natt for \u00e5 promotere sporten v\u00e5r i alle verdenshj\u00f8rner, sa Moustafa etter valgseieren. <\/p>\n<p class=\"_paragraph_o9xde_4 _paragraph_xtcu6_10 layout-component text-serif-m layout-normal text-serif-m layout-padded\">For f\u00f8rste gang siden 2009 hadde han utfordrere, attp\u00e5til trehan utfordrere, attp\u00e5til treDe tre motkandidatene er Franc Bobinac (Slovenia), Gerd Butzeck (Tyskland) og Tjark de Lange (Nederland).<\/p>\n<p>. Moustafa vant valget overlegent, da Franc Bobinac med 24 stemmer endte som nummer to.<\/p>\n<p class=\"_paragraph_o9xde_4 _paragraph_xtcu6_10 layout-component text-serif-m layout-normal text-serif-m layout-padded\">Gerd Butzeck endte med 20 stemmer, mens Tjark de Lange endte med tre.<\/p>\n<p class=\"_paragraph_o9xde_4 _paragraph_xtcu6_10 layout-component text-serif-m layout-normal text-serif-m layout-padded\">H\u00e5ndballpresident Randi Gustad varslet p\u00e5 forh\u00e5nd at Norge <a href=\"https:\/\/www.vg.no\/sport\/i\/Okpbpq\/norsk-haandballpresident-internasjonal-haandball-trenger-et-lederskifte\" data-track-element-type=\"Link\" data-track-id=\"link:Okpbpq\" class=\"_link_o9xde_39\" rel=\"nofollow noopener\" target=\"_blank\">ikke stemmer p\u00e5 den sittende presidenten<\/a>.<\/p>\n<p><img alt=\"President i Norges H\u00e5ndballforbund Randi Gustad.  Foto: Bj\u00f8rn S. Delebekk \/ VG\" class=\"_image_qp4xg_65 layout-component layout-normal\" data-fullscreen- data-track-element-type=\"Article image fullscreen\" data-track-name=\"ImageFullscreen\" decoding=\"async\" loading=\"lazy\" height=\"2099\" itemprop=\"image\"  src=\"https:\/\/www.europesays.com\/no\/wp-content\/uploads\/2025\/12\/3bc36cb5-5741-4f06-b7d8-aa3362aa49c0\"  style=\"object-position:0% 0%\" width=\"2658\"\/>President i Norges H\u00e5ndballforbund Randi Gustad.  Foto: Bj\u00f8rn S. Delebekk \/ VG<\/p>\n<p class=\"_paragraph_o9xde_4 _paragraph_xtcu6_10 layout-component text-serif-m layout-normal text-serif-m layout-padded\">\u2013 Alle er enige i at det m\u00e5 et skifte til, alle er enige i at h\u00e5ndballen fortjener mer. Jeg har ikke m\u00f8tt noen, selv om de skal stemme p\u00e5 Moustafa, som ikke deler mitt overordnede syn p\u00e5 h\u00e5ndball, sa den tyske kandidaten Gerd Butzeck til Politiken f\u00f8r valget.<\/p>\n<p class=\"_paragraph_o9xde_4 _paragraph_xtcu6_10 layout-component text-serif-m layout-normal text-serif-m layout-padded\">S\u00e5, hvorfor betyr det noe hvem som styrer internasjonal h\u00e5ndball? <\/p>\n<p class=\"_paragraph_o9xde_4 _paragraph_xtcu6_10 layout-component text-serif-m layout-normal text-serif-m layout-padded\">\u2013 Han har v\u00e6rt dyktig til \u00e5 bygge og vedlikeholde lojalitet i organisasjonen, blant annet gjennom medlemsutvidelse, utviklingsmidler og kontroll over sentrale utnevnelser. Nettopp dette gj\u00f8r imidlertid systemet b\u00e5de personavhengig og lukket, skriver Elsborg.<\/p>\n<p class=\"_paragraph_o9xde_4 _paragraph_xtcu6_10 layout-component text-serif-m layout-normal text-serif-m layout-padded\">Antall medlemsland i IHF har \u00f8kt voldsomtAntall medlemsland i IHF har \u00f8kt voldsomtFra 137 til 211 nasjoner. i Moustafas regjeringstid.<\/p>\n<p class=\"_paragraph_o9xde_4 _paragraph_xtcu6_10 layout-component text-serif-m layout-normal text-serif-m layout-padded\">Play the Game mener at dette har gjort presidentvalgene n\u00e6rmest symbolske. <\/p>\n<p class=\"_paragraph_o9xde_4 _paragraph_xtcu6_10 layout-component text-serif-m layout-normal text-serif-m layout-padded\">Det er fordi mange av disse landene har lite til ingen h\u00e5ndballaktivitet, men likevel har en stemme som vektlegges like tungt som de st\u00f8rste nasjonene.<\/p>\n<p class=\"_paragraph_o9xde_4 _paragraph_xtcu6_10 layout-component text-serif-m layout-normal text-serif-m layout-padded\">Disse forbundene f\u00e5r ogs\u00e5 utviklingsmidler, en pengest\u00f8tte for \u00e5 utvikle sin h\u00e5ndballaktivitet.<\/p>\n<p class=\"_paragraph_o9xde_4 _paragraph_xtcu6_10 layout-component text-serif-m layout-normal text-serif-m layout-padded\">P\u00e5 denne m\u00e5ten har Moustafa etablert en stabil og forutsigbar stemmebase, skriver Elsborg.<\/p>\n<p class=\"_paragraph_o9xde_4 _paragraph_xtcu6_10 layout-component text-serif-m layout-normal text-serif-m layout-padded\">\u2013 Demokrati handler selvf\u00f8lgelig ikke bare om stemmegivning, men ogs\u00e5 om maktbalanse, ytringsrom og reell mulighet for endring. P\u00e5 disse punktene fremst\u00e5r IHF i dag som sv\u00e6rt s\u00e5rbart, skriver dansken.<\/p>\n<p class=\"_paragraph_o9xde_4 _paragraph_xtcu6_10 layout-component text-serif-m layout-normal text-serif-m layout-padded\">I klartekst mener han at h\u00e5ndballens \u00f8verste leder ikke er en spesielt demokratisk leder.<\/p>\n<p>   211 medlemsland \u2013 men hvor mange driver faktisk med h\u00e5ndball?<\/p>\n<p class=\"_paragraph_o9xde_4 _paragraph_xtcu6_10 _paragraph_16v91_10 layout-component text-serif-m layout-normal text-sans-m layout-padded\">Politikens unders\u00f8kelser viser at hele 62 prosent av medlemslandene i IHF ikke engang har en hjemmeside. 57 prosent har ikke gyldig kontaktadresse, 51 prosent har ingen nasjonal liga og 47 prosent er uten et landslag.<\/p>\n<p class=\"_paragraph_o9xde_4 _paragraph_xtcu6_10 _paragraph_16v91_10 layout-component text-serif-m layout-normal text-sans-m layout-padded\">Likevel teller \u00e9n stemme fra disse landene like mye som stornasjonene Nederland, Norge, Tyskland, Danmark og s\u00e5 videre.<\/p>\n<p class=\"_paragraph_o9xde_4 _paragraph_xtcu6_10 _paragraph_16v91_10 layout-component text-serif-m layout-normal text-sans-m layout-padded\"><a href=\"https:\/\/www.vg.no\/sport\/i\/jlWe3A\/reagerer-paa-norsk-haandball-topp-trist\" data-track-element-type=\"Link\" data-track-id=\"link:jlWe3A\" class=\"_link_o9xde_39\" rel=\"nofollow noopener\" target=\"_blank\">VG reiste i 2023 til en avsidesliggende by i Nepal<\/a>\u00a0der det nasjonale h\u00e5ndballforbundet har sitt hovedkvarter og unders\u00f8kte dette.<\/p>\n<p>Vis mer<\/p>\n<p class=\"_paragraph_o9xde_4 _paragraph_xtcu6_10 layout-component text-serif-m layout-normal text-serif-m layout-padded\">Moustafa er blitt en kontroversiell president i internasjonal idrett.<\/p>\n<p class=\"_paragraph_o9xde_4 _paragraph_xtcu6_10 layout-component text-serif-m layout-normal text-serif-m layout-padded\">Sist helg var han ikke til stede i finalehelgen av kvinnenes h\u00e5ndball-VM. <\/p>\n<p class=\"_paragraph_o9xde_4 _paragraph_xtcu6_10 layout-component text-serif-m layout-normal text-serif-m layout-padded\">Det har f\u00f8rt til spekulasjoner i milj\u00f8et om 81-\u00e5ringens helsetilstand. <\/p>\n<p class=\"_paragraph_o9xde_4 _paragraph_xtcu6_10 layout-component text-serif-m layout-normal text-serif-m layout-padded\">En lekket e-post fra den tidligere franske h\u00e5ndballtoppen Blaise Millon, omtalt av <a href=\"https:\/\/gohandball.com\/the-world\/a-warning-before-cairo-confidential-email-raises-alarm-ahead-of-ihf-congress\" class=\"_link_o9xde_39\" rel=\"nofollow noopener\" target=\"_blank\">GoHandball<\/a>, stiller akkurat dette sp\u00f8rsm\u00e5let.<\/p>\n<p class=\"_paragraph_o9xde_4 _paragraph_xtcu6_10 layout-component text-serif-m layout-normal text-serif-m layout-padded\">IHF sier offisielt at presidenten blant annet m\u00e5tte jobbe med \u00ab30 ul\u00f8ste visums\u00f8knader\u00bb i forkant av helgens kongress.<\/p>\n<p class=\"_paragraph_o9xde_4 _paragraph_xtcu6_10 layout-component text-serif-m layout-normal text-serif-m layout-padded\">\u2013 Det var uheldig \u00e5 miste VM, men kongressen er ogs\u00e5 veldig viktig, sier IHFs kommunikasjonssjef Adrian Costeiu i en uttalelse til VG.<\/p>\n<p class=\"_paragraph_o9xde_4 _paragraph_xtcu6_10 layout-component text-serif-m layout-normal text-serif-m layout-padded\">\u2013 Jeg forsikrer deg om at han er ved god helse og ser frem til \u00e5 \u00f8nske delegatene velkommen til kongressen i Kairo.<\/p>\n<p class=\"_paragraph_o9xde_4 _paragraph_xtcu6_10 layout-component text-serif-m layout-normal text-serif-m layout-padded\">IHF-kongressen avholdes i disse dager i Kairo, Moustafas hjemby. <\/p>\n<p class=\"_paragraph_o9xde_4 _paragraph_xtcu6_10 layout-component text-serif-m layout-normal text-serif-m layout-padded\">Den var i utgangspunktet planlagt til november, n\u00e5 avholdes den rett f\u00f8r jul.<\/p>\n<p class=\"_paragraph_o9xde_4 _paragraph_xtcu6_10 layout-component text-serif-m layout-normal text-serif-m layout-padded\">H\u00e5ndballpresident Randi Gustad leder den norske delegasjonen. Hun ber VG sp\u00f8rre IHF om hvorfor den ble flyttet.<\/p>\n<p class=\"_paragraph_o9xde_4 _paragraph_xtcu6_10 layout-component text-serif-m layout-normal text-serif-m layout-padded\">\u2013 Det er mange av nasjonene som n\u00e5 skal inn i en h\u00f8ytid med et litt annet fokus.<\/p>\n<p class=\"_paragraph_o9xde_4 _paragraph_xtcu6_10 layout-component text-serif-m layout-normal text-serif-m layout-padded\">IHF selv sier at logistiske utfordringer gjorde at kongressen m\u00e5tte flyttes til siste helg f\u00f8r jul.<\/p>\n<p class=\"_paragraph_o9xde_4 _paragraph_xtcu6_10 layout-component text-serif-m layout-normal text-serif-m layout-padded\">Men s\u00e5. Hvilke reelle muligheter er det for endring i denne organisasjonen?<\/p>\n<p class=\"_paragraph_o9xde_4 _paragraph_xtcu6_10 layout-component text-serif-m layout-normal text-serif-m layout-padded\">Sv\u00e6rt sm\u00e5, skriver Elsborg.<\/p>\n<p class=\"_paragraph_o9xde_4 _paragraph_xtcu6_10 layout-component text-serif-m layout-normal text-serif-m layout-padded\"><strong class=\"_strong_o9xde_25\">\u2013 Historien fra andre idretter viser at reformer sjelden skjer frivillig i systemer med sterkt konsentrert makt. De skjer n\u00e5r legitimiteten utfordres, og n\u00e5r kostnaden ved \u00e5 fortsette som f\u00f8r blir h\u00f8yere enn kostnaden ved \u00e5 endre seg.<\/strong><\/p>\n","protected":false},"excerpt":{"rendered":"\u2013 Hassan Moustafa fremst\u00e5r som en presidenttype med en lederstil der sv\u00e6rt mye makt samles rundt \u00e9n person&hellip;\n","protected":false},"author":2,"featured_media":118885,"comment_status":"","ping_status":"","sticky":false,"template":"","format":"standard","meta":{"footnotes":""},"categories":[59],"tags":[105,9443,30,28,29,83,82],"class_list":{"0":"post-118884","1":"post","2":"type-post","3":"status-publish","4":"format-standard","5":"has-post-thumbnail","7":"category-sport","8":"tag-handball","9":"tag-handball-vm","10":"tag-no","11":"tag-norge","12":"tag-norway","13":"tag-sport","14":"tag-sports"},"share_on_mastodon":{"url":"https:\/\/pubeurope.com\/@no\/115757812606920556","error":""},"_links":{"self":[{"href":"https:\/\/www.europesays.com\/no\/wp-json\/wp\/v2\/posts\/118884","targetHints":{"allow":["GET"]}}],"collection":[{"href":"https:\/\/www.europesays.com\/no\/wp-json\/wp\/v2\/posts"}],"about":[{"href":"https:\/\/www.europesays.com\/no\/wp-json\/wp\/v2\/types\/post"}],"author":[{"embeddable":true,"href":"https:\/\/www.europesays.com\/no\/wp-json\/wp\/v2\/users\/2"}],"replies":[{"embeddable":true,"href":"https:\/\/www.europesays.com\/no\/wp-json\/wp\/v2\/comments?post=118884"}],"version-history":[{"count":0,"href":"https:\/\/www.europesays.com\/no\/wp-json\/wp\/v2\/posts\/118884\/revisions"}],"wp:featuredmedia":[{"embeddable":true,"href":"https:\/\/www.europesays.com\/no\/wp-json\/wp\/v2\/media\/118885"}],"wp:attachment":[{"href":"https:\/\/www.europesays.com\/no\/wp-json\/wp\/v2\/media?parent=118884"}],"wp:term":[{"taxonomy":"category","embeddable":true,"href":"https:\/\/www.europesays.com\/no\/wp-json\/wp\/v2\/categories?post=118884"},{"taxonomy":"post_tag","embeddable":true,"href":"https:\/\/www.europesays.com\/no\/wp-json\/wp\/v2\/tags?post=118884"}],"curies":[{"name":"wp","href":"https:\/\/api.w.org\/{rel}","templated":true}]}}