{"id":118886,"date":"2025-12-21T13:38:13","date_gmt":"2025-12-21T13:38:13","guid":{"rendered":"https:\/\/www.europesays.com\/no\/118886\/"},"modified":"2025-12-21T13:38:13","modified_gmt":"2025-12-21T13:38:13","slug":"blalys-honefoss-mann-la-midt-i-gata-etterforsker-hva-som-har-skjedd-med-ham","status":"publish","type":"post","link":"https:\/\/www.europesays.com\/no\/118886\/","title":{"rendered":"Bl\u00e5lys, H\u00f8nefoss | Mann l\u00e5 midt i gata: \u2013 Etterforsker hva som har skjedd med ham"},"content":{"rendered":"\n<p>Klokka 00.26 p\u00e5kalte en mann i slutten av ten\u00e5rene seg politiets oppmerksomhet i sentrum.<\/p>\n<p><b>\u2013 Han var ruset eller beruset og ble bortvist fra stedet av politiet, opplyser operasjonsleder ved politiet i S\u00f8r-\u00d8st, Espen Reite. <\/b><\/p>\n<p>L\u00e5 midt i gata<\/p>\n<p>Klokka 00.52 var b\u00e5de politi og ambulanse p\u00e5 vei til Flattumsgate i H\u00f8nefoss sentrum, etter melding om en person som l\u00e5 midt i gata.<\/p>\n<p>Noen minutter senere var politiet fremme p\u00e5 stedet.<\/p>\n<p>\u2013 Vi fikk lokalisert mannen i Stabelsgate, opplyser Reite.<\/p>\n<p>Patruljen og helsepersonell unders\u00f8kte mannen n\u00e6rmere.<\/p>\n<p><b>\u2013 Personen kj\u00f8res sykehus for unders\u00f8kelse\/behandling. Det er s\u00e5 langt ingen vitner til hendelsen, informerer operasjonslederen.<\/b><\/p>\n<p>Forn\u00e6rmede er en mann i 30-\u00e5rene.<\/p>\n<p>\u2013 Det etterforskes videre hva som har skjedd med ham. Han er til behandling p\u00e5 sykehuset, avslutter Reite.<\/p>\n<p><b>S\u00f8ndag ettermiddag er det ingen nye opplysninger om \u00e5rsaken til hendelsen. <\/b><\/p>\n<p>  <a href=\"https:\/\/www.ringblad.no\/5-45-2157512\" class=\"related-teaser has-image default-story-teaser article--c-eRUmMG article--c-eRUmMG-jKCPdD-design-default\" rel=\"nofollow noopener\" target=\"_blank\"><\/p>\n<p>    <img decoding=\"async\" loading=\"lazy\"  src=\"https:\/\/www.europesays.com\/no\/wp-content\/uploads\/2025\/12\/Holeveien+bil2.jpg\" alt=\"\" class=\"brick-c-cFOWSL\" style=\"\"\/><\/p>\n<p>\n            Les ogs\u00e5<\/p>\n<p>              Kj\u00f8rte ned skilt og havnet p\u00e5 jordet: \u2013 Det er glatt\n        <\/p>\n<p>  <\/a><br \/>\n  Ble satt i arrest<\/p>\n<p>Klokka 01.18 tok vektere ved et utested i H\u00f8nefoss kontakt med en patrulje etter at en gjest hadde ugrei oppf\u00f8rsel.<\/p>\n<p>\u2013 Involverte, mann i 30-\u00e5rene ble bortvist fra sentrum av patruljen, opplyser operasjonsleder Reite.<\/p>\n<p>Klokka 02. 07 melder politiet at mannen valgte \u00e5 ikke etterkomme p\u00e5legg fra politiet.<\/p>\n<p><b>\u2013 Han var aggressiv mot patruljen og blir innbrakt til arrest, anmeldt for brudd p\u00e5 p\u00e5legg, samt forulemping av offentlig tjenesteperson, sier Reite. <\/b><\/p>\n<p>Innbrudd i garasje<\/p>\n<p>Ved 22-tiden l\u00f8rdag kveld, var politiet ved Linneasvingen p\u00e5 Jevnaker og gjennomf\u00f8rte en \u00e5stedsunders\u00f8kelse etter melding om at det i l\u00f8pet av natten hadde v\u00e6rt innbrudd i en garasje.<\/p>\n<p>\u2013 Det skal ha blitt stj\u00e5let fiskeutstyr, motorsag, kantklipper og verkt\u00f8y. Patruljen oppretter sak, opplyste operasjonssentralen.<\/p>\n<p>  <a href=\"https:\/\/www.ringblad.no\/5-45-2157156\" class=\"related-teaser has-image default-story-teaser article--c-eRUmMG article--c-eRUmMG-jKCPdD-design-default\" rel=\"nofollow noopener\" target=\"_blank\"><\/p>\n<p>    <img decoding=\"async\" loading=\"lazy\"  src=\"https:\/\/www.europesays.com\/no\/wp-content\/uploads\/2025\/12\/Ambulanse+Vesterntangen.jpg\" alt=\"\" class=\"brick-c-cFOWSL\" style=\"\"\/><\/p>\n<p>\n            Les ogs\u00e5<\/p>\n<p>              Aggressiv mann hadde vondt: \u2013 Var godt beruset\n        <\/p>\n<p>  <\/a><\/p>\n","protected":false},"excerpt":{"rendered":"Klokka 00.26 p\u00e5kalte en mann i slutten av ten\u00e5rene seg politiets oppmerksomhet i sentrum. \u2013 Han var ruset&hellip;\n","protected":false},"author":2,"featured_media":6127,"comment_status":"","ping_status":"","sticky":false,"template":"","format":"standard","meta":{"footnotes":""},"categories":[10],"tags":[36,2840,20,21,24,25,15,341,3149,22,23,13,30,28,29,14,16,1510,26,27],"class_list":{"0":"post-118886","1":"post","2":"type-post","3":"status-publish","4":"format-standard","5":"has-post-thumbnail","7":"category-norge","8":"tag-art","9":"tag-blalys","10":"tag-breaking-news","11":"tag-breakingnews","12":"tag-featured-news","13":"tag-featurednews","14":"tag-headlines","15":"tag-honefoss","16":"tag-kriminalitet-og-rettsvesen","17":"tag-latest-news","18":"tag-latestnews","19":"tag-news","20":"tag-no","21":"tag-norge","22":"tag-norway","23":"tag-nyheter","24":"tag-overskrifter","25":"tag-story","26":"tag-top-stories","27":"tag-topstories"},"share_on_mastodon":{"url":"https:\/\/pubeurope.com\/@no\/115757836439711374","error":""},"_links":{"self":[{"href":"https:\/\/www.europesays.com\/no\/wp-json\/wp\/v2\/posts\/118886","targetHints":{"allow":["GET"]}}],"collection":[{"href":"https:\/\/www.europesays.com\/no\/wp-json\/wp\/v2\/posts"}],"about":[{"href":"https:\/\/www.europesays.com\/no\/wp-json\/wp\/v2\/types\/post"}],"author":[{"embeddable":true,"href":"https:\/\/www.europesays.com\/no\/wp-json\/wp\/v2\/users\/2"}],"replies":[{"embeddable":true,"href":"https:\/\/www.europesays.com\/no\/wp-json\/wp\/v2\/comments?post=118886"}],"version-history":[{"count":0,"href":"https:\/\/www.europesays.com\/no\/wp-json\/wp\/v2\/posts\/118886\/revisions"}],"wp:featuredmedia":[{"embeddable":true,"href":"https:\/\/www.europesays.com\/no\/wp-json\/wp\/v2\/media\/6127"}],"wp:attachment":[{"href":"https:\/\/www.europesays.com\/no\/wp-json\/wp\/v2\/media?parent=118886"}],"wp:term":[{"taxonomy":"category","embeddable":true,"href":"https:\/\/www.europesays.com\/no\/wp-json\/wp\/v2\/categories?post=118886"},{"taxonomy":"post_tag","embeddable":true,"href":"https:\/\/www.europesays.com\/no\/wp-json\/wp\/v2\/tags?post=118886"}],"curies":[{"name":"wp","href":"https:\/\/api.w.org\/{rel}","templated":true}]}}