{"id":118887,"date":"2025-12-21T13:39:13","date_gmt":"2025-12-21T13:39:13","guid":{"rendered":"https:\/\/www.europesays.com\/no\/118887\/"},"modified":"2025-12-21T13:39:13","modified_gmt":"2025-12-21T13:39:13","slug":"sapeglatte-veier","status":"publish","type":"post","link":"https:\/\/www.europesays.com\/no\/118887\/","title":{"rendered":"S\u00e5peglatte veier"},"content":{"rendered":"<p>  Det \u00abrenner inn meldinger\u00bb om trafikkulykker p\u00e5 E6 i \u00d8st politidistrikt. I vest ringes Vegtrafikksentralen ned av sinte bilister.\u00a0\u00a0<\/p>\n<p>\n    GLATT: S\u00e5peglatte veier skaper tr\u00f8bbel p\u00e5 veien s\u00f8ndag. Skjermdump: Statens vegvesen\n  <\/p>\n<p>&#8211; Det renner inn meldinger om trafikkulykker p\u00e5 E6 b\u00e5de nord og s\u00f8r for Oslo, ingen framst\u00e5r alvorlige p\u00e5 n\u00e5v\u00e6rende tidspunkt.\u00a0<\/p>\n<p>Det skriver \u00d8st politidistrikt i politiloggen klokka 11.29.<\/p>\n<p class=\"font-weight-bold m-font-weight-bold\" data-lab-font_weight=\"font-weight-bold\">&#8211; Trafikale utfordringer m\u00e5 p\u00e5regnes utover dagen p\u00e5 grunn av glatte veier. Sko dere etter forholdene, kj\u00f8r forsiktig og hold god avstand til forankj\u00f8rende.<\/p>\n<ul class=\"font-weight-normal m-font-weight-normal\" data-lab-font_weight=\"font-weight-normal\">\n<li class=\"lab-bodytext-line\">Klokka 10.07 meldte \u00d8st politidistrikt at n\u00f8detatene rykket ut til en bil som hadde slidd av veien. F\u00f8rer ble kj\u00f8rt til sykehus med lettere skader.<\/li>\n<li class=\"lab-bodytext-line\">Klokka 10.11 meldte politiet at en bil hadde kj\u00f8rt i autovernet p\u00e5 E6.\u00a0\n<p>\u00abPatruljen vurderer E6 til \u00e5 v\u00e6re s\u00e5pass glatt at det ikke er forsvarlig \u00e5 \u00e5pne for fri ferdsel igjen f\u00f8r saltbilen har v\u00e6rt p\u00e5 stedet\u00bb, skrev politiet.\u00a0<\/p>\n<\/li>\n<li class=\"lab-bodytext-line\">\n<p class=\"lab-bodytext-line\">Klokka 11.02 meldte politiet at en bil hadde kj\u00f8rt av veien. Ingen ble skadd.\u00a0<\/p>\n<\/li>\n<li class=\"lab-bodytext-line\">\n<p class=\"lab-bodytext-line\">Klokka 12.10 meldte politiet at de hadde rykket ut i forbindelse med et trafikkuhell.\u00a0<\/p>\n<\/li>\n<\/ul>\n<p>    <a itemprop=\"url\" href=\"https:\/\/www.dagbladet.no\/nyheter\/hardt-ut-mot-norge-og-nato\/84016275\" rel=\"nofollow noopener\" target=\"_blank\"><\/p>\n<p>        <img loading=\"lazy\" decoding=\"async\" src=\"https:\/\/www.europesays.com\/no\/wp-content\/uploads\/2025\/12\/84016282.webp\" width=\"147\" height=\"98\" title=\"Hardt ut mot Norge og Nato\" alt=\"\" class=\"lazyload\" style=\"--aspect-ratio-image: 1.50; \"\/><\/p>\n<p>        Hardt ut mot Norge og Nato<\/p>\n<p>    <\/a><\/p>\n<p>Kolliderte med autovern\t<\/p>\n<p class=\"font-weight-normal m-font-weight-normal\" data-lab-font_weight=\"font-weight-normal\">\u00d8st politidistrikt meldte ogs\u00e5 klokka 10.30 at n\u00f8detatene hadde rykket ut p\u00e5 et trafikkuhell p\u00e5 E6 nordg\u00e5ende ved Kalnes i Sarpsborg.\u00a0<\/p>\n<p class=\"font-weight-normal m-font-weight-normal\" data-lab-font_weight=\"font-weight-normal\">&#8211; En personbil skal ha mistet veigrepet og krasjet inn i autovernet. Meldes om at det er sv\u00e6rt glatt p\u00e5 stedet, og trafikanter som ferdes ute i trafikken bes om \u00e5 avpasse farten etter forholdene.\u00a0<\/p>\n<p class=\"font-weight-normal m-font-weight-normal\" data-lab-font_weight=\"font-weight-normal\">F\u00f8rer av bilen hevdet seg uskadd, men ble tatt med til sykehus for en helseunders\u00f8kelse. Ingen andre biler var involvert i trafikkuhellet.<\/p>\n<p class=\"font-weight-normal m-font-weight-normal\" data-lab-font_weight=\"font-weight-normal\">&#8211; E6 nordg\u00e5ende er stengt til man har f\u00e5tt fjernet bilen av veibanen. Bilen st\u00e5r n\u00e5 tvers midt p\u00e5 E6, skrev politiet tre minutter seinere.\u00a0<\/p>\n<p class=\"font-weight-normal m-font-weight-normal\" data-lab-font_weight=\"font-weight-normal\">Klokka 10.41 skrev politiet:\u00a0<\/p>\n<p class=\"font-weight-bold m-font-weight-bold\" data-lab-font_weight=\"font-weight-bold\">&#8211; Er s\u00e5 glatt p\u00e5 E6 at den stenges p\u00e5 stedet frem til entrepren\u00f8r har f\u00e5tt str\u00f8dd p\u00e5 stedet.<\/p>\n<p class=\"font-weight-normal m-font-weight-normal\" data-lab-font_weight=\"font-weight-normal\">E6 nordg\u00e5ende ble sperret fra Leikvoll-krysset, opplyste politiet.<\/p>\n<p class=\"font-weight-normal m-font-weight-normal\" data-lab-font_weight=\"font-weight-normal\">&#8211; Omkj\u00f8ring blir da Gamle kongevei frem til det blir str\u00f8dd p\u00e5 E6.<\/p>\n<p class=\"font-weight-normal m-font-weight-normal\" data-lab-font_weight=\"font-weight-normal\">Klokka 11.10 meldte politiet at det var saltet p\u00e5 veien og at E6 nordg\u00e5ende ble \u00e5pnet for normal trafikk.<\/p>\n<p class=\"font-weight-normal m-font-weight-normal\" data-lab-font_weight=\"font-weight-normal\">&#8211; Men det bes om \u00e5 kj\u00f8re aktsomt og etter forholdene da det er sv\u00e6rt glatt mange steder i distriktet.<\/p>\n<p>    <a itemprop=\"url\" href=\"https:\/\/www.dagbladet.no\/nyheter\/erkjenner-ikke-straffskyld\/84016593\" rel=\"nofollow noopener\" target=\"_blank\"><\/p>\n<p>        <img loading=\"lazy\" decoding=\"async\" src=\"https:\/\/www.europesays.com\/no\/wp-content\/uploads\/2025\/12\/84016601.webp\" width=\"147\" height=\"98\" title=\"Erkjenner ikke straffskyld\" alt=\"\" class=\"lazyload\" style=\"--aspect-ratio-image: 1.50; \"\/><\/p>\n<p>        Erkjenner ikke straffskyld<\/p>\n<p>    <\/a><\/p>\n<p>&#8211; Sinte\t<\/p>\n<p class=\"font-weight-normal m-font-weight-normal\" data-lab-font_weight=\"font-weight-normal\">Ogs\u00e5 vest i landet er det glatt.\u00a0<\/p>\n<p class=\"font-weight-normal m-font-weight-normal\" data-lab-font_weight=\"font-weight-normal\"><a href=\"https:\/\/www.bt.no\/trafikk\/i\/d4dyvJ\/hjem-til-jul-2025?pinnedEntry=327891\" rel=\"nofollow noopener\" target=\"_blank\">Bergens Tidende<\/a> skrever at bilister i hele Vestland har ringt\u00a0 trafikkoperat\u00f8r Tina Fjelldavli siden klokka 06.30 s\u00f8ndag morgen for \u00e5 melde fra om glatte veier.<\/p>\n<p class=\"font-weight-normal m-font-weight-normal\" data-lab-font_weight=\"font-weight-normal\">Det skal v\u00e6re et gjentakende ankepunkt at det ikke er str\u00f8dd p\u00e5 veiene.\u00a0<\/p>\n<p class=\"font-weight-bold m-font-weight-bold\" data-lab-font_weight=\"font-weight-bold\">&#8211; Det er en del av innringerne som er sinte, og mange ganger er det litt forst\u00e5elig, sier Fjelldavli til avisa.\u00a0<\/p>\n<p class=\"font-weight-normal m-font-weight-normal\" data-lab-font_weight=\"font-weight-normal\">Det er meldt om glatt vei p\u00e5 E16 fra Stanghelle til Indre Arna og p\u00e5 Sj\u00f8linjen fra sentrum og videre ut mot Os p\u00e5 E39, skriver Bergens Bitende.\u00a0<\/p>\n<p class=\"font-weight-normal m-font-weight-normal\" data-lab-font_weight=\"font-weight-normal\">&#8211; Det er sikkert mange andre steder det er glatt ogs\u00e5. Det har fryst p\u00e5 mange steder n\u00e5 n\u00e5r v\u00e6ret har klarnet opp. Folk m\u00e5 kj\u00f8re forsiktig, sier Fjelldavli.<\/p>\n","protected":false},"excerpt":{"rendered":"Det \u00abrenner inn meldinger\u00bb om trafikkulykker p\u00e5 E6 i \u00d8st politidistrikt. I vest ringes Vegtrafikksentralen ned av sinte&hellip;\n","protected":false},"author":2,"featured_media":118888,"comment_status":"","ping_status":"","sticky":false,"template":"","format":"standard","meta":{"footnotes":""},"categories":[5],"tags":[20,21,24,25,15,19,2539,22,23,17,18,13,30,28,29,14,16,26,27],"class_list":{"0":"post-118887","1":"post","2":"type-post","3":"status-publish","4":"format-standard","5":"has-post-thumbnail","7":"category-overskrifter","8":"tag-breaking-news","9":"tag-breakingnews","10":"tag-featured-news","11":"tag-featurednews","12":"tag-headlines","13":"tag-hovedoppslag","14":"tag-innenriks","15":"tag-latest-news","16":"tag-latestnews","17":"tag-main-news","18":"tag-mainnews","19":"tag-news","20":"tag-no","21":"tag-norge","22":"tag-norway","23":"tag-nyheter","24":"tag-overskrifter","25":"tag-top-stories","26":"tag-topstories"},"share_on_mastodon":{"url":"https:\/\/pubeurope.com\/@no\/115757840110019457","error":""},"_links":{"self":[{"href":"https:\/\/www.europesays.com\/no\/wp-json\/wp\/v2\/posts\/118887","targetHints":{"allow":["GET"]}}],"collection":[{"href":"https:\/\/www.europesays.com\/no\/wp-json\/wp\/v2\/posts"}],"about":[{"href":"https:\/\/www.europesays.com\/no\/wp-json\/wp\/v2\/types\/post"}],"author":[{"embeddable":true,"href":"https:\/\/www.europesays.com\/no\/wp-json\/wp\/v2\/users\/2"}],"replies":[{"embeddable":true,"href":"https:\/\/www.europesays.com\/no\/wp-json\/wp\/v2\/comments?post=118887"}],"version-history":[{"count":0,"href":"https:\/\/www.europesays.com\/no\/wp-json\/wp\/v2\/posts\/118887\/revisions"}],"wp:featuredmedia":[{"embeddable":true,"href":"https:\/\/www.europesays.com\/no\/wp-json\/wp\/v2\/media\/118888"}],"wp:attachment":[{"href":"https:\/\/www.europesays.com\/no\/wp-json\/wp\/v2\/media?parent=118887"}],"wp:term":[{"taxonomy":"category","embeddable":true,"href":"https:\/\/www.europesays.com\/no\/wp-json\/wp\/v2\/categories?post=118887"},{"taxonomy":"post_tag","embeddable":true,"href":"https:\/\/www.europesays.com\/no\/wp-json\/wp\/v2\/tags?post=118887"}],"curies":[{"name":"wp","href":"https:\/\/api.w.org\/{rel}","templated":true}]}}