{"id":118893,"date":"2025-12-21T13:45:23","date_gmt":"2025-12-21T13:45:23","guid":{"rendered":"https:\/\/www.europesays.com\/no\/118893\/"},"modified":"2025-12-21T13:45:23","modified_gmt":"2025-12-21T13:45:23","slug":"avslorer-ny-jobb-3","status":"publish","type":"post","link":"https:\/\/www.europesays.com\/no\/118893\/","title":{"rendered":"Avsl\u00f8rer ny jobb"},"content":{"rendered":"<p class=\"kicker \" style=\"\">Antonio Careri:\u00a0<\/p>\n<p>  Den italienske proffdanseren er ikke ferdig med Norge med det f\u00f8rste.\u00a0<\/p>\n<p>\n    NY JOBB: Antonio Careri har f\u00e5tt en ny jobb i Norge. Her sammen med \u00abSkal vi danse\u00bb-deltaker Tale Torjussen. Foto: Thomas Andersen \/ TV 2\n  <\/p>\n<p id=\"text\" class=\"svelte-1bgec1z\">I samarbeid med<\/p>\n<p>     <img decoding=\"async\" src=\"https:\/\/www.europesays.com\/no\/wp-content\/uploads\/2025\/12\/fishermansFriend.png\" alt=\"kommersiell logo\" class=\"svelte-1bgec1z\"\/>          <\/p>\n<p>\u00c5rets \u00abSkal vi danse\u00bb er over for denne gang. L\u00f8rdag ble vinnerne k\u00e5ret, og det var\u00a0 influenser Tale Torjussen (20) og proffdanser Antonio Careri (27), som stakk av med seieren denne gangen.\u00a0<\/p>\n<p>    <a itemprop=\"url\" href=\"https:\/\/www.seher.no\/kjendis\/vant-skal-vi-danse\/84014367\" rel=\"nofollow noopener\" target=\"_blank\"><\/p>\n<p>        <img loading=\"lazy\" decoding=\"async\" src=\"https:\/\/www.europesays.com\/no\/wp-content\/uploads\/2025\/12\/84014127.webp\" width=\"980\" height=\"441\" title=\"Vant \u00abSkal vi danse\u00bb\" alt=\"\" class=\"lazyload\" style=\"--aspect-ratio-image: 2.22; \"\/><\/p>\n<p>        Vant \u00abSkal vi danse\u00bb<\/p>\n<p>    <\/a><\/p>\n<p>Antonio debuterte som proffdanser i norske \u00abSkal vi danse\u00bb i \u00e5r, og har sammen med Tale danset seg helt til finalen.\u00a0<\/p>\n<p>        <img loading=\"lazy\" decoding=\"async\" src=\"https:\/\/www.europesays.com\/no\/wp-content\/uploads\/2025\/12\/84015604.webp\" width=\"667\" height=\"587\" title=\"VANT: Tale Torjussen og Antonio stakk av med seieren i \u00abSkal vi danse\u00bb. Foto: Thomas Andersen \/ TV 2\" alt=\"\" class=\"\" style=\"--aspect-ratio-image: 1.14; \"\/><\/p>\n<p>\n        VANT: Tale Torjussen og Antonio stakk av med seieren i \u00abSkal vi danse\u00bb. Foto: Thomas Andersen \/ TV 2\n    <\/p>\n<p>Men n\u00e5r finalen er over, m\u00e5 27-\u00e5ringen som opprinnelig er fra Italia, forlate Norge. Han har nemlig arbeidstillatelse i landet frem til \u00abSkal vi danse\u00bb-kontrakten tar slutt.\u00a0<\/p>\n<p class=\"font-weight-bold m-font-weight-bold\" data-lab-font_weight=\"font-weight-bold\">N\u00e5 viser det seg at Antonio likevel ikke er helt ferdig med Norge.<\/p>\n<p>        SKAL VI DANSE: Under finalens f\u00f8rste dans ser det ut til at Viggo Venn plutselig mister balansen. Video: TV2 og R\u00f8d L\u00f8per. Reporter: Thea Hope<\/p>\n<p>Den italienske proffdanseren skal nemlig v\u00e6re en del av danseforestillingen \u00abDancing Stars by The Professionals\u00bb, som skal ut p\u00e5 turn\u00e9 flere steder i landet p\u00e5 ny\u00e5ret. Det bekrefter han til Se og H\u00f8r etter l\u00f8rdagens finale.\u00a0<\/p>\n<p>        <img loading=\"lazy\" decoding=\"async\" src=\"https:\/\/www.europesays.com\/no\/wp-content\/uploads\/2025\/12\/84015584.webp\" width=\"686\" height=\"460\" title=\"TILBAKE: Det blir alts\u00e5 gjensyn med Norge for den italienske proffdanseren. Foto: Jonas Been Henriksen \/ NTB\" alt=\"\" class=\"\" style=\"--aspect-ratio-image: 1.49; \"\/><\/p>\n<p>\n        TILBAKE: Det blir alts\u00e5 gjensyn med Norge for den italienske proffdanseren. Foto: Jonas Been Henriksen \/ NTB\n    <\/p>\n<p class=\"font-weight-bold m-font-weight-bold\" data-lab-font_weight=\"font-weight-bold\">\u00abDet viser seg at Antonio Careri likevel ikke tar farvel med Norge. Han er det nyeste tilskuddet i casten p\u00e5 Norgesturn\u00e9en til &#8216;Dancing Stars by The Professionals&#8217;\u00bb, lyder det ogs\u00e5 i en pressemelding fra danseselskapet.<\/p>\n<p>\u00abProffdanserne drar med seg danseskoene og drar til 15 forskjellige lokasjoner, og over 10 000 billetter er ute for salg\u00bb, st\u00e5r det videre.\u00a0<\/p>\n","protected":false},"excerpt":{"rendered":"Antonio Careri:\u00a0 Den italienske proffdanseren er ikke ferdig med Norge med det f\u00f8rste.\u00a0 NY JOBB: Antonio Careri har&hellip;\n","protected":false},"author":2,"featured_media":118894,"comment_status":"","ping_status":"","sticky":false,"template":"","format":"standard","meta":{"footnotes":""},"categories":[10],"tags":[9874,20,21,24,25,15,479,2543,22,23,13,30,28,29,14,16,2280,9875,26,27],"class_list":{"0":"post-118893","1":"post","2":"type-post","3":"status-publish","4":"format-standard","5":"has-post-thumbnail","7":"category-norge","8":"tag-antonio-careri","9":"tag-breaking-news","10":"tag-breakingnews","11":"tag-featured-news","12":"tag-featurednews","13":"tag-headlines","14":"tag-kjendis","15":"tag-kjendisdesken","16":"tag-latest-news","17":"tag-latestnews","18":"tag-news","19":"tag-no","20":"tag-norge","21":"tag-norway","22":"tag-nyheter","23":"tag-overskrifter","24":"tag-skal-vi-danse","25":"tag-tale-torjussen","26":"tag-top-stories","27":"tag-topstories"},"share_on_mastodon":{"url":"https:\/\/pubeurope.com\/@no\/115757863831783757","error":""},"_links":{"self":[{"href":"https:\/\/www.europesays.com\/no\/wp-json\/wp\/v2\/posts\/118893","targetHints":{"allow":["GET"]}}],"collection":[{"href":"https:\/\/www.europesays.com\/no\/wp-json\/wp\/v2\/posts"}],"about":[{"href":"https:\/\/www.europesays.com\/no\/wp-json\/wp\/v2\/types\/post"}],"author":[{"embeddable":true,"href":"https:\/\/www.europesays.com\/no\/wp-json\/wp\/v2\/users\/2"}],"replies":[{"embeddable":true,"href":"https:\/\/www.europesays.com\/no\/wp-json\/wp\/v2\/comments?post=118893"}],"version-history":[{"count":0,"href":"https:\/\/www.europesays.com\/no\/wp-json\/wp\/v2\/posts\/118893\/revisions"}],"wp:featuredmedia":[{"embeddable":true,"href":"https:\/\/www.europesays.com\/no\/wp-json\/wp\/v2\/media\/118894"}],"wp:attachment":[{"href":"https:\/\/www.europesays.com\/no\/wp-json\/wp\/v2\/media?parent=118893"}],"wp:term":[{"taxonomy":"category","embeddable":true,"href":"https:\/\/www.europesays.com\/no\/wp-json\/wp\/v2\/categories?post=118893"},{"taxonomy":"post_tag","embeddable":true,"href":"https:\/\/www.europesays.com\/no\/wp-json\/wp\/v2\/tags?post=118893"}],"curies":[{"name":"wp","href":"https:\/\/api.w.org\/{rel}","templated":true}]}}