{"id":118897,"date":"2025-12-21T13:51:37","date_gmt":"2025-12-21T13:51:37","guid":{"rendered":"https:\/\/www.europesays.com\/no\/118897\/"},"modified":"2025-12-21T13:51:37","modified_gmt":"2025-12-21T13:51:37","slug":"russisk-fartoy-pa-sanksjonslister-ankret-opp-i-sverige-tollvesenet-har-bordet","status":"publish","type":"post","link":"https:\/\/www.europesays.com\/no\/118897\/","title":{"rendered":"Russisk fart\u00f8y p\u00e5 sanksjonslister ankret opp i Sverige \u2013 tollvesenet har bordet"},"content":{"rendered":"<p class=\"extendedContent hyperion-css-p6op2h\" data-test-tag=\"lead-text\">Det svenske tollvesenet og kystvakten har g\u00e5tt om bord i et russisk fart\u00f8y som har ankret opp utenfor H\u00f6gan\u00e4s i Sk\u00e5ne. Skipet st\u00e5r p\u00e5 flere sanksjonslister.<\/p>\n<p>forrige<\/p>\n<ul class=\"carousel-container-viewport\" style=\"transform:translate3d(0%, 0, 0)\">\n<li class=\"carousel-slide\" style=\"z-index:1;filter:none(1);padding-bottom:70.57894%\"><img decoding=\"async\" class=\"image-asset hyperion-css-u06ts1\" data-test-tag=\"image-asset\" src=\"https:\/\/www.europesays.com\/no\/wp-content\/uploads\/2025\/12\/cf6a552e-a176-462f-bd54-73935295f824\"  alt=\"Det russiske fart\u00f8yet Adler har ankret opp i svensk farvann utenfor Sk\u00e5ne s\u00f8ndag. \"  loading=\"lazy\" fetchpriority=\"auto\" style=\"aspect-ratio:1900 \/ 1341\"\/><\/li>\n<li class=\"carousel-slide\" style=\"filter:none(0.3);padding-bottom:70.57894%\"><img decoding=\"async\" class=\"image-asset hyperion-css-u06ts1\" data-test-tag=\"image-asset\" src=\"https:\/\/www.europesays.com\/no\/wp-content\/uploads\/2025\/12\/9b04671c-7db7-4e86-a542-935de24601ca\"  alt=\"Fart\u00f8yets eier st\u00e5r p\u00e5 flere sanksjonslister og er mistenkt for \u00e5 ha transportert v\u00e5pen for Russland. \"  loading=\"lazy\" fetchpriority=\"auto\" style=\"aspect-ratio:1900 \/ 1354\"\/><\/li>\n<\/ul>\n<p>fullskjermnesteDet russiske fart\u00f8yet Adler har ankret opp i svensk farvann utenfor Sk\u00e5ne s\u00f8ndag.<\/p>\n<p>1 av 2Foto: Johan Nilsson \/ TT \/ NTB<\/p>\n<ul class=\"hyperion-css-w8vnca\">\n<li aria-label=\"link\" class=\"narrow-button hyperion-css-1sz7d3n\">bt-linkKopier lenke<\/li>\n<li aria-label=\"link\" class=\"wide-button hyperion-css-1sz7d3n\">bt-linkKopier lenke<\/li>\n<\/ul>\n<p>Publisert: Publisert: <\/p>\n<p>For mindre enn 2 timer siden<\/p>\n<p class=\"hyperion-css-zwo8lj\">Gjennomgangen av fart\u00f8yets last p\u00e5g\u00e5r fortsatt.<\/p>\n<p class=\"hyperion-css-zwo8lj\">De gikk om bord i l\u00f8pet av natten med politi til stede, men alt gikk rolig for seg, if\u00f8lge pressekontakt Martin H\u00f6glund i det svenske tollvesenet. <\/p>\n<p class=\"hyperion-css-zwo8lj\">\u2013 Besetningen er veldig hyggelige og tok imot oss der, sier han til P4 Malm\u00f6hus.<\/p>\n<p class=\"hyperion-css-zwo8lj\">If\u00f8lge det russiske fart\u00f8yet, opplever de maskinproblemer og har derfor ankret opp i svensk farvann.<\/p>\n<p class=\"hyperion-css-zwo8lj\">Tollvesenet \u00f8nsker ikke \u00e5 si noe om lasten til fart\u00f8yet.<\/p>\n<p class=\"hyperion-css-zwo8lj\"><a aria-label=\"MarineTrafic \" class=\"default hyperion-css-1raymq9\" href=\"https:\/\/www.marinetraffic.com\/en\/ais\/details\/ships\/shipid:755978\" rel=\"noopener nofollow noreferrer\" data-test-tag=\"external-link\" target=\"_blank\">MarineTrafic <\/a> viser at lasteskipet Adler ligger ankret opp utenfor H\u00f6gan\u00e4s. If\u00f8lge informasjon p\u00e5 <a aria-label=\"OpenSanctions\" class=\"default hyperion-css-1raymq9\" href=\"https:\/\/www.opensanctions.org\/entities\/NK-d8g6ScMF8FvH2vRiAwL76y\/\" rel=\"noopener nofollow noreferrer\" data-test-tag=\"external-link\" target=\"_blank\">OpenSanctions<\/a> , er skipet sanksjonert grunnet b\u00e5nd til russisk krigf\u00f8ring.<\/p>\n<p class=\"hyperion-css-zwo8lj\">Skipet er eid av M Leasing LLC, som st\u00e5r p\u00e5 sanksjonslister i USA og EU fordi enkelte av dets fart\u00f8y skal ha transportert nordkoreansk ammunisjon anvendt i Ukraina-krigen. Skipet i seg selv er p\u00e5 sanksjonslister i USA og Ukraina.<\/p>\n<p class=\"hyperion-css-zwo8lj\">H\u00f6glund i tollvesenet sier han ikke har opplysninger om at fart\u00f8yet skal v\u00e6re tilknyttet det russiske milit\u00e6ret.<\/p>\n<p class=\"hyperion-css-zwo8lj\">\u2013 Det vi vet, er at fart\u00f8yet og dets eier st\u00e5r p\u00e5 flere lands sanksjonslister fordi det tidligere er mistenkt for \u00e5 ha fraktet krigsmateriell, sier H\u00f6glund.<\/p>\n<p>Publisert: <\/p>\n<p>Publisert: 21. desember 2025 10:09<\/p>\n<p>Oppdatert: 21. desember 2025 11:53<\/p>\n","protected":false},"excerpt":{"rendered":"Det svenske tollvesenet og kystvakten har g\u00e5tt om bord i et russisk fart\u00f8y som har ankret opp utenfor&hellip;\n","protected":false},"author":2,"featured_media":118898,"comment_status":"","ping_status":"","sticky":false,"template":"","format":"standard","meta":{"footnotes":""},"categories":[12],"tags":[20,21,24,25,15,22,23,13,30,28,29,14,16,26,27,42,43,44,45],"class_list":{"0":"post-118897","1":"post","2":"type-post","3":"status-publish","4":"format-standard","5":"has-post-thumbnail","7":"category-verden","8":"tag-breaking-news","9":"tag-breakingnews","10":"tag-featured-news","11":"tag-featurednews","12":"tag-headlines","13":"tag-latest-news","14":"tag-latestnews","15":"tag-news","16":"tag-no","17":"tag-norge","18":"tag-norway","19":"tag-nyheter","20":"tag-overskrifter","21":"tag-top-stories","22":"tag-topstories","23":"tag-verden","24":"tag-world","25":"tag-world-news","26":"tag-worldnews"},"share_on_mastodon":{"url":"https:\/\/pubeurope.com\/@no\/115757887397959569","error":""},"_links":{"self":[{"href":"https:\/\/www.europesays.com\/no\/wp-json\/wp\/v2\/posts\/118897","targetHints":{"allow":["GET"]}}],"collection":[{"href":"https:\/\/www.europesays.com\/no\/wp-json\/wp\/v2\/posts"}],"about":[{"href":"https:\/\/www.europesays.com\/no\/wp-json\/wp\/v2\/types\/post"}],"author":[{"embeddable":true,"href":"https:\/\/www.europesays.com\/no\/wp-json\/wp\/v2\/users\/2"}],"replies":[{"embeddable":true,"href":"https:\/\/www.europesays.com\/no\/wp-json\/wp\/v2\/comments?post=118897"}],"version-history":[{"count":0,"href":"https:\/\/www.europesays.com\/no\/wp-json\/wp\/v2\/posts\/118897\/revisions"}],"wp:featuredmedia":[{"embeddable":true,"href":"https:\/\/www.europesays.com\/no\/wp-json\/wp\/v2\/media\/118898"}],"wp:attachment":[{"href":"https:\/\/www.europesays.com\/no\/wp-json\/wp\/v2\/media?parent=118897"}],"wp:term":[{"taxonomy":"category","embeddable":true,"href":"https:\/\/www.europesays.com\/no\/wp-json\/wp\/v2\/categories?post=118897"},{"taxonomy":"post_tag","embeddable":true,"href":"https:\/\/www.europesays.com\/no\/wp-json\/wp\/v2\/tags?post=118897"}],"curies":[{"name":"wp","href":"https:\/\/api.w.org\/{rel}","templated":true}]}}