{"id":118915,"date":"2025-12-21T14:26:07","date_gmt":"2025-12-21T14:26:07","guid":{"rendered":"https:\/\/www.europesays.com\/no\/118915\/"},"modified":"2025-12-21T14:26:07","modified_gmt":"2025-12-21T14:26:07","slug":"hendelser-porsgrunn-fotgjenger-pakjort-alvorlig-skadet","status":"publish","type":"post","link":"https:\/\/www.europesays.com\/no\/118915\/","title":{"rendered":"Hendelser, Porsgrunn | Fotgjenger p\u00e5kj\u00f8rt: \u2013 Alvorlig skadet"},"content":{"rendered":"\n<p><b>Siste<\/b>: Klokken 15.00 melder politiet at luftambulansen er p\u00e5 vei til stedet. Vedkommende er alvorlig skadet. Veien blir stengt en tid fremover. Patruljene jobber med etterforskning p\u00e5 stedet.<\/p>\n<p>Klokken 14.38, s\u00f8ndag ettermiddag, fikk n\u00f8detatene melding om en trafikkulykke i Tollbugata i Porsgrunn. Politiet melder om det de omtaler som en alvorlig ulykke der en fotgjenger er blitt p\u00e5kj\u00f8rt av en bil.<\/p>\n<p><b>Er du p\u00e5 stedet? Send bilde til nettvakt@ta.no<\/b><\/p>\n<p>Operasjonsleder Jan Tore Gregersen hos S\u00f8r-\u00d8st politidistrikt opplyser at ulykken har skjedd rett i n\u00e6rheten av Down Town.<\/p>\n<p>Fotgjengeren er i ambulansen for unders\u00f8kelser. Vedkommende framst\u00e5r \u00e5 v\u00e6re alvorlig skadet, melder operasjonslederen.<\/p>\n<p>Politiet unders\u00f8ker \u00e5rsak til ulykken. De er i kontakt med f\u00f8reren av bilen.<\/p>\n<p>Det er mye trafikk p\u00e5 stedet og trafikale utfordringer.<\/p>\n<p>Artikkelen oppdateres.<\/p>\n","protected":false},"excerpt":{"rendered":"Siste: Klokken 15.00 melder politiet at luftambulansen er p\u00e5 vei til stedet. Vedkommende er alvorlig skadet. Veien blir&hellip;\n","protected":false},"author":2,"featured_media":118916,"comment_status":"","ping_status":"","sticky":false,"template":"","format":"standard","meta":{"footnotes":""},"categories":[10],"tags":[36,20,21,24,25,15,168,22,23,13,30,28,29,14,16,1370,1510,26,27,1100],"class_list":{"0":"post-118915","1":"post","2":"type-post","3":"status-publish","4":"format-standard","5":"has-post-thumbnail","7":"category-norge","8":"tag-art","9":"tag-breaking-news","10":"tag-breakingnews","11":"tag-featured-news","12":"tag-featurednews","13":"tag-headlines","14":"tag-hendelser","15":"tag-latest-news","16":"tag-latestnews","17":"tag-news","18":"tag-no","19":"tag-norge","20":"tag-norway","21":"tag-nyheter","22":"tag-overskrifter","23":"tag-porsgrunn","24":"tag-story","25":"tag-top-stories","26":"tag-topstories","27":"tag-trafikkulykker"},"share_on_mastodon":{"url":"https:\/\/pubeurope.com\/@no\/115758024947439314","error":""},"_links":{"self":[{"href":"https:\/\/www.europesays.com\/no\/wp-json\/wp\/v2\/posts\/118915","targetHints":{"allow":["GET"]}}],"collection":[{"href":"https:\/\/www.europesays.com\/no\/wp-json\/wp\/v2\/posts"}],"about":[{"href":"https:\/\/www.europesays.com\/no\/wp-json\/wp\/v2\/types\/post"}],"author":[{"embeddable":true,"href":"https:\/\/www.europesays.com\/no\/wp-json\/wp\/v2\/users\/2"}],"replies":[{"embeddable":true,"href":"https:\/\/www.europesays.com\/no\/wp-json\/wp\/v2\/comments?post=118915"}],"version-history":[{"count":0,"href":"https:\/\/www.europesays.com\/no\/wp-json\/wp\/v2\/posts\/118915\/revisions"}],"wp:featuredmedia":[{"embeddable":true,"href":"https:\/\/www.europesays.com\/no\/wp-json\/wp\/v2\/media\/118916"}],"wp:attachment":[{"href":"https:\/\/www.europesays.com\/no\/wp-json\/wp\/v2\/media?parent=118915"}],"wp:term":[{"taxonomy":"category","embeddable":true,"href":"https:\/\/www.europesays.com\/no\/wp-json\/wp\/v2\/categories?post=118915"},{"taxonomy":"post_tag","embeddable":true,"href":"https:\/\/www.europesays.com\/no\/wp-json\/wp\/v2\/tags?post=118915"}],"curies":[{"name":"wp","href":"https:\/\/api.w.org\/{rel}","templated":true}]}}