{"id":118928,"date":"2025-12-21T14:50:12","date_gmt":"2025-12-21T14:50:12","guid":{"rendered":"https:\/\/www.europesays.com\/no\/118928\/"},"modified":"2025-12-21T14:50:12","modified_gmt":"2025-12-21T14:50:12","slug":"italiensk-seier-da-botn-bommet-sjastad-christiansen-pa-pallen","status":"publish","type":"post","link":"https:\/\/www.europesays.com\/no\/118928\/","title":{"rendered":"Italiensk seier da Botn bommet \u2013 Sj\u00e5stad Christiansen p\u00e5 pallen"},"content":{"rendered":"\n<p class=\"_lead_o9xde_2 _lead_xtcu6_50 layout-component text-serif-m layout-normal text-serif-l layout-component layout-wide layout-padded _wide_17hqh_1 layout-padded\">Da verdenscupleder Johan-Olav Botn viste en menneskelig side p\u00e5 standplass, m\u00e5tte Norge n\u00f8ye seg med \u00abbare\u00bb tredjeplass p\u00e5 fellesstarten i Frankrike.<\/p>\n<p><img alt=\"Johan-Olav Botn fikk det ikke helt til \u00e5 stemme m\u00e5 standplass, selv om den st\u00e5ende delen ga ti av ti treff. Foto: OLIVIER CHASSIGNOLE \/ AFP \/ NTB\" class=\"_image_qp4xg_65 layout-component layout-wide\" data-fullscreen- data-track-element-type=\"Article image fullscreen\" data-track-name=\"ImageFullscreen\" fetchpriority=\"high\" decoding=\"sync\" loading=\"eager\" height=\"4730\" itemprop=\"image\"  src=\"https:\/\/www.europesays.com\/no\/wp-content\/uploads\/2025\/12\/01ddc1ac-6c9c-44d1-9be6-fb3376d09947\"  style=\"object-position:0% 0%\" width=\"7095\"\/>Johan-Olav Botn fikk det ikke helt til \u00e5 stemme m\u00e5 standplass, selv om den st\u00e5ende delen ga ti av ti treff. Foto: OLIVIER CHASSIGNOLE \/ AFP \/ NTB<\/p>\n<ul aria-hidden=\"true\" class=\"_images_ntbth_112\">\n<li><a class=\"_link_ntbth_117\" href=\"https:\/\/www.vg.no\/forfatter\/trond-johannessen-2\" style=\"z-index:1\" title=\"Trond Johannessen\" rel=\"nofollow noopener\" target=\"_blank\"><img alt=\"Bilde av Trond Johannessen\" class=\"_image_ntbth_93\" fetchpriority=\"low\" loading=\"lazy\" decoding=\"async\" itemprop=\"image\"  src=\"https:\/\/www.europesays.com\/no\/wp-content\/uploads\/2025\/12\/1766328611_372_8f20a56c-f95f-4178-993a-7fb0527b9125\"  width=\"480\"\/><\/a><\/li>\n<\/ul>\n<p> Oppdatert s\u00f8ndag 21. desember kl. 15:42     <\/p>\n<p class=\"_paragraph_o9xde_4 _paragraph_xtcu6_10 layout-component text-serif-m layout-normal text-serif-m layout-padded\">De norske herrene hadde vunnet b\u00e5de sprinten og jaktstarten i Le-Grand Bornand, men p\u00e5 fellesstarten var italienske Tommaso Giacomel suveren og tok sin tredje verdenscupseier, etter 19 av 20 treff.<\/p>\n<p class=\"_paragraph_o9xde_4 _paragraph_xtcu6_10 layout-component text-serif-m layout-normal text-serif-m layout-padded\">Franske \u00c9ric Perrot, med norsk mor, ble nummer to, mens Botn og Vetle Sj\u00e5stad Christiansen jaktet Justus Strelow i kampen om tredjeplassen. Der var Sj\u00e5stad Christiansen sterkest. Han var 19 sekunder bak Strelow ut fra siste skyting og spurtet fra tyskeren p\u00e5 de siste meterne.<\/p>\n<p class=\"_paragraph_o9xde_4 _paragraph_xtcu6_10 layout-component text-serif-m layout-normal text-serif-m layout-padded\">\u2013 Var det tidenes beste sisterunde fra min side? Jeg greide \u00e5 svare p\u00e5 dobbeltdansrykket fra Botn og m\u00e5tte virkelig kaste meg p\u00e5 stavene p\u00e5 oppl\u00f8pet, sier Sj\u00e5stad Christiansen til NRK.<\/p>\n<p><img alt=\"Foto: OLIVIER CHASSIGNOLE \/ AFP \/ NTB\" class=\"_image_qp4xg_65 layout-component layout-normal\" data-fullscreen- data-track-element-type=\"Article image fullscreen\" data-track-name=\"ImageFullscreen\" decoding=\"async\" loading=\"lazy\" height=\"2939\" itemprop=\"image\"  src=\"https:\/\/www.europesays.com\/no\/wp-content\/uploads\/2025\/12\/055dee94-0c50-49ab-8a70-63ccc294f598\"  style=\"object-position:0% 0%\" width=\"4410\"\/>Foto: OLIVIER CHASSIGNOLE \/ AFP \/ NTB<\/p>\n<p class=\"_paragraph_o9xde_4 _paragraph_xtcu6_10 layout-component text-serif-m layout-normal text-serif-m layout-padded\">Dette er hans andre pallplass denne sesongen. Seieren p\u00e5 sprinten fredag var den f\u00f8rste. Christiansen og amerikanske Campbell Wright hadde den raskeste sisterunden, Christiansen hadde ogs\u00e5 nest best langrennstid totalt, bare sl\u00e5tt med halvannet sekund av svenske Martin Ponsiluoma.<\/p>\n<p class=\"_paragraph_o9xde_4 _paragraph_xtcu6_10 layout-component text-serif-m layout-normal text-serif-m layout-padded\">B\u00e5de Sj\u00e5stad Christiansen og Botn hadde to bom, men verdenscuplederen ble bare nummer fem. Botn pleier \u00e5 v\u00e6re feilfri, f\u00f8r dette rennet hadde han bare bommet tre ganger p\u00e5 107 skudd i individuelle \u00f8velser denne sesongen.<\/p>\n<p class=\"_paragraph_o9xde_4 _paragraph_xtcu6_10 layout-component text-serif-m layout-normal text-serif-m layout-padded\">\u2013 Det var tungt \u00e5 begynne \u00e5 bomme tidlig og m\u00e5tte jage hele veien. Jeg ble litt ufokusert. Det er for d\u00e5rlig. Men jeg hentet meg inn med ti treff p\u00e5 st\u00e5ende, sier Botn til NRK. Han leder fortsatt verdenscupen sammenlagt med god margin.<\/p>\n<ul class=\"_list_o9xde_3 _list_xtcu6_9 _unordered_o9xde_106 layout-component text-serif-m layout-normal text-serif-m layout-padded\">\n<li class=\"_item_o9xde_30\"><strong class=\"_strong_o9xde_25\">Johannes Dale-Skjevdal <\/strong>ble nummer seks med to runder. <strong class=\"_strong_o9xde_25\">Sturla Holm L\u00e6greid<\/strong> ble nummer tolv med tre runder. <strong class=\"_strong_o9xde_25\">Isak Frey <\/strong>ble nummer 15 med to runder. <strong class=\"_strong_o9xde_25\">Sivert Bakken<\/strong> ble nummer 20 med to runder.<\/li>\n<li class=\"_item_o9xde_30\">Etter jul st\u00e5r verdenscuprundene i tyske Oberhof og Ruhpolding for tur. Etter konkurransene i Ruhpolding blir OL-troppen tatt ut. Deretter gjenst\u00e5r \u00e9n verdenscuprunde i tsjekkiske Nove Mesto, f\u00f8r vinter-OL med f\u00f8rste konkurranse 8. februar.<\/li>\n<\/ul>\n","protected":false},"excerpt":{"rendered":"Da verdenscupleder Johan-Olav Botn viste en menneskelig side p\u00e5 standplass, m\u00e5tte Norge n\u00f8ye seg med \u00abbare\u00bb tredjeplass p\u00e5&hellip;\n","protected":false},"author":2,"featured_media":118929,"comment_status":"","ping_status":"","sticky":false,"template":"","format":"standard","meta":{"footnotes":""},"categories":[5],"tags":[20,21,24,25,15,19,13252,22,23,17,18,13,30,28,29,14,16,769,26,27],"class_list":{"0":"post-118928","1":"post","2":"type-post","3":"status-publish","4":"format-standard","5":"has-post-thumbnail","7":"category-overskrifter","8":"tag-breaking-news","9":"tag-breakingnews","10":"tag-featured-news","11":"tag-featurednews","12":"tag-headlines","13":"tag-hovedoppslag","14":"tag-johan-olav-botn","15":"tag-latest-news","16":"tag-latestnews","17":"tag-main-news","18":"tag-mainnews","19":"tag-news","20":"tag-no","21":"tag-norge","22":"tag-norway","23":"tag-nyheter","24":"tag-overskrifter","25":"tag-skiskyting","26":"tag-top-stories","27":"tag-topstories"},"share_on_mastodon":{"url":"https:\/\/pubeurope.com\/@no\/115758119567149633","error":""},"_links":{"self":[{"href":"https:\/\/www.europesays.com\/no\/wp-json\/wp\/v2\/posts\/118928","targetHints":{"allow":["GET"]}}],"collection":[{"href":"https:\/\/www.europesays.com\/no\/wp-json\/wp\/v2\/posts"}],"about":[{"href":"https:\/\/www.europesays.com\/no\/wp-json\/wp\/v2\/types\/post"}],"author":[{"embeddable":true,"href":"https:\/\/www.europesays.com\/no\/wp-json\/wp\/v2\/users\/2"}],"replies":[{"embeddable":true,"href":"https:\/\/www.europesays.com\/no\/wp-json\/wp\/v2\/comments?post=118928"}],"version-history":[{"count":0,"href":"https:\/\/www.europesays.com\/no\/wp-json\/wp\/v2\/posts\/118928\/revisions"}],"wp:featuredmedia":[{"embeddable":true,"href":"https:\/\/www.europesays.com\/no\/wp-json\/wp\/v2\/media\/118929"}],"wp:attachment":[{"href":"https:\/\/www.europesays.com\/no\/wp-json\/wp\/v2\/media?parent=118928"}],"wp:term":[{"taxonomy":"category","embeddable":true,"href":"https:\/\/www.europesays.com\/no\/wp-json\/wp\/v2\/categories?post=118928"},{"taxonomy":"post_tag","embeddable":true,"href":"https:\/\/www.europesays.com\/no\/wp-json\/wp\/v2\/tags?post=118928"}],"curies":[{"name":"wp","href":"https:\/\/api.w.org\/{rel}","templated":true}]}}