{"id":11893,"date":"2025-08-19T06:15:08","date_gmt":"2025-08-19T06:15:08","guid":{"rendered":"https:\/\/www.europesays.com\/no\/11893\/"},"modified":"2025-08-19T06:15:08","modified_gmt":"2025-08-19T06:15:08","slug":"langt-igjen-til-fred","status":"publish","type":"post","link":"https:\/\/www.europesays.com\/no\/11893\/","title":{"rendered":"\u2013 Langt igjen til fred"},"content":{"rendered":"\n<p class=\"_lead_1bvmi_2 _lead_xtcu6_50 layout-component text-serif-m layout-normal text-serif-l layout-component layout-wide layout-padded _wide_17hqh_1 layout-padded\">Europeerne er forn\u00f8yd med at USA og Donald Trump n\u00e5 kan v\u00e6re med p\u00e5 sikkerhetsgarantier til Ukraina.<\/p>\n<p><img alt=\"Finlands president Alexander Stubb, her mellom presidentene Volodymyr Zelenskyj og Donald Trump, rapporterte hjem til Finland om m\u00f8tene i Washington.  Foto: Alexander Drago \/ Reuters \/ NTB\" class=\"_image_qp4xg_65 layout-component layout-wide\" data-fullscreen- data-track-element-type=\"Article image fullscreen\" data-track-name=\"ImageFullscreen\" fetchpriority=\"high\" decoding=\"sync\" loading=\"eager\" height=\"2534\" itemprop=\"image\"  src=\"https:\/\/www.europesays.com\/no\/wp-content\/uploads\/2025\/08\/22c7a001-f317-4343-8c43-e0f9d915b72e\"  style=\"object-position:0% 0%\" width=\"3801\"\/>Finlands president Alexander Stubb, her mellom presidentene Volodymyr Zelenskyj og Donald Trump, rapporterte hjem til Finland om m\u00f8tene i Washington.  Foto: Alexander Drago \/ Reuters \/ NTB<\/p>\n<ul aria-hidden=\"true\" class=\"_images_1y6fe_106\">\n<li><a class=\"_link_1y6fe_111\" href=\"https:\/\/www.vg.no\/forfatter\/alf-bjarne-johnsen\" style=\"z-index:1\" title=\"Alf Bjarne Johnsen\" rel=\"nofollow noopener\" target=\"_blank\"><img alt=\"Bilde av Alf Bjarne Johnsen\" class=\"_image_1y6fe_88\" fetchpriority=\"low\" loading=\"lazy\" decoding=\"async\" itemprop=\"image\"  src=\"https:\/\/www.europesays.com\/no\/wp-content\/uploads\/2025\/08\/1755584108_786_a8952b63-f4d3-424e-ab5c-93e67076c9b0\"  width=\"480\"\/><\/a><\/li>\n<\/ul>\n<p> Oppdatert tirsdag 19. august kl. 07:35     <\/p>\n<p class=\"_paragraph_1bvmi_4 _paragraph_xtcu6_10 layout-component text-serif-m layout-normal text-serif-m layout-padded\">Det sier utenriksminister Espen Barth Eide (Ap). Han er i Finland med sine nordiske kolleger.<\/p>\n<p class=\"_paragraph_1bvmi_4 _paragraph_xtcu6_10 layout-component text-serif-m layout-normal text-serif-m layout-padded\">I natt fikk de direkterapporter fra m\u00f8tene i Washington fra Finlands president Alexander Stubb, som satt i rommet.<\/p>\n<p class=\"_paragraph_1bvmi_4 _paragraph_xtcu6_10 layout-component text-serif-m layout-normal text-serif-m layout-padded\">\u2013 Jeg vil oppsummere slik: Vellykket m\u00f8te, men langt igjen til fred, sier utenriksministeren p\u00e5 telefon til VG.<\/p>\n<p class=\"_paragraph_1bvmi_4 _paragraph_xtcu6_10 layout-component text-serif-m layout-normal layout-padded\"><strong class=\"_strong_1bvmi_25\">Les ogs\u00e5:<\/strong> <a href=\"https:\/\/www.vg.no\/i\/rPQqwe\" data-track-element-type=\"Link\" data-track-id=\"link:rPQqwe\" class=\"_link_1bvmi_39\" rel=\"nofollow noopener\" target=\"_blank\">Zelenskyj \u00e5pner opp: Slik var m\u00f8tet med Trump <\/a><\/p>\n<p>\u2013 Ny vilje <\/p>\n<p class=\"_paragraph_1bvmi_4 _paragraph_xtcu6_10 layout-component text-serif-m layout-normal text-serif-m layout-padded\">Han mener det var smart og riktig at en stor gruppe med europeiske ledere, EU og Nato, dro sammen med Ukrainas president Volodymyr Zelenskyj til m\u00f8tet med USAs president Donald Trump.<\/p>\n<p class=\"_paragraph_1bvmi_4 _paragraph_xtcu6_10 layout-component text-serif-m layout-normal text-serif-m layout-padded\">\u2013 De h\u00f8rte en ny vilje fra Trump til \u00e5 diskutere sikkerhetsgarantier. Trump har vist til at Putin var \u00e5pen for dette. Men vi vet ikke i hvilken form garantier kan stilles. Uansett vil ikke det skje f\u00f8r etter en fredsl\u00f8sning, sier Eide.<\/p>\n<p><img alt=\"Espen Barth Eide   Foto: Terje Pedersen \/ NTB\" class=\"_image_qp4xg_65 layout-component layout-normal\" data-fullscreen- data-track-element-type=\"Article image fullscreen\" data-track-name=\"ImageFullscreen\" decoding=\"async\" loading=\"lazy\" height=\"3202\" itemprop=\"image\"  src=\"https:\/\/www.europesays.com\/no\/wp-content\/uploads\/2025\/08\/b3ec6020-7707-4b84-abc2-63ef6ed5f736\"  style=\"object-position:0% 0%\" width=\"4802\"\/>Espen Barth Eide   Foto: Terje Pedersen \/ NTBVil m\u00f8te Putin <\/p>\n<p class=\"_paragraph_1bvmi_4 _paragraph_xtcu6_10 layout-component text-serif-m layout-normal text-serif-m layout-padded\">Zelenskyj skal v\u00e6re villig til \u00e5 m\u00f8te Russlands president s\u00e5 snart det er praktisk mulig.<\/p>\n<p class=\"_paragraph_1bvmi_4 _paragraph_xtcu6_10 layout-component text-serif-m layout-normal text-serif-m layout-padded\">\u2013 At Trump n\u00e5 vil fors\u00f8ke \u00e5 sette opp et m\u00f8te mellom Putin og Zelenskyj er et bra steg. Og man ser for seg at ogs\u00e5 europeerne kan delta i forlengelsen av et toppm\u00f8te, sier utenriksministeren.<\/p>\n<p class=\"_paragraph_1bvmi_4 _paragraph_xtcu6_10 layout-component text-serif-m layout-normal text-serif-m layout-padded\">Han forteller at reaksjonen fra europeisk side var sterk og negativ da Trump f\u00f8r m\u00f8tet sa at Ukraina m\u00e5tte v\u00e6re villig til \u00e5 avgi territorium:<\/p>\n<p class=\"_paragraph_1bvmi_4 _paragraph_xtcu6_10 layout-component text-serif-m layout-normal text-serif-m layout-padded\">\u2013 Det er urimelig \u00e5 be Ukraina gi fra seg territorium n\u00e5. Skal det skje, m\u00e5 det v\u00e6re en del av forhandlinger hvor man f\u00e5r betydelige innr\u00f8mmelser tilbake, sier Eide.<\/p>\n","protected":false},"excerpt":{"rendered":"Europeerne er forn\u00f8yd med at USA og Donald Trump n\u00e5 kan v\u00e6re med p\u00e5 sikkerhetsgarantier til Ukraina. Finlands&hellip;\n","protected":false},"author":2,"featured_media":11894,"comment_status":"","ping_status":"","sticky":false,"template":"","format":"standard","meta":{"footnotes":""},"categories":[12],"tags":[20,21,55,258,24,25,1255,15,179,22,23,13,30,28,29,14,16,26,27,42,205,488,43,44,45],"class_list":{"0":"post-11893","1":"post","2":"type-post","3":"status-publish","4":"format-standard","5":"has-post-thumbnail","7":"category-verden","8":"tag-breaking-news","9":"tag-breakingnews","10":"tag-donald-trump","11":"tag-espen-barth-eide","12":"tag-featured-news","13":"tag-featurednews","14":"tag-finland","15":"tag-headlines","16":"tag-krigen-i-ukraina","17":"tag-latest-news","18":"tag-latestnews","19":"tag-news","20":"tag-no","21":"tag-norge","22":"tag-norway","23":"tag-nyheter","24":"tag-overskrifter","25":"tag-top-stories","26":"tag-topstories","27":"tag-verden","28":"tag-vgsamfunn","29":"tag-volodymyr-zelenskyj","30":"tag-world","31":"tag-world-news","32":"tag-worldnews"},"share_on_mastodon":{"url":"","error":""},"_links":{"self":[{"href":"https:\/\/www.europesays.com\/no\/wp-json\/wp\/v2\/posts\/11893","targetHints":{"allow":["GET"]}}],"collection":[{"href":"https:\/\/www.europesays.com\/no\/wp-json\/wp\/v2\/posts"}],"about":[{"href":"https:\/\/www.europesays.com\/no\/wp-json\/wp\/v2\/types\/post"}],"author":[{"embeddable":true,"href":"https:\/\/www.europesays.com\/no\/wp-json\/wp\/v2\/users\/2"}],"replies":[{"embeddable":true,"href":"https:\/\/www.europesays.com\/no\/wp-json\/wp\/v2\/comments?post=11893"}],"version-history":[{"count":0,"href":"https:\/\/www.europesays.com\/no\/wp-json\/wp\/v2\/posts\/11893\/revisions"}],"wp:featuredmedia":[{"embeddable":true,"href":"https:\/\/www.europesays.com\/no\/wp-json\/wp\/v2\/media\/11894"}],"wp:attachment":[{"href":"https:\/\/www.europesays.com\/no\/wp-json\/wp\/v2\/media?parent=11893"}],"wp:term":[{"taxonomy":"category","embeddable":true,"href":"https:\/\/www.europesays.com\/no\/wp-json\/wp\/v2\/categories?post=11893"},{"taxonomy":"post_tag","embeddable":true,"href":"https:\/\/www.europesays.com\/no\/wp-json\/wp\/v2\/tags?post=11893"}],"curies":[{"name":"wp","href":"https:\/\/api.w.org\/{rel}","templated":true}]}}