{"id":118942,"date":"2025-12-21T15:17:17","date_gmt":"2025-12-21T15:17:17","guid":{"rendered":"https:\/\/www.europesays.com\/no\/118942\/"},"modified":"2025-12-21T15:17:17","modified_gmt":"2025-12-21T15:17:17","slug":"sport-alpint-gikk-konkurs-oker-prisene-30-prosent","status":"publish","type":"post","link":"https:\/\/www.europesays.com\/no\/118942\/","title":{"rendered":"Sport, Alpint | Gikk konkurs: \u00d8ker prisene 30 prosent"},"content":{"rendered":"\n<p>\u2013 Alpint er jo en av de vinteridrettene som ikke ivaretar dem med d\u00e5rlig r\u00e5d, sier privat\u00f8konom Thea Olsen i Handelsbanken til <a href=\"www.nettavisen.no\" rel=\"Follow\">Nettavisen<\/a>.<\/p>\n<p>Pristjenesten Sambla har sammenliknet prisene p\u00e5 en lang rekke skisteder omkring i Norge. De viser store \u00f8kninger ved flere av skistedene, i mange tilfeller p\u00e5 priser som allerede var skyh\u00f8ye.<\/p>\n<p>Massive \u00f8kninger<\/p>\n<p>De st\u00f8rste \u00f8kningene fra forrige sesong kommer i Bjorli og Oppdal skisenter. F\u00f8rstnevnte \u00f8ker prisene fra 2110 kroner til 2839 kroner for et femdagerskort, en oppgang p\u00e5 29 prosent.<\/p>\n<p>\u2013 Vi gikk konkurs i fjor, og vi hatt lavere priser lenge i h\u00e5p om at det var det flere som kom og vi fikk mer volum. Men det har ikke fungert s\u00e5 bra, sier Steph Hystad, daglig leder i Bjorli skisenter, til Nettavisen.<\/p>\n<p>Skisenteret gikk konkurs i mai i \u00e5r, men <a href=\"https:\/\/www.gd.no\/kjoper-skisenteret-vi-er-stolte\/s\/5-18-2298938\" rel=\"Follow nofollow noopener\" target=\"_blank\">nye investorer kom inn <\/a>og reddet skisentret. Hystad kom inn som leder etter det.<\/p>\n<p>Hystad sier det har v\u00e6rt tiln\u00e6rmet uendrede priser siden 2021, og at de derfor justerer ekstra mye opp dette \u00e5ret.<\/p>\n<p>\u2013 Har dere f\u00e5tt reaksjoner p\u00e5 pris\u00f8kningen? <\/p>\n<p>\u2013 Av og til, men vi mener vi tilbyr god verdi for prisen, sier Hystad.<\/p>\n<p>Oppdal kj\u00f8pt opp &#8211; \u00f8ker prisen<\/p>\n<p>Skisenteret som \u00f8ker prisen aller mest er Oppdal. Der stiger prisene fra mellom 2050 til 2110 kroner til 2329 til 2839 kroner for et femdagerskort, avhengig av om det er lav- eller h\u00f8ysesong. Det er dermed en \u00f8kning p\u00e5 opp til 35 prosent.<\/p>\n<p>Marius Nilsen, markedsansvarlig Oppdal i Alpinco, som ogs\u00e5 driver Hafjell og Kvitfjell, forklarer oppgangen med at de n\u00e5 skal ha like priser p\u00e5 alle de tre skisentrene sine. Alpinco kj\u00f8pte nylig Oppdal og innf\u00f8rer felles heiskort for alle tre stedene fra og med i denne sesongen.<\/p>\n<p>   <img decoding=\"async\" width=\"3936\" height=\"2624\" fetchpriority=\"low\"  loading=\"lazy\"  src=\"https:\/\/www.europesays.com\/no\/wp-content\/uploads\/2025\/12\/NTB_BCFCu75R5zs.jpg\" alt=\"Oppdal 20210315. &#10;Vangslia alpinbakke i Oppdal.&#10;Foto: Gorm Kallestad \/ NTB\" class=\"brick-c-cFOWSL\" style=\"--brick-image-ratio: 3936 \/ 2624;\"\/><\/p>\n<p>      \u00d8KER PRISENE:<br \/>\nVangslia alpinbakke i Oppdal.<br \/>\n      Foto: Gorm Kallestad\n    <\/p>\n<p>\u2013 Det handler om at vi hadde forskjellige priser i Hafjell, Oppdal og Kvitfjell. I tillegg har vi en lengre sesong og lengre \u00e5pningstider, i tillegg til den generelle indeksjusteringen, sier Nilsen til Nettavisen.<\/p>\n<p>Dagskort i Oppdal \u00f8ker fra 590 til 699 kroner, p\u00e5 niv\u00e5 p\u00e5 prisene i Hafjell og Kvitfjell. Ogs\u00e5 p\u00e5 disse to stedene \u00f8kes prisene markant.<\/p>\n<p>\u2013 Det at de tre destinasjonene ligger p\u00e5 rad og rekke langs Dovrebanen og muligheten til \u00e5 sy det sammen med ett felles heiskort var noe av det som gjorde oppkj\u00f8pet av Oppdal attraktivt for Alpinco, uttalte Odd Stensrud, daglig leder i Alpinco i en <a href=\"https:\/\/magasinetvillspor.no\/knytter-skidestinasjoner-sammen-haper-a-tilby-gronn-transport\/\" rel=\"Follow nofollow noopener\" target=\"_blank\">pressemelding<\/a> i fjor.<\/p>\n<p>Dyrest<\/p>\n<p>Aller dyrest er Hemsedal, hvor det n\u00e5 koster 3477 kroner for fem dager i skibakken. Det er en \u00f8kning p\u00e5 9,6 prosent mot 2024. Trysil kommer like etter, med 3445 kroner, en oppgang p\u00e5 13,66 prosent.<\/p>\n<p>\u2013 Heiskortene er s\u00e5pass dyre at det er vanskelig for dem med trang \u00f8konomi \u00e5 f\u00e5 tilgang til den type vinteraktivitet. Alpint skiller seg fra aking, langrenn og liknende idretter fordi du er n\u00f8dt til \u00e5 ha tilgang til selve anlegget og betale for det, sier Olsen.<\/p>\n<p>Her f\u00f8lger hele prisoversikten: <\/p>\n","protected":false},"excerpt":{"rendered":"\u2013 Alpint er jo en av de vinteridrettene som ikke ivaretar dem med d\u00e5rlig r\u00e5d, sier privat\u00f8konom Thea&hellip;\n","protected":false},"author":2,"featured_media":118943,"comment_status":"","ping_status":"","sticky":false,"template":"","format":"standard","meta":{"footnotes":""},"categories":[10],"tags":[249,36,11834,20,21,24,25,15,22,23,13,30,28,29,14,16,83,1510,26,27],"class_list":{"0":"post-118942","1":"post","2":"type-post","3":"status-publish","4":"format-standard","5":"has-post-thumbnail","7":"category-norge","8":"tag-alpint","9":"tag-art","10":"tag-bjorli","11":"tag-breaking-news","12":"tag-breakingnews","13":"tag-featured-news","14":"tag-featurednews","15":"tag-headlines","16":"tag-latest-news","17":"tag-latestnews","18":"tag-news","19":"tag-no","20":"tag-norge","21":"tag-norway","22":"tag-nyheter","23":"tag-overskrifter","24":"tag-sport","25":"tag-story","26":"tag-top-stories","27":"tag-topstories"},"share_on_mastodon":{"url":"https:\/\/pubeurope.com\/@no\/115758225553665558","error":""},"_links":{"self":[{"href":"https:\/\/www.europesays.com\/no\/wp-json\/wp\/v2\/posts\/118942","targetHints":{"allow":["GET"]}}],"collection":[{"href":"https:\/\/www.europesays.com\/no\/wp-json\/wp\/v2\/posts"}],"about":[{"href":"https:\/\/www.europesays.com\/no\/wp-json\/wp\/v2\/types\/post"}],"author":[{"embeddable":true,"href":"https:\/\/www.europesays.com\/no\/wp-json\/wp\/v2\/users\/2"}],"replies":[{"embeddable":true,"href":"https:\/\/www.europesays.com\/no\/wp-json\/wp\/v2\/comments?post=118942"}],"version-history":[{"count":0,"href":"https:\/\/www.europesays.com\/no\/wp-json\/wp\/v2\/posts\/118942\/revisions"}],"wp:featuredmedia":[{"embeddable":true,"href":"https:\/\/www.europesays.com\/no\/wp-json\/wp\/v2\/media\/118943"}],"wp:attachment":[{"href":"https:\/\/www.europesays.com\/no\/wp-json\/wp\/v2\/media?parent=118942"}],"wp:term":[{"taxonomy":"category","embeddable":true,"href":"https:\/\/www.europesays.com\/no\/wp-json\/wp\/v2\/categories?post=118942"},{"taxonomy":"post_tag","embeddable":true,"href":"https:\/\/www.europesays.com\/no\/wp-json\/wp\/v2\/tags?post=118942"}],"curies":[{"name":"wp","href":"https:\/\/api.w.org\/{rel}","templated":true}]}}