{"id":118948,"date":"2025-12-21T15:26:09","date_gmt":"2025-12-21T15:26:09","guid":{"rendered":"https:\/\/www.europesays.com\/no\/118948\/"},"modified":"2025-12-21T15:26:09","modified_gmt":"2025-12-21T15:26:09","slug":"sindre-tjelmeland-klar-som-ny-molde-trener","status":"publish","type":"post","link":"https:\/\/www.europesays.com\/no\/118948\/","title":{"rendered":"Sindre Tjelmeland klar som ny Molde-trener"},"content":{"rendered":"\n<p class=\"_lead_o9xde_2 _lead_xtcu6_50 layout-component text-serif-m layout-normal text-serif-l layout-component layout-wide layout-padded _wide_17hqh_1 layout-padded\">Sindre Tjelmeland (36) har signert en avtale for fire \u00e5r. Han begynner f\u00f8rst i slutten av mai.<\/p>\n<p><img alt=\"Sindre Tjelmeland har tidligere v\u00e6rt trener for Start. Foto: Tor Erik Schr\u00f8der \/ NTB\" class=\"_image_qp4xg_65 layout-component layout-wide\" data-fullscreen- data-track-element-type=\"Article image fullscreen\" data-track-name=\"ImageFullscreen\" fetchpriority=\"high\" decoding=\"sync\" loading=\"eager\" height=\"3532\" itemprop=\"image\"  src=\"https:\/\/www.europesays.com\/no\/wp-content\/uploads\/2025\/12\/7e30c93d-d5eb-4565-a498-743b6446f12c\"  style=\"object-position:0% 0%\" width=\"5299\"\/>Sindre Tjelmeland har tidligere v\u00e6rt trener for Start. Foto: Tor Erik Schr\u00f8der \/ NTB<\/p>\n<ul aria-hidden=\"true\" class=\"_images_ntbth_112\">\n<li><a class=\"_link_ntbth_117\" href=\"https:\/\/www.vg.no\/forfatter\/herman-folvik\" style=\"z-index:1\" title=\"Herman Folvik\" rel=\"nofollow noopener\" target=\"_blank\"><img alt=\"Bilde av Herman Folvik\" class=\"_image_ntbth_93\" fetchpriority=\"low\" loading=\"lazy\" decoding=\"async\" itemprop=\"image\"  src=\"https:\/\/www.europesays.com\/no\/wp-content\/uploads\/2025\/12\/1766330769_563_b8d5eb91-9fa9-460c-b9f0-da310ffe35dd\"  width=\"480\"\/><\/a><\/li>\n<\/ul>\n<p> Oppdatert s\u00f8ndag 21. desember kl. 16:14     <\/p>\n<p class=\"_paragraph_o9xde_4 _paragraph_xtcu6_10 layout-component text-serif-m layout-normal text-serif-m layout-padded\">\u2013 F\u00f8rst og fremst er jeg stolt av \u00e5 kunne si at jeg skal bli hovedtrener i Molde. Molde er det en av de mest attraktive klubbene i Skandinavia, og jeg gleder meg virkelig til \u00e5 komme i gang, sier Tjelmeland i en pressemelding.<\/p>\n<p class=\"_paragraph_o9xde_4 _paragraph_xtcu6_10 layout-component text-serif-m layout-normal text-serif-m layout-padded\">Tjelmeland er for tiden assistenttrener i polske Lech Poznan (8. plass i Ekstraklasa). Han vil jobbe for dem ut sesongen i Polen. Dermed begynner han f\u00f8rst i Molde 24. mai. <\/p>\n<p class=\"_paragraph_o9xde_4 _paragraph_xtcu6_10 layout-component text-serif-m layout-normal text-serif-m layout-padded\">Molde har ogs\u00e5 ansatt 30 \u00e5r gamle Morten Falk i det nye trenerteamet. Han vil v\u00e6re midlertidig trener for Molde det neste dr\u00f8ye halv\u00e5ret. <\/p>\n<p class=\"_paragraph_o9xde_4 _paragraph_xtcu6_10 layout-component text-serif-m layout-normal text-serif-m layout-padded\">Trenerteamet vil ogs\u00e5 best\u00e5 av Mario Chavez, Per Magne Midsund, og Daniel Berg Hestad. Magne Hoseth gir seg samtidig i trenerteamet. <\/p>\n<p class=\"_paragraph_o9xde_4 _paragraph_xtcu6_10 layout-component text-serif-m layout-normal text-serif-m layout-padded\">\u00abSelv om vi veldig gjerne skulle hatt Sindre p\u00e5 plass umiddelbart, har vi valgt \u00e5 se p\u00e5 det lange bildet. Vi prioriterer \u00e5 hente den beste treneren for Molde FK. Sindre vil bruke romjulen til \u00e5 bli kjent med spillerne og st\u00f8tte Martin og resten av trenerteamet frem til han endelig er p\u00e5 plass p\u00e5 Aker Stadion\u00bb, skriver Molde.<\/p>\n<p class=\"_paragraph_o9xde_4 _paragraph_xtcu6_10 layout-component text-serif-m layout-normal text-serif-m layout-padded\">Falk har tidligere jobbet som b\u00e5de assistent og hovedtrener i svenske AIK, Malm\u00f6 og Norrk\u00f6ping. <\/p>\n<p class=\"_paragraph_o9xde_4 _paragraph_xtcu6_10 layout-component text-serif-m layout-normal text-serif-m layout-padded\">Molde endte som nummer ti i en ekstremt skuffende sesong. Per-Mathias H\u00f8gmo (n\u00e5 i bulgarske Ludogorets) fikk fyken i september. Magne Hoseth dro sesongen i land for Molde. <\/p>\n","protected":false},"excerpt":{"rendered":"Sindre Tjelmeland (36) har signert en avtale for fire \u00e5r. Han begynner f\u00f8rst i slutten av mai. Sindre&hellip;\n","protected":false},"author":2,"featured_media":118949,"comment_status":"","ping_status":"","sticky":false,"template":"","format":"standard","meta":{"footnotes":""},"categories":[5],"tags":[20,21,134,24,25,15,19,22,23,17,18,869,13,30,28,29,14,16,13613,26,27],"class_list":{"0":"post-118948","1":"post","2":"type-post","3":"status-publish","4":"format-standard","5":"has-post-thumbnail","7":"category-overskrifter","8":"tag-breaking-news","9":"tag-breakingnews","10":"tag-eliteserien","11":"tag-featured-news","12":"tag-featurednews","13":"tag-headlines","14":"tag-hovedoppslag","15":"tag-latest-news","16":"tag-latestnews","17":"tag-main-news","18":"tag-mainnews","19":"tag-molde-fk","20":"tag-news","21":"tag-no","22":"tag-norge","23":"tag-norway","24":"tag-nyheter","25":"tag-overskrifter","26":"tag-sindre-tjelmeland","27":"tag-top-stories","28":"tag-topstories"},"share_on_mastodon":{"url":"https:\/\/pubeurope.com\/@no\/115758261328558127","error":""},"_links":{"self":[{"href":"https:\/\/www.europesays.com\/no\/wp-json\/wp\/v2\/posts\/118948","targetHints":{"allow":["GET"]}}],"collection":[{"href":"https:\/\/www.europesays.com\/no\/wp-json\/wp\/v2\/posts"}],"about":[{"href":"https:\/\/www.europesays.com\/no\/wp-json\/wp\/v2\/types\/post"}],"author":[{"embeddable":true,"href":"https:\/\/www.europesays.com\/no\/wp-json\/wp\/v2\/users\/2"}],"replies":[{"embeddable":true,"href":"https:\/\/www.europesays.com\/no\/wp-json\/wp\/v2\/comments?post=118948"}],"version-history":[{"count":0,"href":"https:\/\/www.europesays.com\/no\/wp-json\/wp\/v2\/posts\/118948\/revisions"}],"wp:featuredmedia":[{"embeddable":true,"href":"https:\/\/www.europesays.com\/no\/wp-json\/wp\/v2\/media\/118949"}],"wp:attachment":[{"href":"https:\/\/www.europesays.com\/no\/wp-json\/wp\/v2\/media?parent=118948"}],"wp:term":[{"taxonomy":"category","embeddable":true,"href":"https:\/\/www.europesays.com\/no\/wp-json\/wp\/v2\/categories?post=118948"},{"taxonomy":"post_tag","embeddable":true,"href":"https:\/\/www.europesays.com\/no\/wp-json\/wp\/v2\/tags?post=118948"}],"curies":[{"name":"wp","href":"https:\/\/api.w.org\/{rel}","templated":true}]}}