{"id":118952,"date":"2025-12-21T15:28:49","date_gmt":"2025-12-21T15:28:49","guid":{"rendered":"https:\/\/www.europesays.com\/no\/118952\/"},"modified":"2025-12-21T15:28:49","modified_gmt":"2025-12-21T15:28:49","slug":"dolph-lundgren-svarer-pa-kritikk-om-ekteskapet-med-emma-krokdal","status":"publish","type":"post","link":"https:\/\/www.europesays.com\/no\/118952\/","title":{"rendered":"Dolph Lundgren svarer p\u00e5 kritikk om ekteskapet med Emma Krokdal"},"content":{"rendered":"<p class=\"kicker \" style=\"\">Dolph Lundgren:<\/p>\n<p>  Hollywood-stjerna svarer p\u00e5 kritikken om ekteskapet med norske Emma.<\/p>\n<p>\n    EKTEPAR: Emma Krokdal og Dolph Lundgren har f\u00e5tt mye oppmerksomhet for forholdet sitt. Foto: Skjermbilde fra Instagram\/@emmakrokdal\n  <\/p>\n<p>Skuespiller Dolph Lundgren (68) og kona Emma Krokdal (29) har helt siden de ble forlovet i 2020\u00a0<a href=\"https:\/\/www.dagbladet.no\/kjendis\/slar-tilbake\/79704247\" rel=\"nofollow noopener\" target=\"_blank\">sl\u00e5tt hardt tilbake mot kritikerne<\/a>\u00a0som er skeptiske til aldersforskjellen mellom dem.<\/p>\n<p> Det er nemlig 39 \u00e5r som skiller tr\u00f8nderjenta og den svenske Hollywood-stjerna, og de siste \u00e5ra har duoen holdt sammen gjennom tykt og tynt.<\/p>\n<p>    <a itemprop=\"url\" href=\"https:\/\/www.dagbladet.no\/kjendis\/man-blir-livredd\/83995919\" rel=\"nofollow noopener\" target=\"_blank\"><\/p>\n<p>        <img loading=\"lazy\" decoding=\"async\" src=\"https:\/\/www.europesays.com\/no\/wp-content\/uploads\/2025\/12\/1766330926_751_83652824.webp\" width=\"980\" height=\"441\" title=\"- Man blir livredd\" alt=\"\" class=\"lazyload\" style=\"--aspect-ratio-image: 2.22; \"\/><\/p>\n<p>        &#8211; Man blir livredd<\/p>\n<p>    <\/a><\/p>\n<p>I et nylig intervju med <a href=\"https:\/\/www.foxnews.com\/entertainment\/dolph-lundgren-fires-back-critics-his-39-year-age-gap-marriage-were-all-gonna-dead-100-years?utm_source=sdrn%3Avg%3Aarticle%3Ay53Rga\" rel=\"nofollow noopener\" target=\"_blank\">Fox News<\/a>\u00a0deler n\u00e5 sistnevnte \u00e6rlig om folk som \u00abhater\u00bb og \u00absier negative ting\u00bb hva gjelder ekteparets aldersforskjell.\u00a0<\/p>\n<p>&#8211; Bryr meg ikke\t<\/p>\n<p>&#8211; For meg er alder bare et tall. Det spiller egentlig ingen rolle. Vi kommer alle til \u00e5 v\u00e6re d\u00f8de om hundre \u00e5r fra n\u00e5 &#8211; de fleste av oss i hvert fall &#8211; og ingenting vil ha betydning, sier Lundgren til kanalen.<\/p>\n<p>\u00abRocky\u00bb-stjerna fortsetter:<\/p>\n<p>        <img loading=\"lazy\" decoding=\"async\" src=\"https:\/\/www.europesays.com\/no\/wp-content\/uploads\/2025\/12\/1766330927_819_84012315.webp\" width=\"686\" height=\"810\" title=\"HOLDER SAMMEN: Siden 2020 har paret mottatt kritikk knyttet til aldersforskjellen. Foto: Skjermbilde fra Instagram\/@emmakrokdal\" alt=\"\" class=\"\" style=\"--aspect-ratio-image: 0.85; \"\/><\/p>\n<p>\n        HOLDER SAMMEN: Siden 2020 har paret mottatt kritikk knyttet til aldersforskjellen. Foto: Skjermbilde fra Instagram\/@emmakrokdal\n    <\/p>\n<p>&#8211; Alt som betyr noe er at du nyter livet ditt, at du nyter partneren din. Og jeg tror valget av partner er et av de viktigste valgene du kan ta i livet. Det har jeg skj\u00f8nt. Og jeg tror Emma er det beste valget for meg, og jeg bryr meg ikke om hva folk sier.<\/p>\n<p>Krokdal fortalte i et tidligere intervju med Fox News, at paret har mye til felles fordi de begge kommer fra Skandinavia &#8211; Krokdal fra Norge og Lundgren fra Sverige.<\/p>\n<p>        \u00abSKAL VI DANSE\u00bb: Danseparet bryter ut i latter under intervjuet. Video: Nora Skavhaug\/ R\u00f8d L\u00f8per<\/p>\n<p> &#8211; Det er s\u00e5 spesielt fordi vi kommer fra lignende steder og har en lignende oppvekst, fortalte hun.\u00a0<\/p>\n<p>Intim seremoni\t<\/p>\n<p>Det var i 2020 at Lundgren avsl\u00f8rte overfor svenske <a href=\"https:\/\/www.aftonbladet.se\/nojesbladet\/a\/g7b5aB\/dolph-lundgren-om-frieriet-till-norska-emma-hon-forstod-inte-riktigt-vad-jag-sa\" rel=\"nofollow noopener\" target=\"_blank\">Aftonbladet<\/a> at han hadde funnet lykken med Krokdal.\u00a0Duoen traff hverandre p\u00e5 et treningsstudio i Los Angeles, hvor Krokdal jobbet som personlig trener.<\/p>\n<p>    <a itemprop=\"url\" href=\"https:\/\/www.dagbladet.no\/kjendis\/eksmann-med-stikk-til-katy-perry\/84006989\" rel=\"nofollow noopener\" target=\"_blank\"><\/p>\n<p>        <img loading=\"lazy\" decoding=\"async\" src=\"https:\/\/www.europesays.com\/no\/wp-content\/uploads\/2025\/12\/1766330928_844_84009044.webp\" width=\"980\" height=\"441\" title=\"Eksmann med stikk til Katy Perry\" alt=\"\" class=\"lazyload\" style=\"--aspect-ratio-image: 2.22; \"\/><\/p>\n<p>        Eksmann med stikk til Katy Perry<\/p>\n<p>    <\/a><\/p>\n<p>Tre \u00e5r seinere giftet paret seg i villaen deres p\u00e5 Mykonos, etter \u00e5 ha blitt forlovet det samme \u00e5ret de m\u00f8ttes.\u00a0<\/p>\n<p>Til Dagbladet r\u00f8pet 29-\u00e5ringen detaljer om bryllupsdagen.<\/p>\n<p> &#8211; Vi var 16 til stede, inkludert oss, og det var perfekt. Vi l\u00e5 ved bassenget og koste oss hele dagen f\u00f8r vi ordnet oss klare. Og s\u00e5 kom noen av gjestene som ikke bodde i villaen og vi hadde en koselig, liten seremoni f\u00f8r middag, fortalte hun, og la til at det ble en lang kveld med \u00abdans og live conga-musikk\u00bb.<\/p>\n<p> &#8211; Det var bare helt avslappet og vi kunne bare nyte hele dagen og kvelden. <\/p>\n<p>    <a itemprop=\"url\" href=\"https:\/\/www.dagbladet.no\/kjendis\/jeg-er-forelsket\/84011519\" rel=\"nofollow noopener\" target=\"_blank\"><\/p>\n<p>        <img loading=\"lazy\" decoding=\"async\" src=\"https:\/\/www.europesays.com\/no\/wp-content\/uploads\/2025\/12\/1766330929_448_84011324.webp\" width=\"147\" height=\"98\" title=\"- Jeg er forelsket\" alt=\"\" class=\"lazyload\" style=\"--aspect-ratio-image: 1.50; \"\/><\/p>\n<p>        &#8211; Jeg er forelsket<\/p>\n<p>    <\/a><\/p>\n<p>&#8211; Reddet livet mitt\t<\/p>\n<p>Ekteparet har v\u00e6rt gjennom b\u00e5de opp- og nedturer. I 2015 ble Lundgren diagnostisert med kreft, da legene fant en svulst i nyren hans.\u00a0<\/p>\n<p>Selv om svulsten ble fjernet kirurgisk, fant legene nye svulster i leveren og nyrene hans i 2020.<\/p>\n<p>        SETTES UT: Emil Gukild og Simon Nitsche prater om den ukjente fortiden. Video: Student-TV i Volda, R\u00f8d L\u00f8per\/ Nora Skavhaug\/ Thea Hope<\/p>\n<p>If\u00f8lge Lundgren har kona v\u00e6rt en viktig del av den t\u00f8ffe sykdomsperioden, og overfor Fox News har han tidligere v\u00e6rt \u00e5pen om Krokdals viktige st\u00f8tte.<\/p>\n<p>&#8211; Hun reddet livet mitt gjennom kreftreisen og hjalp meg med \u00e5 snu livet mitt p\u00e5 hodet, fortalte han til Fox News.<\/p>\n","protected":false},"excerpt":{"rendered":"Dolph Lundgren: Hollywood-stjerna svarer p\u00e5 kritikken om ekteskapet med norske Emma. EKTEPAR: Emma Krokdal og Dolph Lundgren har&hellip;\n","protected":false},"author":2,"featured_media":118953,"comment_status":"","ping_status":"","sticky":false,"template":"","format":"standard","meta":{"footnotes":""},"categories":[58],"tags":[6784,14156,14157,71,479,30,28,29,72],"class_list":{"0":"post-118952","1":"post","2":"type-post","3":"status-publish","4":"format-standard","5":"has-post-thumbnail","7":"category-underholdning","8":"tag-aldersforskjell","9":"tag-dolph-lundgren","10":"tag-emma-krokdal","11":"tag-entertainment","12":"tag-kjendis","13":"tag-no","14":"tag-norge","15":"tag-norway","16":"tag-underholdning"},"share_on_mastodon":{"url":"https:\/\/pubeurope.com\/@no\/115758273404281543","error":""},"_links":{"self":[{"href":"https:\/\/www.europesays.com\/no\/wp-json\/wp\/v2\/posts\/118952","targetHints":{"allow":["GET"]}}],"collection":[{"href":"https:\/\/www.europesays.com\/no\/wp-json\/wp\/v2\/posts"}],"about":[{"href":"https:\/\/www.europesays.com\/no\/wp-json\/wp\/v2\/types\/post"}],"author":[{"embeddable":true,"href":"https:\/\/www.europesays.com\/no\/wp-json\/wp\/v2\/users\/2"}],"replies":[{"embeddable":true,"href":"https:\/\/www.europesays.com\/no\/wp-json\/wp\/v2\/comments?post=118952"}],"version-history":[{"count":0,"href":"https:\/\/www.europesays.com\/no\/wp-json\/wp\/v2\/posts\/118952\/revisions"}],"wp:featuredmedia":[{"embeddable":true,"href":"https:\/\/www.europesays.com\/no\/wp-json\/wp\/v2\/media\/118953"}],"wp:attachment":[{"href":"https:\/\/www.europesays.com\/no\/wp-json\/wp\/v2\/media?parent=118952"}],"wp:term":[{"taxonomy":"category","embeddable":true,"href":"https:\/\/www.europesays.com\/no\/wp-json\/wp\/v2\/categories?post=118952"},{"taxonomy":"post_tag","embeddable":true,"href":"https:\/\/www.europesays.com\/no\/wp-json\/wp\/v2\/tags?post=118952"}],"curies":[{"name":"wp","href":"https:\/\/api.w.org\/{rel}","templated":true}]}}