{"id":118954,"date":"2025-12-21T15:31:37","date_gmt":"2025-12-21T15:31:37","guid":{"rendered":"https:\/\/www.europesays.com\/no\/118954\/"},"modified":"2025-12-21T15:31:37","modified_gmt":"2025-12-21T15:31:37","slug":"na-snur-det-2","status":"publish","type":"post","link":"https:\/\/www.europesays.com\/no\/118954\/","title":{"rendered":"&#8211; N\u00e5 snur det"},"content":{"rendered":"<p>  Svenskene g\u00e5r bedre tider i m\u00f8te neste \u00e5r, sp\u00e5r statsminister Ulf Kristersson i sin juletale.<\/p>\n<p>\n    Statsminister Ulf Kristersson sp\u00e5r i sin juletale bedre tider for svenskene. Foto: AP \/ NTB\n  <\/p>\n<p>\u2013 Inflasjonen er beseiret, reall\u00f8nningene \u00f8ker og boligl\u00e5nsrentene har blitt kraftig senket, sa han.<\/p>\n<p>Kristersson trakk videre fram regjeringens varslede skattekutt samt at matmomsen skal halveres til v\u00e5ren.<\/p>\n<p>\u2013 N\u00e5 snur det, sa han i talen, som ble holdt foran juletreet p\u00e5 statsministerens offisielle landsted Harpsund, 10 mil s\u00f8rvest for Stockholm.<\/p>\n<p>\u2013 Sammen kan vi gj\u00f8re Sverige til verdens beste land \u00e5 leve i. Jeg vet at det ikke er noen liten ambisjon, men det er fullt mulig. Og vi har gjort det f\u00f8r, sa han.<\/p>\n<p>Kristersson oppfordret videre fagbevegelsen og arbeidsgiversiden til \u00e5 holde igjen under neste \u00e5rs l\u00f8nnsoppgj\u00f8r.<\/p>\n<p>\u2013 For ikke \u00e5 fyre opp under inflasjonsb\u00e5let, sa han.<\/p>\n","protected":false},"excerpt":{"rendered":"Svenskene g\u00e5r bedre tider i m\u00f8te neste \u00e5r, sp\u00e5r statsminister Ulf Kristersson i sin juletale. Statsminister Ulf Kristersson&hellip;\n","protected":false},"author":2,"featured_media":118955,"comment_status":"","ping_status":"","sticky":false,"template":"","format":"standard","meta":{"footnotes":""},"categories":[12],"tags":[20,21,24,25,15,22,23,13,30,28,29,14,16,1359,26,27,42,43,44,45],"class_list":{"0":"post-118954","1":"post","2":"type-post","3":"status-publish","4":"format-standard","5":"has-post-thumbnail","7":"category-verden","8":"tag-breaking-news","9":"tag-breakingnews","10":"tag-featured-news","11":"tag-featurednews","12":"tag-headlines","13":"tag-latest-news","14":"tag-latestnews","15":"tag-news","16":"tag-no","17":"tag-norge","18":"tag-norway","19":"tag-nyheter","20":"tag-overskrifter","21":"tag-sverige","22":"tag-top-stories","23":"tag-topstories","24":"tag-verden","25":"tag-world","26":"tag-world-news","27":"tag-worldnews"},"share_on_mastodon":{"url":"https:\/\/pubeurope.com\/@no\/115758280385174338","error":""},"_links":{"self":[{"href":"https:\/\/www.europesays.com\/no\/wp-json\/wp\/v2\/posts\/118954","targetHints":{"allow":["GET"]}}],"collection":[{"href":"https:\/\/www.europesays.com\/no\/wp-json\/wp\/v2\/posts"}],"about":[{"href":"https:\/\/www.europesays.com\/no\/wp-json\/wp\/v2\/types\/post"}],"author":[{"embeddable":true,"href":"https:\/\/www.europesays.com\/no\/wp-json\/wp\/v2\/users\/2"}],"replies":[{"embeddable":true,"href":"https:\/\/www.europesays.com\/no\/wp-json\/wp\/v2\/comments?post=118954"}],"version-history":[{"count":0,"href":"https:\/\/www.europesays.com\/no\/wp-json\/wp\/v2\/posts\/118954\/revisions"}],"wp:featuredmedia":[{"embeddable":true,"href":"https:\/\/www.europesays.com\/no\/wp-json\/wp\/v2\/media\/118955"}],"wp:attachment":[{"href":"https:\/\/www.europesays.com\/no\/wp-json\/wp\/v2\/media?parent=118954"}],"wp:term":[{"taxonomy":"category","embeddable":true,"href":"https:\/\/www.europesays.com\/no\/wp-json\/wp\/v2\/categories?post=118954"},{"taxonomy":"post_tag","embeddable":true,"href":"https:\/\/www.europesays.com\/no\/wp-json\/wp\/v2\/tags?post=118954"}],"curies":[{"name":"wp","href":"https:\/\/api.w.org\/{rel}","templated":true}]}}