{"id":118956,"date":"2025-12-21T15:33:12","date_gmt":"2025-12-21T15:33:12","guid":{"rendered":"https:\/\/www.europesays.com\/no\/118956\/"},"modified":"2025-12-21T15:33:12","modified_gmt":"2025-12-21T15:33:12","slug":"trafikkulykke-e6-e6-ble-stengt-etter-flere-ulykker-meldes-om-at-det-er-svaert-glatt-pa-stedet","status":"publish","type":"post","link":"https:\/\/www.europesays.com\/no\/118956\/","title":{"rendered":"Trafikkulykke, E6 | E6 ble stengt etter flere ulykker: \u2013 Meldes om at det er sv\u00e6rt glatt p\u00e5 stedet"},"content":{"rendered":"\n<p><b>Oppdatert klokka 11:10: Politiet melder om at E6 er saltet og \u00e5pen for fri ferdsel igjen. <\/b><\/p>\n<p>Klokka 10.11 s\u00f8ndag formiddag melder operasjonsleder H\u00e5kon Hatlen i \u00d8st politidistrikt at en bil har kj\u00f8rt i autovernet p\u00e5 E6 i nordg\u00e5ende retning like nord for Gr\u00e5lum, og at n\u00f8detatene er p\u00e5 vei.<\/p>\n<p>\u2013 Store materielle skader p\u00e5 bil, ukjent hvordan det g\u00e5r med f\u00f8rer, opplyser operasjonslederen.<\/p>\n<p>Kort tid senere opplyser politiet at involverte kj\u00f8ret\u00f8y st\u00e5r p\u00e5 tvers i veibanen og at trafikken g\u00e5r sakte forbi p\u00e5 veiskulder.<\/p>\n<p>Klokka 10.22 melder Vegtrafikksentralen \u00d8st (VTS) p\u00e5 X at veien er stengt i forbindelse med ulykken.<\/p>\n<p>Klokka 10.30 s\u00f8ndag formiddag opplyser oppdragsleder Jimmy Pettersen i \u00d8st politidistrikt om en ny ulykke p\u00e5 E6 i retning Oslo, denne gang ved Kalnes.<\/p>\n<p>Oppdragslederen opplyser at det kun er en bil involvert i trafikkuhellet og at f\u00f8reren av denne bilen hevder seg uskadd.<\/p>\n<p>\u2013 En personbil skal ha mistet veigrepet og krasjet inn i autovernet. Meldes om at det er sv\u00e6rt glatt p\u00e5 stedet, og trafikanter som ferdes ute i trafikken bes om \u00e5 avpasse farten etter forholdene, melder oppdragslederen.<\/p>\n<p>\u2013 E6 nordg\u00e5ende er stengt til man har f\u00e5tt fjernet bilen av veibanen. Bilen st\u00e5r n\u00e5 tvers midt p\u00e5 E6, opplyser oppdragslederen.<\/p>\n<p>SAs fotograf Tobias Nordli melder at den ene ulykken har skjedd like ved p\u00e5kj\u00f8ringsfeltet ved Lekevoll p\u00e5 Gr\u00e5lum. Han kan ogs\u00e5 melde om at det er sv\u00e6rt glatt p\u00e5 stedet.<\/p>\n<p>Klokka 10.41 melder politiet at det er s\u00e5 glatt p\u00e5 E6 at den stenges fram til entrepren\u00f8r har f\u00e5tt str\u00f8dd p\u00e5 stedet.<\/p>\n<p>\u2013 Sko dere etter forholdene<\/p>\n<p>\u2013 Det renner inn meldinger om trafikkulykker p\u00e5 E6 b\u00e5de nord og syd for Oslo, ingen fremst\u00e5r alvorlige p\u00e5 n\u00e5v\u00e6rende tidspunkt. Trafikale utfordringer m\u00e5 p\u00e5regnes utover dagen p\u00e5 grunn av glatte veier. Sko dere etter forholdene, kj\u00f8r forsiktig og hold god avstand til forankj\u00f8rende, oppfordrer operasjonsleder H\u00e5kon Hatlen i \u00d8st politidistrikt.<\/p>\n","protected":false},"excerpt":{"rendered":"Oppdatert klokka 11:10: Politiet melder om at E6 er saltet og \u00e5pen for fri ferdsel igjen. Klokka 10.11&hellip;\n","protected":false},"author":2,"featured_media":2080,"comment_status":"","ping_status":"","sticky":false,"template":"","format":"standard","meta":{"footnotes":""},"categories":[10],"tags":[36,20,21,834,24,25,15,22,23,13,30,28,29,14,16,812,1510,26,27,666],"class_list":{"0":"post-118956","1":"post","2":"type-post","3":"status-publish","4":"format-standard","5":"has-post-thumbnail","7":"category-norge","8":"tag-art","9":"tag-breaking-news","10":"tag-breakingnews","11":"tag-e6","12":"tag-featured-news","13":"tag-featurednews","14":"tag-headlines","15":"tag-latest-news","16":"tag-latestnews","17":"tag-news","18":"tag-no","19":"tag-norge","20":"tag-norway","21":"tag-nyheter","22":"tag-overskrifter","23":"tag-sarpsborg","24":"tag-story","25":"tag-top-stories","26":"tag-topstories","27":"tag-trafikkulykke"},"share_on_mastodon":{"url":"https:\/\/pubeurope.com\/@no\/115758288352701042","error":""},"_links":{"self":[{"href":"https:\/\/www.europesays.com\/no\/wp-json\/wp\/v2\/posts\/118956","targetHints":{"allow":["GET"]}}],"collection":[{"href":"https:\/\/www.europesays.com\/no\/wp-json\/wp\/v2\/posts"}],"about":[{"href":"https:\/\/www.europesays.com\/no\/wp-json\/wp\/v2\/types\/post"}],"author":[{"embeddable":true,"href":"https:\/\/www.europesays.com\/no\/wp-json\/wp\/v2\/users\/2"}],"replies":[{"embeddable":true,"href":"https:\/\/www.europesays.com\/no\/wp-json\/wp\/v2\/comments?post=118956"}],"version-history":[{"count":0,"href":"https:\/\/www.europesays.com\/no\/wp-json\/wp\/v2\/posts\/118956\/revisions"}],"wp:featuredmedia":[{"embeddable":true,"href":"https:\/\/www.europesays.com\/no\/wp-json\/wp\/v2\/media\/2080"}],"wp:attachment":[{"href":"https:\/\/www.europesays.com\/no\/wp-json\/wp\/v2\/media?parent=118956"}],"wp:term":[{"taxonomy":"category","embeddable":true,"href":"https:\/\/www.europesays.com\/no\/wp-json\/wp\/v2\/categories?post=118956"},{"taxonomy":"post_tag","embeddable":true,"href":"https:\/\/www.europesays.com\/no\/wp-json\/wp\/v2\/tags?post=118956"}],"curies":[{"name":"wp","href":"https:\/\/api.w.org\/{rel}","templated":true}]}}