{"id":118975,"date":"2025-12-21T16:15:08","date_gmt":"2025-12-21T16:15:08","guid":{"rendered":"https:\/\/www.europesays.com\/no\/118975\/"},"modified":"2025-12-21T16:15:08","modified_gmt":"2025-12-21T16:15:08","slug":"venezuela-usa-usa-har-bordet-nok-en-oljetanker-utenfor-venezuela","status":"publish","type":"post","link":"https:\/\/www.europesays.com\/no\/118975\/","title":{"rendered":"Venezuela, USA | USA har bordet nok en oljetanker utenfor Venezuela"},"content":{"rendered":"\n<p>If\u00f8lge nyhetsbyr\u00e5et Bloomberg dreier det seg om den Panama-registrerte oljetankeren Bella, men dette er ikke bekreftet fra annet hold.<\/p>\n<p>President Donald Trump varslet for f\u00e5 dager siden at USA ville innf\u00f8re full blokade av oljetankere p\u00e5 vei til eller fra Venezuela. <\/p>\n<p> I et <a href=\"https:\/\/truthsocial.com\/@realDonaldTrump\/posts\/115731908387416458\" rel=\"nofollow noopener\" target=\"_blank\">innlegg p\u00e5 Truth Social<\/a> stemplet Trump samtidig Venezuela som \u00aben utenlandsk terrororganisasjon\u00bb.<\/p>\n<p>USAs sikkerhetsminister Kristi Noem bekreftet l\u00f8rdag at en annen oljetanker var stanset og beslaglagt i internasjonalt farvann utenfor kysten av Venezuela.<\/p>\n<p>\u2013 USA vil fortsette \u00e5 forf\u00f8lge ulovlig transport av sanksjonert olje som brukes til \u00e5 finansiere narkoterrorisme i regionen, skrev hun p\u00e5 X. <\/p>\n<p>Tidligere i m\u00e5neden ble tankskipet Skipper beslaglagt og f\u00f8rt til en amerikansk havn.<\/p>\n","protected":false},"excerpt":{"rendered":"If\u00f8lge nyhetsbyr\u00e5et Bloomberg dreier det seg om den Panama-registrerte oljetankeren Bella, men dette er ikke bekreftet fra annet&hellip;\n","protected":false},"author":2,"featured_media":118976,"comment_status":"","ping_status":"","sticky":false,"template":"","format":"standard","meta":{"footnotes":""},"categories":[12],"tags":[20,21,24,25,15,22,23,13,30,28,29,14,16,26,27,42,43,44,45],"class_list":{"0":"post-118975","1":"post","2":"type-post","3":"status-publish","4":"format-standard","5":"has-post-thumbnail","7":"category-verden","8":"tag-breaking-news","9":"tag-breakingnews","10":"tag-featured-news","11":"tag-featurednews","12":"tag-headlines","13":"tag-latest-news","14":"tag-latestnews","15":"tag-news","16":"tag-no","17":"tag-norge","18":"tag-norway","19":"tag-nyheter","20":"tag-overskrifter","21":"tag-top-stories","22":"tag-topstories","23":"tag-verden","24":"tag-world","25":"tag-world-news","26":"tag-worldnews"},"share_on_mastodon":{"url":"https:\/\/pubeurope.com\/@no\/115758453922205653","error":""},"_links":{"self":[{"href":"https:\/\/www.europesays.com\/no\/wp-json\/wp\/v2\/posts\/118975","targetHints":{"allow":["GET"]}}],"collection":[{"href":"https:\/\/www.europesays.com\/no\/wp-json\/wp\/v2\/posts"}],"about":[{"href":"https:\/\/www.europesays.com\/no\/wp-json\/wp\/v2\/types\/post"}],"author":[{"embeddable":true,"href":"https:\/\/www.europesays.com\/no\/wp-json\/wp\/v2\/users\/2"}],"replies":[{"embeddable":true,"href":"https:\/\/www.europesays.com\/no\/wp-json\/wp\/v2\/comments?post=118975"}],"version-history":[{"count":0,"href":"https:\/\/www.europesays.com\/no\/wp-json\/wp\/v2\/posts\/118975\/revisions"}],"wp:featuredmedia":[{"embeddable":true,"href":"https:\/\/www.europesays.com\/no\/wp-json\/wp\/v2\/media\/118976"}],"wp:attachment":[{"href":"https:\/\/www.europesays.com\/no\/wp-json\/wp\/v2\/media?parent=118975"}],"wp:term":[{"taxonomy":"category","embeddable":true,"href":"https:\/\/www.europesays.com\/no\/wp-json\/wp\/v2\/categories?post=118975"},{"taxonomy":"post_tag","embeddable":true,"href":"https:\/\/www.europesays.com\/no\/wp-json\/wp\/v2\/tags?post=118975"}],"curies":[{"name":"wp","href":"https:\/\/api.w.org\/{rel}","templated":true}]}}