{"id":118977,"date":"2025-12-21T16:16:47","date_gmt":"2025-12-21T16:16:47","guid":{"rendered":"https:\/\/www.europesays.com\/no\/118977\/"},"modified":"2025-12-21T16:16:47","modified_gmt":"2025-12-21T16:16:47","slug":"morgenrapport-verdal-voldshendelse-i-verdal-en-person-fraktet-til-sykehus","status":"publish","type":"post","link":"https:\/\/www.europesays.com\/no\/118977\/","title":{"rendered":"Morgenrapport, Verdal | Voldshendelse i Verdal \u2013 \u00e9n person fraktet til sykehus"},"content":{"rendered":"\n<p>\u2013 P\u00e5 generell basis har det v\u00e6rt en god del \u00e5 gj\u00f8re i natt, og nok \u00e5 henge fingrene i for politiet og operasjonssentralen. Spesielt i midtre- og nordre delen av fylket, sier operasjonsleder Trond Volden i politiet i Tr\u00f8ndelag tidlig s\u00f8ndag morgen.<\/p>\n<p>Roen har med andre ord ikke senket seg i politiloggen.<\/p>\n<p>Klokka 00.52 fikk politiet melding om en voldshendelse p\u00e5 en privat adresse i Verdal.<\/p>\n<p>\u2013 To godt voksne braket sammen. Den ene ble fraktet til sykehus med ambulanse, og gjerningspersonen er p\u00e5grepet. Her kjenner vi ikke til bakgrunnen for hendelsen eller hva mer som har skjedd, men det er tatt en del avh\u00f8r allerede, sier Volden.<\/p>\n<p>En bilf\u00f8rer i 30-\u00e5rene ble ogs\u00e5 stoppet ved Vinne i Verdal natt til s\u00f8ndag. Volden opplyser at personen bl\u00e5ste til over lovlig verdi og ble tatt for promillekj\u00f8ring.<\/p>\n<p>Utested slapp inn mindre\u00e5rige<\/p>\n<p>P\u00e5 et utested i St\u00f8rdal fikk en patrulje nyss i at det ble sluppet inn mindre\u00e5rige og at disse ble skjenket alkohol.<\/p>\n<p>\u2013 Bakgrunnen for at de kom inn var forfalsket legitimasjon. Politiet har varslet skjenkekontrollen i kommunen. Det er utestedet sitt ansvar \u00e5 velge legitimasjon som man er sikker p\u00e5 at ikke kan bli forfalsket. Vi vet ikke hva skjenkekontrollen velger \u00e5 gj\u00f8re videre.<\/p>\n<p>I Kolvereid ble en mann i 20-\u00e5rene bortvist etter ordensforstyrrelser ved et utested. Politiet fikk melding klokka 02.21.<\/p>\n<p>\u2013 Vedkommende ble bortvist, men valgte \u00e5 komme tilbake igjen og br\u00f8yt p\u00e5legget fra politiet. Han valgte ogs\u00e5 \u00e5 kalle politiet med sjikanerende ord. Mannen blir anmeldt.<\/p>\n<p>I Steinkjer stanset politiet en bilf\u00f8rer i slutten av ten\u00e5rene klokka 00.37.<\/p>\n<p>\u2013 Han kj\u00f8rte i 111 km\/t i 70-sonen. F\u00f8rerkortet er beslaglagt og f\u00f8reren anmeldt.<\/p>\n<p>I tillegg forteller Volden at politiet har hatt en god del vanlige ordensforstyrrelser i tillegg, som mindre slagsm\u00e5l og bortvisninger. Det har generelt v\u00e6rt mye \u00e5 gj\u00f8re gjennom hele natta, gjentar han.<\/p>\n<p><b>\u2013 Bruker det \u00e5 v\u00e6re spesielt travelt inn mot jul?<\/b><\/p>\n<p>\u2013 Jeg kan ikke vise til noe statistikk her, men natt til i g\u00e5r var ganske grei. Det var mer \u00e5 gj\u00f8re i natt. Men det som er typisk p\u00e5 denne tida av \u00e5ret er at skoleungdommer og unge voksne har startet med skoleferie. Mange kommer hjem fra andre steder i landet, g\u00e5r ut p\u00e5 byen og er litt friere, avslutter Volden.<\/p>\n<p>Mildv\u00e6ret fortsetter<\/p>\n<p>Det er tre dager igjen til jul, og siste innspurten m\u00e5 du nok gj\u00f8re mellom regnbygene. Yrs tekvarsel sier f\u00f8lgende om siste s\u00f8ndag i advent:<\/p>\n<p>\u00abNordvest frisk bris utsatte stede i natt ellers skiftende bris. F\u00f8rst p\u00e5 dagen enkelte regnbyger, sn\u00f8byger over 600\u2013800 m, ellers for det meste skyet oppholdsv\u00e6r. Lokal t\u00e5ke.\u00bb <\/p>\n<p>P\u00e5 T-A.no<\/p>\n<p>16. september sto Torbj\u00f8rn Skjerve (76) i brann etter en eksplosjon. For ekteparet Skjerve vil det for alltid v\u00e6re f\u00f8r og etter ulykken. Les den sterke historien her:<\/p>\n<p>  <a href=\"https:\/\/www.t-a.no\/5-116-2274293\" class=\"related-teaser has-image default-feature-teaser article--c-eRUmMG article--c-eRUmMG-jKCPdD-design-default\" rel=\"nofollow noopener\" target=\"_blank\"><\/p>\n<p>    <img decoding=\"async\" loading=\"lazy\"  src=\"https:\/\/www.europesays.com\/no\/wp-content\/uploads\/2025\/12\/JAtorbj_rn-ulykke01.jpg\" alt=\"\" class=\"brick-c-cFOWSL\" style=\"\"\/><\/p>\n<p>\n            Les ogs\u00e5<\/p>\n<p>              Torbj\u00f8rn (76) sto i brann etter eksplosjonen: \u2013 Et \u00f8yeblikk trodde jeg det var slutt\n        <\/p>\n<p>  <\/a><\/p>\n<p>Flere sliter med \u00e5 f\u00e5 endene til \u00e5 m\u00f8tes. En 75-\u00e5ring fra Steinkjer er minstepensjonist. Kvinnen har st\u00e5tt p\u00e5, betalt skatt og hatt et aktivt arbeidsliv helt fram til hun ble pensjonist. Likevel har hun ikke penger til nok mat p\u00e5 bordet, og er blant mange som f\u00e5r utdelt mat gjennom \u00e5ret:<\/p>\n<p>  <a href=\"https:\/\/www.t-a.no\/5-116-2274417\" class=\"related-teaser has-image default-story-teaser article--c-eRUmMG article--c-eRUmMG-jKCPdD-design-default\" rel=\"nofollow noopener\" target=\"_blank\"><\/p>\n<p>    <img decoding=\"async\" loading=\"lazy\"  src=\"https:\/\/www.europesays.com\/no\/wp-content\/uploads\/2025\/12\/DSC_5863.jpg\" alt=\"\" class=\"brick-c-cFOWSL\" style=\"\"\/><\/p>\n<p>\n            Les ogs\u00e5<\/p>\n<p>              Har jobbet hele livet \u2013 har ikke r\u00e5d til mat\n        <\/p>\n<p>  <\/a><\/p>\n<p>L\u00f8rdag kveld tok det fyr i et persontog ved \u00c5sen stasjon. Fire passasjerer var om bord, men ingen ble skadet.<\/p>\n<p>  <a href=\"https:\/\/www.t-a.no\/5-116-2277799\" class=\"related-teaser has-image default-story-teaser article--c-eRUmMG article--c-eRUmMG-jKCPdD-design-default\" rel=\"nofollow noopener\" target=\"_blank\"><\/p>\n<p>    <img decoding=\"async\" loading=\"lazy\"  src=\"https:\/\/www.europesays.com\/no\/wp-content\/uploads\/2025\/12\/photo+%2847%29.jpg\" alt=\"\" class=\"brick-c-cFOWSL\" style=\"\"\/><\/p>\n<p>\n            Les ogs\u00e5<\/p>\n<p>              Brann i persontog \u2013 passasjerer ble evakuert\n        <\/p>\n<p>  <\/a><\/p>\n","protected":false},"excerpt":{"rendered":"\u2013 P\u00e5 generell basis har det v\u00e6rt en god del \u00e5 gj\u00f8re i natt, og nok \u00e5 henge&hellip;\n","protected":false},"author":2,"featured_media":3842,"comment_status":"","ping_status":"","sticky":false,"template":"","format":"standard","meta":{"footnotes":""},"categories":[10],"tags":[36,20,21,24,25,15,22,23,739,13,30,28,29,14,16,782,984,1510,26,27,941,553,2133],"class_list":{"0":"post-118977","1":"post","2":"type-post","3":"status-publish","4":"format-standard","5":"has-post-thumbnail","7":"category-norge","8":"tag-art","9":"tag-breaking-news","10":"tag-breakingnews","11":"tag-featured-news","12":"tag-featurednews","13":"tag-headlines","14":"tag-latest-news","15":"tag-latestnews","16":"tag-morgenrapport","17":"tag-news","18":"tag-no","19":"tag-norge","20":"tag-norway","21":"tag-nyheter","22":"tag-overskrifter","23":"tag-politiloggen","24":"tag-steinkjer","25":"tag-story","26":"tag-top-stories","27":"tag-topstories","28":"tag-ulykker-og-hendelser","29":"tag-vaer","30":"tag-verdal"},"share_on_mastodon":{"url":"https:\/\/pubeurope.com\/@no\/115758461530020066","error":""},"_links":{"self":[{"href":"https:\/\/www.europesays.com\/no\/wp-json\/wp\/v2\/posts\/118977","targetHints":{"allow":["GET"]}}],"collection":[{"href":"https:\/\/www.europesays.com\/no\/wp-json\/wp\/v2\/posts"}],"about":[{"href":"https:\/\/www.europesays.com\/no\/wp-json\/wp\/v2\/types\/post"}],"author":[{"embeddable":true,"href":"https:\/\/www.europesays.com\/no\/wp-json\/wp\/v2\/users\/2"}],"replies":[{"embeddable":true,"href":"https:\/\/www.europesays.com\/no\/wp-json\/wp\/v2\/comments?post=118977"}],"version-history":[{"count":0,"href":"https:\/\/www.europesays.com\/no\/wp-json\/wp\/v2\/posts\/118977\/revisions"}],"wp:featuredmedia":[{"embeddable":true,"href":"https:\/\/www.europesays.com\/no\/wp-json\/wp\/v2\/media\/3842"}],"wp:attachment":[{"href":"https:\/\/www.europesays.com\/no\/wp-json\/wp\/v2\/media?parent=118977"}],"wp:term":[{"taxonomy":"category","embeddable":true,"href":"https:\/\/www.europesays.com\/no\/wp-json\/wp\/v2\/categories?post=118977"},{"taxonomy":"post_tag","embeddable":true,"href":"https:\/\/www.europesays.com\/no\/wp-json\/wp\/v2\/tags?post=118977"}],"curies":[{"name":"wp","href":"https:\/\/api.w.org\/{rel}","templated":true}]}}