{"id":118986,"date":"2025-12-21T16:31:08","date_gmt":"2025-12-21T16:31:08","guid":{"rendered":"https:\/\/www.europesays.com\/no\/118986\/"},"modified":"2025-12-21T16:31:08","modified_gmt":"2025-12-21T16:31:08","slug":"enken-etter-charlie-kirk-stotter-vance-som-presidentkandidat","status":"publish","type":"post","link":"https:\/\/www.europesays.com\/no\/118986\/","title":{"rendered":"Enken etter Charlie Kirk st\u00f8tter Vance som presidentkandidat"},"content":{"rendered":"<p>\n        Erika Kirk avbildet sammen med visepresident J.D. Vance p\u00e5 et arrangement etter Charlie Kirks d\u00f8d.<br \/>\n        Gerald Herbert \/ AP \/ NTB\n    <\/p>\n<p>    Erika Kirk har startet kappl\u00f8pet mot Det hvite hus tidlig og gir sin st\u00f8tte til J.D. Vance som presidentkandidat i 2028. <\/p>\n<p>Kirk tilbyr samtidig st\u00f8tten fra den innflytelsesrike ungdomsorganisasjonen Turning Point USA som ble grunnlagt av hennes mann.<\/p>\n<p>Organisasjonen spilte en viktig rolle i \u00e5 mobilisere unge mennesker til \u00e5 stemme p\u00e5 Donald Trump i 2024.<\/p>\n<p>\u2013 Vi kommer til \u00e5 f\u00e5 min manns venn J.D. Vance valgt som den 48. presidenten p\u00e5 den mest str\u00e5lende m\u00e5ten mulig, sa hun torsdag kveld p\u00e5 AmericaFest, den f\u00f8rste store Turning Point-samlingen siden Charlie Kirk ble drept.<\/p>\n","protected":false},"excerpt":{"rendered":"Erika Kirk avbildet sammen med visepresident J.D. Vance p\u00e5 et arrangement etter Charlie Kirks d\u00f8d. Gerald Herbert \/&hellip;\n","protected":false},"author":2,"featured_media":118987,"comment_status":"","ping_status":"","sticky":false,"template":"","format":"standard","meta":{"footnotes":""},"categories":[12],"tags":[20,21,24,25,15,22,23,13,30,28,29,14,16,26,27,42,43,44,45],"class_list":{"0":"post-118986","1":"post","2":"type-post","3":"status-publish","4":"format-standard","5":"has-post-thumbnail","7":"category-verden","8":"tag-breaking-news","9":"tag-breakingnews","10":"tag-featured-news","11":"tag-featurednews","12":"tag-headlines","13":"tag-latest-news","14":"tag-latestnews","15":"tag-news","16":"tag-no","17":"tag-norge","18":"tag-norway","19":"tag-nyheter","20":"tag-overskrifter","21":"tag-top-stories","22":"tag-topstories","23":"tag-verden","24":"tag-world","25":"tag-world-news","26":"tag-worldnews"},"share_on_mastodon":{"url":"https:\/\/pubeurope.com\/@no\/115758516625486787","error":""},"_links":{"self":[{"href":"https:\/\/www.europesays.com\/no\/wp-json\/wp\/v2\/posts\/118986","targetHints":{"allow":["GET"]}}],"collection":[{"href":"https:\/\/www.europesays.com\/no\/wp-json\/wp\/v2\/posts"}],"about":[{"href":"https:\/\/www.europesays.com\/no\/wp-json\/wp\/v2\/types\/post"}],"author":[{"embeddable":true,"href":"https:\/\/www.europesays.com\/no\/wp-json\/wp\/v2\/users\/2"}],"replies":[{"embeddable":true,"href":"https:\/\/www.europesays.com\/no\/wp-json\/wp\/v2\/comments?post=118986"}],"version-history":[{"count":0,"href":"https:\/\/www.europesays.com\/no\/wp-json\/wp\/v2\/posts\/118986\/revisions"}],"wp:featuredmedia":[{"embeddable":true,"href":"https:\/\/www.europesays.com\/no\/wp-json\/wp\/v2\/media\/118987"}],"wp:attachment":[{"href":"https:\/\/www.europesays.com\/no\/wp-json\/wp\/v2\/media?parent=118986"}],"wp:term":[{"taxonomy":"category","embeddable":true,"href":"https:\/\/www.europesays.com\/no\/wp-json\/wp\/v2\/categories?post=118986"},{"taxonomy":"post_tag","embeddable":true,"href":"https:\/\/www.europesays.com\/no\/wp-json\/wp\/v2\/tags?post=118986"}],"curies":[{"name":"wp","href":"https:\/\/api.w.org\/{rel}","templated":true}]}}