{"id":118994,"date":"2025-12-21T16:40:19","date_gmt":"2025-12-21T16:40:19","guid":{"rendered":"https:\/\/www.europesays.com\/no\/118994\/"},"modified":"2025-12-21T16:40:19","modified_gmt":"2025-12-21T16:40:19","slug":"julekos-og-kaos-med-ingvild","status":"publish","type":"post","link":"https:\/\/www.europesays.com\/no\/118994\/","title":{"rendered":"Julekos og kaos med Ingvild"},"content":{"rendered":"<p>Forrige Neste   <video playsinline=\"\" muted=\"muted\" autoplay=\"autoplay\" loop=\"loop\" preload=\"metadata\" crossorigin=\"anonymous\" poster=\"https:\/\/images.stream.schibsted.media\/users\/fvn\/images\/e29108d54dc170f48b529d8095899902.jpg?t[]=1080q80\"> <\/video> <\/p>\n<p> P\u00e5 det gr\u00f8nne kj\u00f8kkenet i Mandal g\u00e5r det hett for seg.  <\/p>\n<p><img decoding=\"async\" src=\"data:image\/gif;base64,R0lGODlhEAAJAIAAAP\/\/\/wAAACH5BAEAAAAALAAAAAAQAAkAAAIKhI+py+0Po5yUFQA7\" alt=\"\"\/> <\/p>\n<p>  <strong>Foto:<\/strong> Kristin Ellefsen<\/p>\n<p> Ingvild Wetrhus Thorsvik kan skimtes der i dampen p\u00e5 kj\u00f8kkenet. Her skal det lages julemat. <\/p>\n<p><img decoding=\"async\" src=\"data:image\/gif;base64,R0lGODlhEAAJAIAAAP\/\/\/wAAACH5BAEAAAAALAAAAAAQAAkAAAIKhI+py+0Po5yUFQA7\" alt=\"\"\/> <\/p>\n<p>  <strong>Foto:<\/strong> Kristin Ellefsen<\/p>\n<p> Med n\u00f8ttestek og vegansk julemat deler Ingvild Wetrhus Thorsvik b\u00e5de smaker, tanker og et \u00f8nske om \u00e5 gj\u00f8re verden litt bedre. <\/p>\n<blockquote>\n<p>F\u00f8rst m\u00e5 hun bare f\u00e5 litt kontroll over kokkeleringen.<\/p>\n<\/blockquote>\n<p>Tekst: Hilde W\u00f8hni\/Foto: Kristin Ellefsen<\/p>\n<blockquote>\n<p>***<\/p>\n<\/blockquote>\n<p>Folk som vandrer langs brosteinsgater eller p\u00e5 Sj\u00f8sanden denne dagen kan kanskje skimte en sv\u00e6r dampsky langt der oppe p\u00e5 Torjusheia.<\/p>\n<p>Bare slapp av, det er bare Ingvild som koker og braser.<\/p>\n<p>Det damper p\u00e5 vinduene, og Ingvild er i full, kaotisk sving.<\/p>\n","protected":false},"excerpt":{"rendered":"Forrige Neste P\u00e5 det gr\u00f8nne kj\u00f8kkenet i Mandal g\u00e5r det hett for seg. Foto: Kristin Ellefsen Ingvild Wetrhus&hellip;\n","protected":false},"author":2,"featured_media":118995,"comment_status":"","ping_status":"","sticky":false,"template":"","format":"standard","meta":{"footnotes":""},"categories":[10],"tags":[20,21,24,25,15,14239,5593,9242,12267,22,23,14238,4868,13,30,28,29,14,16,26,27,14240],"class_list":{"0":"post-118994","1":"post","2":"type-post","3":"status-publish","4":"format-standard","5":"has-post-thumbnail","7":"category-norge","8":"tag-breaking-news","9":"tag-breakingnews","10":"tag-featured-news","11":"tag-featurednews","12":"tag-headlines","13":"tag-ingvild-wetrhus-thorsvik","14":"tag-jul","15":"tag-julemat","16":"tag-julestemning","17":"tag-latest-news","18":"tag-latestnews","19":"tag-ljosland","20":"tag-mandal","21":"tag-news","22":"tag-no","23":"tag-norge","24":"tag-norway","25":"tag-nyheter","26":"tag-overskrifter","27":"tag-top-stories","28":"tag-topstories","29":"tag-vegetarianer"},"share_on_mastodon":{"url":"https:\/\/pubeurope.com\/@no\/115758551653583817","error":""},"_links":{"self":[{"href":"https:\/\/www.europesays.com\/no\/wp-json\/wp\/v2\/posts\/118994","targetHints":{"allow":["GET"]}}],"collection":[{"href":"https:\/\/www.europesays.com\/no\/wp-json\/wp\/v2\/posts"}],"about":[{"href":"https:\/\/www.europesays.com\/no\/wp-json\/wp\/v2\/types\/post"}],"author":[{"embeddable":true,"href":"https:\/\/www.europesays.com\/no\/wp-json\/wp\/v2\/users\/2"}],"replies":[{"embeddable":true,"href":"https:\/\/www.europesays.com\/no\/wp-json\/wp\/v2\/comments?post=118994"}],"version-history":[{"count":0,"href":"https:\/\/www.europesays.com\/no\/wp-json\/wp\/v2\/posts\/118994\/revisions"}],"wp:featuredmedia":[{"embeddable":true,"href":"https:\/\/www.europesays.com\/no\/wp-json\/wp\/v2\/media\/118995"}],"wp:attachment":[{"href":"https:\/\/www.europesays.com\/no\/wp-json\/wp\/v2\/media?parent=118994"}],"wp:term":[{"taxonomy":"category","embeddable":true,"href":"https:\/\/www.europesays.com\/no\/wp-json\/wp\/v2\/categories?post=118994"},{"taxonomy":"post_tag","embeddable":true,"href":"https:\/\/www.europesays.com\/no\/wp-json\/wp\/v2\/tags?post=118994"}],"curies":[{"name":"wp","href":"https:\/\/api.w.org\/{rel}","templated":true}]}}