{"id":119015,"date":"2025-12-21T17:10:12","date_gmt":"2025-12-21T17:10:12","guid":{"rendered":"https:\/\/www.europesays.com\/no\/119015\/"},"modified":"2025-12-21T17:10:12","modified_gmt":"2025-12-21T17:10:12","slug":"strombrudd-lammet-san-francisco-selvkjorende-biler-stoppet-midt-i-gaten","status":"publish","type":"post","link":"https:\/\/www.europesays.com\/no\/119015\/","title":{"rendered":"Str\u00f8mbrudd lammet San Francisco \u2013 selvkj\u00f8rende biler stoppet midt i gaten"},"content":{"rendered":"\n<p class=\"_lead_o9xde_2 _lead_xtcu6_50 layout-component text-serif-m layout-normal text-serif-l layout-component layout-wide layout-padded _wide_17hqh_1 layout-padded\">130.000 hjem og bedrifter mistet str\u00f8mmen, og selvkj\u00f8rende biler stoppet opp.<\/p>\n<p><img alt=\" Foto: Carlos Barria \/ Reuters\" class=\"_image_qp4xg_65 layout-component layout-wide\" data-fullscreen- data-track-element-type=\"Article image fullscreen\" data-track-name=\"ImageFullscreen\" fetchpriority=\"high\" decoding=\"sync\" loading=\"eager\" height=\"4577\" itemprop=\"image\"  src=\"https:\/\/www.europesays.com\/no\/wp-content\/uploads\/2025\/12\/734b3661-c317-48b0-b5a7-66f8ceac1339\"  style=\"object-position:0% 0%\" width=\"4021\"\/> Foto: Carlos Barria \/ Reuters<\/p>\n<ul aria-hidden=\"true\" class=\"_images_ntbth_112\">\n<li><a class=\"_link_ntbth_117\" href=\"https:\/\/www.vg.no\/forfatter\/goeran-bohlin-2\" style=\"z-index:1\" title=\"G\u00f8ran Bohlin\" rel=\"nofollow noopener\" target=\"_blank\"><img alt=\"Bilde av G\u00f8ran Bohlin\" class=\"_image_ntbth_93\" fetchpriority=\"low\" loading=\"lazy\" decoding=\"async\" itemprop=\"image\"  src=\"https:\/\/www.europesays.com\/no\/wp-content\/uploads\/2025\/12\/1766337011_686_b5d71325-cc19-4421-8838-7c2f8ec2f754\"  width=\"480\"\/><\/a><\/li>\n<\/ul>\n<p> Oppdatert s\u00f8ndag 21. desember kl. 17:49     <\/p>\n<p class=\"_paragraph_o9xde_4 _paragraph_xtcu6_10 layout-component text-serif-m layout-normal text-serif-m layout-padded\">Et massivt str\u00f8mbrudd rammet store deler av San Francisco l\u00f8rdag og skapte kaos i byen. Rundt 130.000 hjem og bedrifter mistet str\u00f8mmen, noe som utgjorde omtrent en tredjedel av alle kunder til str\u00f8mselskapet Pacific Gas and Electric Co. i byen, melder <a href=\"https:\/\/www.foxnews.com\/us\/san-francisco-power-outage-puts-130000-dark-self-driving-car-service-stops-vehicles-street\" class=\"_link_o9xde_39\" rel=\"nofollow noopener\" target=\"_blank\">Fox News<\/a>.<\/p>\n<p><img alt=\"Foto: Jeff Chiu \/ AP\" class=\"_image_qp4xg_65 layout-component layout-normal\" data-fullscreen- data-track-element-type=\"Article image fullscreen\" data-track-name=\"ImageFullscreen\" decoding=\"async\" loading=\"lazy\" height=\"4039\" itemprop=\"image\"  src=\"https:\/\/www.europesays.com\/no\/wp-content\/uploads\/2025\/12\/6420b604-5eb7-43f4-b95f-e85509d96308\"  style=\"object-position:0% 0%\" width=\"5386\"\/>Foto: Jeff Chiu \/ AP<\/p>\n<p class=\"_paragraph_o9xde_4 _paragraph_xtcu6_10 layout-component text-serif-m layout-normal text-serif-m layout-padded\">Str\u00f8mbruddet skjedde rett etter klokken 13 l\u00f8rdag og spredte seg raskt over byens nordlige deler. Str\u00f8mbruddet\u00a0rammet omr\u00e5dene Richmond, Presidio og omr\u00e5der rundt Golden Gate Park.<\/p>\n<p class=\"_paragraph_o9xde_4 _paragraph_xtcu6_10 layout-component text-serif-m layout-normal text-serif-m layout-padded\">De selvkj\u00f8rende bilene til Waymo ble st\u00e5ende fast midt i gatene da de ikke klarte \u00e5 registrere at trafikklysene var slukket. Det f\u00f8rte til lange k\u00f8er. <\/p>\n<p><img alt=\"Foto: Jeff Chiu \/ AP\" class=\"_image_qp4xg_65 layout-component layout-normal\" data-fullscreen- data-track-element-type=\"Article image fullscreen\" data-track-name=\"ImageFullscreen\" decoding=\"async\" loading=\"lazy\" height=\"4137\" itemprop=\"image\"  src=\"https:\/\/www.europesays.com\/no\/wp-content\/uploads\/2025\/12\/4d62fec6-239a-488e-8834-9474ce58ba21\"  style=\"object-position:0% 0%\" width=\"5516\"\/>Foto: Jeff Chiu \/ AP<\/p>\n<p class=\"_paragraph_o9xde_4 _paragraph_xtcu6_10 layout-component text-serif-m layout-normal text-serif-m layout-padded\">\u2013 Vi har midlertidig suspendert v\u00e5re kj\u00f8retjenester i San Francisco Bay-omr\u00e5det p\u00e5 grunn av det omfattende str\u00f8mbruddet, sa selskapet til Fox News.<\/p>\n<p class=\"_paragraph_o9xde_4 _paragraph_xtcu6_10 layout-component text-serif-m layout-normal text-serif-m layout-padded\">Brannvesenet opplyste at deler av str\u00f8mbruddet skyldtes en brann i en transformatorstasjon i sentrum.<\/p>\n<p class=\"_paragraph_o9xde_4 _paragraph_xtcu6_10 layout-component text-serif-m layout-normal text-serif-m layout-padded\">Lokale medier meldte l\u00f8rdag om omfattende stenging av restauranter og butikker. Gatelys og julebelysning var slukket p\u00e5 en av \u00e5rets travleste handledager.<\/p>\n<p><img alt=\"Foto: Carlos Barria \/ Reuters \/ NTB\" class=\"_image_qp4xg_65 layout-component layout-normal\" data-fullscreen- data-track-element-type=\"Article image fullscreen\" data-track-name=\"ImageFullscreen\" decoding=\"async\" loading=\"lazy\" height=\"4741\" itemprop=\"image\"  src=\"https:\/\/www.europesays.com\/no\/wp-content\/uploads\/2025\/12\/f66f88d8-e9e6-43cb-9e6b-a86e95c794bc\"  style=\"object-position:0% 0%\" width=\"6321\"\/>Foto: Carlos Barria \/ Reuters \/ NTB<\/p>\n<p class=\"_paragraph_o9xde_4 _paragraph_xtcu6_10 layout-component text-serif-m layout-normal text-serif-m layout-padded\">San Franciscos kriseh\u00e5ndteringsavdeling oppfordret innbyggerne til \u00e5 unng\u00e5 un\u00f8dvendige reiser. I m\u00f8rklagte lyskryss skulle man kj\u00f8re etter reglene til stoppskilt. <\/p>\n<p class=\"_paragraph_o9xde_4 _paragraph_xtcu6_10 layout-component text-serif-m layout-normal text-serif-m layout-padded\">If\u00f8lge <a href=\"https:\/\/apnews.com\/article\/power-outage-san-francisco-pge-4e92a586ce4d71865fa9f1f4fd057df3\" class=\"_link_o9xde_39\" rel=\"nofollow noopener\" target=\"_blank\">AP<\/a> ble str\u00f8mmen gjenopprettet\u00a0hos de fleste\u00a0s\u00f8ndag morgen, men over 20.000 kunder var fremdeles uten str\u00f8m klokken 05 lokal tid.<\/p>\n","protected":false},"excerpt":{"rendered":"130.000 hjem og bedrifter mistet str\u00f8mmen, og selvkj\u00f8rende biler stoppet opp. Foto: Carlos Barria \/ Reuters Oppdatert s\u00f8ndag&hellip;\n","protected":false},"author":2,"featured_media":119016,"comment_status":"","ping_status":"","sticky":false,"template":"","format":"standard","meta":{"footnotes":""},"categories":[12],"tags":[20,21,24,25,15,22,23,13,30,28,29,14,16,26,27,42,46,43,44,45],"class_list":{"0":"post-119015","1":"post","2":"type-post","3":"status-publish","4":"format-standard","5":"has-post-thumbnail","7":"category-verden","8":"tag-breaking-news","9":"tag-breakingnews","10":"tag-featured-news","11":"tag-featurednews","12":"tag-headlines","13":"tag-latest-news","14":"tag-latestnews","15":"tag-news","16":"tag-no","17":"tag-norge","18":"tag-norway","19":"tag-nyheter","20":"tag-overskrifter","21":"tag-top-stories","22":"tag-topstories","23":"tag-verden","24":"tag-vgai","25":"tag-world","26":"tag-world-news","27":"tag-worldnews"},"share_on_mastodon":{"url":"https:\/\/pubeurope.com\/@no\/115758670140632587","error":""},"_links":{"self":[{"href":"https:\/\/www.europesays.com\/no\/wp-json\/wp\/v2\/posts\/119015","targetHints":{"allow":["GET"]}}],"collection":[{"href":"https:\/\/www.europesays.com\/no\/wp-json\/wp\/v2\/posts"}],"about":[{"href":"https:\/\/www.europesays.com\/no\/wp-json\/wp\/v2\/types\/post"}],"author":[{"embeddable":true,"href":"https:\/\/www.europesays.com\/no\/wp-json\/wp\/v2\/users\/2"}],"replies":[{"embeddable":true,"href":"https:\/\/www.europesays.com\/no\/wp-json\/wp\/v2\/comments?post=119015"}],"version-history":[{"count":0,"href":"https:\/\/www.europesays.com\/no\/wp-json\/wp\/v2\/posts\/119015\/revisions"}],"wp:featuredmedia":[{"embeddable":true,"href":"https:\/\/www.europesays.com\/no\/wp-json\/wp\/v2\/media\/119016"}],"wp:attachment":[{"href":"https:\/\/www.europesays.com\/no\/wp-json\/wp\/v2\/media?parent=119015"}],"wp:term":[{"taxonomy":"category","embeddable":true,"href":"https:\/\/www.europesays.com\/no\/wp-json\/wp\/v2\/categories?post=119015"},{"taxonomy":"post_tag","embeddable":true,"href":"https:\/\/www.europesays.com\/no\/wp-json\/wp\/v2\/tags?post=119015"}],"curies":[{"name":"wp","href":"https:\/\/api.w.org\/{rel}","templated":true}]}}