{"id":119051,"date":"2025-12-21T18:22:42","date_gmt":"2025-12-21T18:22:42","guid":{"rendered":"https:\/\/www.europesays.com\/no\/119051\/"},"modified":"2025-12-21T18:22:42","modified_gmt":"2025-12-21T18:22:42","slug":"ukens-horoskop-her-ser-du-hvordan-uken-blir-for-ditt-stjernetegn-8","status":"publish","type":"post","link":"https:\/\/www.europesays.com\/no\/119051\/","title":{"rendered":"Ukens horoskop &#8211; Her ser du hvordan uken blir for ditt stjernetegn"},"content":{"rendered":"<p class=\"kicker \" style=\"\">Horoskop uke 52:<\/p>\n<p>  Velkommen til \u00e5rets siste uke. Slik blir den, if\u00f8lge astrologen.\u00a0<\/p>\n<p>\n    ILLUSTRASJON: Kine Yvonne Kj\u00e6r\n  <\/p>\n<p>\u00d8nsker du \u00e5 vite hva uken vil bringe?<strong class=\"\"> Logg inn med aID og se hva astrologen sier om ditt stjernetegn<\/strong>. Kanskje er det nettopp denne uken du har en overraskelse i vente.<\/p>\n<p>    <a itemprop=\"url\" href=\"https:\/\/www.kk.no\/horoskop\" rel=\"nofollow noopener\" target=\"_blank\"><\/p>\n<p>        <img loading=\"lazy\" decoding=\"async\" src=\"https:\/\/www.europesays.com\/no\/wp-content\/uploads\/2025\/12\/1766341341_810_83642095.webp\" width=\"147\" height=\"99\" title=\"Her finner du ALT om horoskop\" alt=\"\" class=\"lazyload\" style=\"--aspect-ratio-image: 1.48; \"\/><\/p>\n<p>        Her finner du ALT om horoskop<\/p>\n<p>    <\/a><\/p>\n<p>        <img loading=\"lazy\" decoding=\"async\" src=\"https:\/\/www.europesays.com\/no\/wp-content\/uploads\/2025\/12\/1766341342_789_72595329.webp\" width=\"538\" height=\"645\" title=\"ILLUSTRASJON: Kine Yvonne Kj\u00e6r\" alt=\"\" class=\"\" style=\"--aspect-ratio-image: 0.83; \"\/><\/p>\n<p>\n        ILLUSTRASJON: Kine Yvonne Kj\u00e6r\n    <\/p>\n<p>V\u00c6REN\t<\/p>\n<p class=\"italic m-italic\" data-lab-italic=\"italic\">21. mars\u201320. april<\/p>\n<p>De utfordringene som har v\u00e6rt, kan du n\u00e5 legge bak deg og<br \/>\nnyte julen. Det er mange tradisjoner du skal \u00aboverholde\u00bb, noe som faller deg<br \/>\nlett. Er du i jobb, klarer du neppe \u00e5 koble helt av i tankene, og trangen til \u00e5<br \/>\nta en kikk p\u00e5 noen oppgaver sniker seg inn etter hvert. P\u00e5 julaften tar du<br \/>\ngjerne ansvar for at alt g\u00e5r som det skal.<\/p>\n<p class=\"font-weight-bold m-font-weight-bold\" data-lab-font_weight=\"font-weight-bold\">Ukens r\u00e5d: Gi litt slipp p\u00e5 kontrollen.<\/p>\n<p>        <img loading=\"lazy\" decoding=\"async\" src=\"https:\/\/www.europesays.com\/no\/wp-content\/uploads\/2025\/12\/1766341344_638_72595235.webp\" width=\"538\" height=\"687\" title=\"ILLUSTRASJON: Kine Yvonne Kj\u00e6r\" alt=\"\" class=\"\" style=\"--aspect-ratio-image: 0.78; \"\/><\/p>\n<p>\n        ILLUSTRASJON: Kine Yvonne Kj\u00e6r\n    <\/p>\n<p>TYREN\t<\/p>\n<p class=\"italic m-italic\" data-lab-italic=\"italic\">21. april\u201321. mai<\/p>\n<p>Du har flere ting som m\u00e5 ordnes f\u00f8r du kan senke skuldrene<br \/>\nog tenne juletreet. Det blir travelt dagene f\u00f8r jul, s\u00e5 sett en realistisk<br \/>\nfrist du akkurat rekker. P\u00e5 julaften merker du at stresset slipper, og du kan<br \/>\nfokusere p\u00e5 det viktigste: \u00e5 v\u00e6re til stede her og n\u00e5 \u2013 og \u00e5 ta aktivt del i de<br \/>\npraktiske oppgavene. Nye tradisjoner kan oppst\u00e5 denne kvelden.<\/p>\n<p class=\"font-weight-bold m-font-weight-bold\" data-lab-font_weight=\"font-weight-bold\">Ukens r\u00e5d: Pust ut og nyt.<\/p>\n<p>    <a itemprop=\"url\" href=\"https:\/\/www.kk.no\/horoskop\/herregud-er-du-en-av-de-astrologi-jentene-sa-han\/83613087\" rel=\"nofollow noopener\" target=\"_blank\"><\/p>\n<p>        <img loading=\"lazy\" decoding=\"async\" src=\"https:\/\/www.europesays.com\/no\/wp-content\/uploads\/2025\/12\/1766341344_427_83613190.webp\" width=\"147\" height=\"98\" title=\"\u00abHerregud, er du en av de astrologi-jentene?\u00bb, sa han\" alt=\"\" class=\"lazyload\" style=\"--aspect-ratio-image: 1.50; \"\/><\/p>\n<p>        \u00abHerregud, er du en av de astrologi-jentene?\u00bb, sa han<\/p>\n<p>    <\/a><\/p>\n<p>        <img loading=\"lazy\" decoding=\"async\" src=\"https:\/\/www.europesays.com\/no\/wp-content\/uploads\/2025\/12\/1766341346_279_72595233.webp\" width=\"538\" height=\"687\" title=\"ILLUSTRASJON: Kine Yvonne Kj\u00e6r\" alt=\"\" class=\"\" style=\"--aspect-ratio-image: 0.78; \"\/><\/p>\n<p>\n        ILLUSTRASJON: Kine Yvonne Kj\u00e6r\n    <\/p>\n<p>TVILLINGENE\t<\/p>\n<p class=\"italic m-italic\" data-lab-italic=\"italic\">22. mai\u201321. juni<\/p>\n<p>Du gir det meste av tiden og oppmerksomheten din til dine<br \/>\nn\u00e6rmeste n\u00e5. Du pr\u00f8ver \u00e5 bevare optimismen og gi h\u00e5p til dem som trenger det.<br \/>\nN\u00e5r julaften n\u00e6rmer seg, finner du ro i vissheten om at du har gjort ditt for<br \/>\njulefreden \u2013 b\u00e5de i det n\u00e6re og i omgivelsene rundt deg. Du har mange ideer,<br \/>\nmen legg dem p\u00e5 vent, s\u00e6rlig julaften.<\/p>\n<p>Ukens r\u00e5d: V\u00e6r til stede her og n\u00e5.<\/p>\n<p>        <img loading=\"lazy\" decoding=\"async\" src=\"https:\/\/www.europesays.com\/no\/wp-content\/uploads\/2025\/12\/1766341347_692_72595221.webp\" width=\"538\" height=\"743\" title=\"ILLUSTRASJON: Kine Yvonne Kj\u00e6r\" alt=\"\" class=\"\" style=\"--aspect-ratio-image: 0.72; \"\/><\/p>\n<p>\n        ILLUSTRASJON: Kine Yvonne Kj\u00e6r\n    <\/p>\n<p>KREPSEN\t<\/p>\n<p class=\"italic m-italic\" data-lab-italic=\"italic\">22. juni\u201322. juli<\/p>\n<p>I \u00e5r er det de \u00e5ndelige sidene ved h\u00f8ytiden som opptar deg<br \/>\nmest. Du vil gjerne spre julens budskap til dem som st\u00e5r deg n\u00e6r. I juleuken<br \/>\nfokuserer du p\u00e5 n\u00e6re relasjoner og pr\u00f8ver \u00e5 gj\u00f8re alle forn\u00f8yde. F\u00f8rst p\u00e5<br \/>\njulaften kjenner du den sterke f\u00f8lelsen av samh\u00f8righet med familien. Husk \u00e5<br \/>\nivareta egne behov f\u00f8r du lar alt dreie seg om andre.<\/p>\n<p>Ukens r\u00e5d: Husk deg selv.<\/p>\n<p>        <img loading=\"lazy\" decoding=\"async\" src=\"https:\/\/www.europesays.com\/no\/wp-content\/uploads\/2025\/12\/1766341349_593_72595223.webp\" width=\"538\" height=\"691\" title=\"ILLUSTRASJON: Kine Yvonne Kj\u00e6r\" alt=\"\" class=\"\" style=\"--aspect-ratio-image: 0.78; \"\/><\/p>\n<p>\n        ILLUSTRASJON: Kine Yvonne Kj\u00e6r\n    <\/p>\n<p>L\u00d8VEN\t<\/p>\n<p class=\"italic m-italic\" data-lab-italic=\"italic\">23. juli\u201323. august<\/p>\n<p>Selv om juleuken er full av praktiske oppgaver, har du<br \/>\nbestemt deg for \u00e5 skape en underholdende jul. Du har mange ideer, men m\u00e5 bruke<br \/>\nenergi p\u00e5 \u00e5 f\u00e5 partneren med p\u00e5 planene. P\u00e5 julaften b\u00f8r du v\u00e6re tydelig i<br \/>\nkommunikasjonen for \u00e5 unng\u00e5 misforst\u00e5elser. Hum\u00f8ret er p\u00e5 topp, og lite kan<br \/>\n\u00f8delegge julen din.<\/p>\n<p>Ukens r\u00e5d: Del gleden din.<\/p>\n<p>    <a itemprop=\"url\" href=\"https:\/\/www.kk.no\/horoskop\/disse-fargene-passer-til-ditt-stjernetegn\/83612667\" rel=\"nofollow noopener\" target=\"_blank\"><\/p>\n<p>        <img loading=\"lazy\" decoding=\"async\" src=\"https:\/\/www.europesays.com\/no\/wp-content\/uploads\/2025\/12\/1766341349_17_83612841.webp\" width=\"147\" height=\"98\" title=\"Disse fargene passer til ditt stjernetegn\" alt=\"\" class=\"lazyload\" style=\"--aspect-ratio-image: 1.50; \"\/><\/p>\n<p>        Disse fargene passer til ditt stjernetegn<\/p>\n<p>    <\/a><\/p>\n<p>        <img loading=\"lazy\" decoding=\"async\" src=\"https:\/\/www.europesays.com\/no\/wp-content\/uploads\/2025\/12\/1766341350_653_72595219.webp\" width=\"538\" height=\"673\" title=\"ILLUSTRASJON: Kine Yvonne Kj\u00e6r\" alt=\"\" class=\"\" style=\"--aspect-ratio-image: 0.80; \"\/><\/p>\n<p>\n        ILLUSTRASJON: Kine Yvonne Kj\u00e6r\n    <\/p>\n<p>    <a itemprop=\"url\" href=\"https:\/\/www.kk.no\/horoskop\/stort-dufthoroskop\/83256755\" rel=\"nofollow noopener\" target=\"_blank\"><\/p>\n<p>        <img loading=\"lazy\" decoding=\"async\" src=\"https:\/\/www.europesays.com\/no\/wp-content\/uploads\/2025\/12\/1766341351_836_83271687.webp\" width=\"147\" height=\"98\" title=\"Stort dufthoroskop\" alt=\"\" class=\"lazyload\" style=\"--aspect-ratio-image: 1.50; \"\/><\/p>\n<p>        Stort dufthoroskop<\/p>\n<p>    <\/a><\/p>\n<p>JOMFRUEN\t<\/p>\n<p class=\"italic m-italic\" data-lab-italic=\"italic\">24. august\u201323. september<\/p>\n<p>Oppmerksomheten din er fullt og helt rettet mot familien og<br \/>\nhjemmet denne juleuken. Du vil gjerne samle alle, s\u00e5 langt det lar seg gj\u00f8re.<br \/>\nDu har mange kreative prosjekter som f\u00e5r et ekstra l\u00f8ft p\u00e5 julaften. Du \u00f8nsker<br \/>\nogs\u00e5 \u00e5 invitere venner, som gladelig takker ja. Du prioriterer \u00e5 hjelpe dem som<br \/>\nmangler struktur i livet.<\/p>\n<p>Ukens r\u00e5d: Skap varme rundt deg.<\/p>\n<p>        <img loading=\"lazy\" decoding=\"async\" src=\"https:\/\/www.europesays.com\/no\/wp-content\/uploads\/2025\/12\/1766341352_848_72595241.webp\" width=\"538\" height=\"722\" title=\"ILLUSTRASJON: Kine Yvonne Kj\u00e6r\" alt=\"\" class=\"\" style=\"--aspect-ratio-image: 0.75; \"\/><\/p>\n<p>\n        ILLUSTRASJON: Kine Yvonne Kj\u00e6r\n    <\/p>\n<p>VEKTEN\t<\/p>\n<p class=\"italic m-italic\" data-lab-italic=\"italic\">24. september\u201323. oktober<\/p>\n<p>Du har h\u00f8yt tempo i ukens f\u00f8rste dager, og det kan l\u00f8nne seg<br \/>\n\u00e5 stoppe opp og sjekke at du har oversikt over alt p\u00e5 listen din. Hvis ikke,<br \/>\nkan du lett komme i tidsn\u00f8d. P\u00e5 julaften kjenner du at stresset slipper, og du<br \/>\nkan fokusere p\u00e5 familien og julens budskap.<\/p>\n<p>Ukens r\u00e5d: Senk tempoet litt.<\/p>\n<p>        <img loading=\"lazy\" decoding=\"async\" src=\"https:\/\/www.europesays.com\/no\/wp-content\/uploads\/2025\/12\/1766341353_86_72595226.webp\" width=\"538\" height=\"608\" title=\"ILLUSTRASJON: Kine Yvonne Kj\u00e6r\" alt=\"\" class=\"\" style=\"--aspect-ratio-image: 0.88; \"\/><\/p>\n<p>\n        ILLUSTRASJON: Kine Yvonne Kj\u00e6r\n    <\/p>\n<p>SKORPIONEN\t<\/p>\n<p class=\"italic m-italic\" data-lab-italic=\"italic\">24. oktober\u201322. november<\/p>\n<p>Du har alt som trengs for \u00e5 ha kontroll i dagene f\u00f8r jul. I<br \/>\n\u00e5r kan julens \u00e5ndelige side f\u00e5 ny betydning for deg og skape nye tradisjoner<br \/>\nfremover. Reiser eller lengre opphold langt borte er mulig, og det setter julen<br \/>\nog dens dypere mening i et nytt perspektiv.<\/p>\n<p>Ukens r\u00e5d: Utforsk nye tradisjoner.<\/p>\n<p>        <img loading=\"lazy\" decoding=\"async\" src=\"https:\/\/www.europesays.com\/no\/wp-content\/uploads\/2025\/12\/1766341355_807_72595229.webp\" width=\"538\" height=\"686\" title=\"ILLUSTRASJON: Kine Yvonne Kj\u00e6r\" alt=\"\" class=\"\" style=\"--aspect-ratio-image: 0.78; \"\/><\/p>\n<p>\n        ILLUSTRASJON: Kine Yvonne Kj\u00e6r\n    <\/p>\n<p>    <a itemprop=\"url\" href=\"https:\/\/www.kk.no\/horoskop\/dette-stjernetegnet-er-flest-fodt-i-1\/83272024\" rel=\"nofollow noopener\" target=\"_blank\"><\/p>\n<p>        <img loading=\"lazy\" decoding=\"async\" src=\"https:\/\/www.europesays.com\/no\/wp-content\/uploads\/2025\/12\/1766341357_963_83272365.webp\" width=\"980\" height=\"441\" title=\"Dette stjernetegnet er flest f\u00f8dt i\" alt=\"\" class=\"lazyload\" style=\"--aspect-ratio-image: 2.22; \"\/><\/p>\n<p>        Dette stjernetegnet er flest f\u00f8dt i<\/p>\n<p>    <\/a><\/p>\n<p>SKYTTEN\t<\/p>\n<p class=\"italic m-italic\" data-lab-italic=\"italic\">23. november\u201321. desember<\/p>\n<p>Hvis du har en introvert side, legger du den bort denne<br \/>\nuken. Du er mer utadvendt enn vanlig og knytter lett kontakt med andre. Hum\u00f8ret<br \/>\ner p\u00e5 topp \u2013 s\u00e6rlig n\u00e5r alt er klart til h\u00f8ytiden. Familien og verdiene som<br \/>\nf\u00f8lger med denne tiden, gir deg mange ideer til fremtidige juler.<\/p>\n<p>Ukens r\u00e5d: Spre entusiasmen din.<\/p>\n<p>        <img loading=\"lazy\" decoding=\"async\" src=\"https:\/\/www.europesays.com\/no\/wp-content\/uploads\/2025\/12\/1766341358_951_72595231.webp\" width=\"538\" height=\"672\" title=\"ILLUSTRASJON: Kine Yvonne Kj\u00e6r\" alt=\"\" class=\"\" style=\"--aspect-ratio-image: 0.80; \"\/><\/p>\n<p>\n        ILLUSTRASJON: Kine Yvonne Kj\u00e6r\n    <\/p>\n<p>STEINBUKKEN<\/p>\n<p class=\"italic m-italic\" data-lab-italic=\"italic\">22. desember\u201320. januar<\/p>\n<p>Du f\u00f8ler deg mer avklart enn p\u00e5 lenge. Juleuken setter<br \/>\nnaturlige grenser for videre unders\u00f8kelser, men siden november har du merket<br \/>\nfremgang innen l\u00e6ring og kommunikasjon. Julen f\u00f8les mer avslappet enn i fjor,<br \/>\nog du ser frem til \u00e5 starte et nytt kapittel i det nye \u00e5ret.<\/p>\n<p>Ukens r\u00e5d: Se fremover.<\/p>\n<p>        <img loading=\"lazy\" decoding=\"async\" src=\"https:\/\/www.europesays.com\/no\/wp-content\/uploads\/2025\/12\/1766341360_690_72595239.webp\" width=\"538\" height=\"678\" title=\"ILLUSTRASJON: Kine Yvonne Kj\u00e6r\" alt=\"\" class=\"\" style=\"--aspect-ratio-image: 0.79; \"\/><\/p>\n<p>\n        ILLUSTRASJON: Kine Yvonne Kj\u00e6r\n    <\/p>\n<p>    <a itemprop=\"url\" href=\"https:\/\/www.kk.no\/horoskop\/hvem-er-du-mest-lik-i-sex-og-singelliv-basert-pa-ditt-stjernetegn\/83611279\" rel=\"nofollow noopener\" target=\"_blank\"><\/p>\n<p>        <img loading=\"lazy\" decoding=\"async\" src=\"https:\/\/www.europesays.com\/no\/wp-content\/uploads\/2025\/12\/1766341361_942_83611962.webp\" width=\"147\" height=\"109\" title=\"Hvem er du mest lik i \u00abSex og singelliv\u00bb - basert p\u00e5 ditt stjernetegn?\" alt=\"\" class=\"lazyload\" style=\"--aspect-ratio-image: 1.35; \"\/><\/p>\n<p>        Hvem er du mest lik i \u00abSex og singelliv\u00bb &#8211; basert p\u00e5 ditt stjernetegn?<\/p>\n<p>    <\/a><\/p>\n<p>VANNMANNEN<\/p>\n<p class=\"italic m-italic\" data-lab-italic=\"italic\">21. januar\u201318. februar<\/p>\n<p>Kanskje opplever du noe denne julen som minner om fjor\u00e5ret.<br \/>\nForskjellen er at du n\u00e5 kan gj\u00f8re noe med det, for du f\u00f8ler deg mer avklart. Du<br \/>\nhar klare meninger om hva du vil og ikke vil i h\u00f8ytiden. Julens egentlige<br \/>\nbakgrunn kan v\u00e6re vanskelig \u00e5 f\u00e5 \u00f8ye p\u00e5, men pr\u00f8v \u00e5 se n\u00f8kternt p\u00e5 det.<\/p>\n<p>Ukens r\u00e5d: Finn din egen mening.<\/p>\n<p>        <img loading=\"lazy\" decoding=\"async\" src=\"https:\/\/www.europesays.com\/no\/wp-content\/uploads\/2025\/12\/1766341362_278_72595216.webp\" width=\"538\" height=\"700\" title=\"ILLUSTRASJON: Kine Yvonne Kj\u00e6r\" alt=\"\" class=\"\" style=\"--aspect-ratio-image: 0.77; \"\/><\/p>\n<p>\n        ILLUSTRASJON: Kine Yvonne Kj\u00e6r\n    <\/p>\n<p>FISKENE<\/p>\n<p class=\"italic m-italic\" data-lab-italic=\"italic\">19. februar\u201320. mars<\/p>\n<p>Det kan v\u00e6re mange motstridende f\u00f8lelser i juleuken. Det<br \/>\nhandler kanskje om barna dine, som du gjerne vil v\u00e6re sammen med i julen, noe<br \/>\nsom ogs\u00e5 ser ut til \u00e5 la seg gj\u00f8re. Samtidig vil du gjerne inkludere venner,<br \/>\nkanskje i familiens selskap p\u00e5 julaften. For deg trenger julen nemlig ikke bare<br \/>\n\u00e5 handle om familien.<\/p>\n<p>Ukens r\u00e5d: \u00c5pne hjertet ditt.<\/p>\n","protected":false},"excerpt":{"rendered":"Horoskop uke 52: Velkommen til \u00e5rets siste uke. Slik blir den, if\u00f8lge astrologen.\u00a0 ILLUSTRASJON: Kine Yvonne Kj\u00e6r \u00d8nsker&hellip;\n","protected":false},"author":2,"featured_media":64910,"comment_status":"","ping_status":"","sticky":false,"template":"","format":"standard","meta":{"footnotes":""},"categories":[58],"tags":[4065,71,4063,30,28,29,4066,9378,72],"class_list":{"0":"post-119051","1":"post","2":"type-post","3":"status-publish","4":"format-standard","5":"has-post-thumbnail","7":"category-underholdning","8":"tag-astrologi","9":"tag-entertainment","10":"tag-horoskop","11":"tag-no","12":"tag-norge","13":"tag-norway","14":"tag-stjernetegn","15":"tag-ukens-horoskop","16":"tag-underholdning"},"share_on_mastodon":{"url":"https:\/\/pubeurope.com\/@no\/115758953888956808","error":""},"_links":{"self":[{"href":"https:\/\/www.europesays.com\/no\/wp-json\/wp\/v2\/posts\/119051","targetHints":{"allow":["GET"]}}],"collection":[{"href":"https:\/\/www.europesays.com\/no\/wp-json\/wp\/v2\/posts"}],"about":[{"href":"https:\/\/www.europesays.com\/no\/wp-json\/wp\/v2\/types\/post"}],"author":[{"embeddable":true,"href":"https:\/\/www.europesays.com\/no\/wp-json\/wp\/v2\/users\/2"}],"replies":[{"embeddable":true,"href":"https:\/\/www.europesays.com\/no\/wp-json\/wp\/v2\/comments?post=119051"}],"version-history":[{"count":0,"href":"https:\/\/www.europesays.com\/no\/wp-json\/wp\/v2\/posts\/119051\/revisions"}],"wp:featuredmedia":[{"embeddable":true,"href":"https:\/\/www.europesays.com\/no\/wp-json\/wp\/v2\/media\/64910"}],"wp:attachment":[{"href":"https:\/\/www.europesays.com\/no\/wp-json\/wp\/v2\/media?parent=119051"}],"wp:term":[{"taxonomy":"category","embeddable":true,"href":"https:\/\/www.europesays.com\/no\/wp-json\/wp\/v2\/categories?post=119051"},{"taxonomy":"post_tag","embeddable":true,"href":"https:\/\/www.europesays.com\/no\/wp-json\/wp\/v2\/tags?post=119051"}],"curies":[{"name":"wp","href":"https:\/\/api.w.org\/{rel}","templated":true}]}}