{"id":119056,"date":"2025-12-21T18:42:22","date_gmt":"2025-12-21T18:42:22","guid":{"rendered":"https:\/\/www.europesays.com\/no\/119056\/"},"modified":"2025-12-21T18:42:22","modified_gmt":"2025-12-21T18:42:22","slug":"faerre-funn-av-romt-settefisk-nrk-vestland","status":"publish","type":"post","link":"https:\/\/www.europesays.com\/no\/119056\/","title":{"rendered":"F\u00e6rre funn av r\u00f8mt settefisk \u2013 NRK Vestland"},"content":{"rendered":"<p>\u2013 \u00c9n r\u00f8mming er \u00e9n for mye, men det g\u00e5r rett vei igjen, og det er veldig viktig, sier forsker Marius Kambestad.<\/p>\n<p><strong>Han har v\u00e6rt med \u00e5 lage en fersk rapport om r\u00f8mming av laks og regnbue\u00f8rret fra settefiskanlegg.<\/strong><\/p>\n<p>Unders\u00f8kelsen ble bestilt av Fiskeridirektoratet fra Norce, og tyder p\u00e5 at strengere krav til oppdrettsn\u00e6ringen gir resultater.<\/p>\n<p>Av 32 unders\u00f8kte settefiskanlegg i Rogaland og Vestland i 2024 og 2025, fant forskerne kun sikre bevis for r\u00f8mming av settefisk ved \u00e9n av plassene.<\/p>\n<p><strong>Dette er en markant forbedring sammenlignet med tidligere kartlegginger:<\/strong><\/p>\n<ul>\n<li>I 2015 ble det funnet oppdrettsfisk ved 6 av 25 unders\u00f8kte lokaliteter i Vestland og Rogaland.<\/li>\n<li>I 2017 ble det funnet oppdrettsfisk ved 3 av 18 lokaliteter i Vestland.<\/li>\n<\/ul>\n<p>Kambestad forklarer at de leitet etter sm\u00e5fisk ved hjelp av et elektrofiskeapparat.<\/p>\n<p><img decoding=\"async\"   src=\"data:image\/gif;base64,R0lGODlhAQABAIAAAAAAAP\/\/\/yH5BAEAAAAALAAAAAABAAEAAAIBRAA7\" loading=\"eager\" alt=\"Prosjektleder og forsker i NORCE, Marius Kambestad\" title=\"Foto: NORCE\"\/><\/p>\n<p class=\"\">Marius Kambestad, forsker i Norce, forklarer at r\u00f8mt laks kan gi store milj\u00f8konsekvenser. <\/p>\n<p>Foto: NORCE<\/p>\n<p>\u2013 Vi drar til bekker og elver n\u00e6r anleggene og setter en svak str\u00f8m i vannet. Da besvimer fisken, og vi kan sjekke om det er villfisk eller oppdrettsfisk, sier han.<\/p>\n<p>\u2013 Som \u00e5 slippe ut masse pudler i naturen<\/p>\n<p>Han sier at det \u00e5penbart f\u00e5r \u00f8konomiske konsekvenser for oppdrettsselskapene \u00e5 miste fisken sin.<\/p>\n<p><strong>I tillegg er det store milj\u00f8konsekvenser om oppdrettslaks blandes med villaks. <\/strong><\/p>\n<p>\u2013 Det blir litt som \u00e5 slippe ut masse pudler i naturen og la de blande seg med ulvene v\u00e5re. Da ville ulvene sett veldig koselige ut, men hatt d\u00e5rligere forutsetninger for \u00e5 klare seg inn i framtiden, forklarer Kambestad. <\/p>\n<p>Alv Arne Lyse, prosjektleder for villaks i Norges Jeger- og Fiskerforbund, forklarer at myndighetene har stilt strengere krav til smoltanlegg og settefiskanlegg.\n<\/p>\n<p><img decoding=\"async\"   src=\"data:image\/gif;base64,R0lGODlhAQABAIAAAAAAAP\/\/\/yH5BAEAAAAALAAAAAABAAEAAAIBRAA7\" loading=\"eager\" alt=\"Alv Arne Lyse\" title=\"Foto: Arne Frank Solheim\"\/><\/p>\n<p class=\"\">Alv Arne Lyse, prosjektleder for villaks i Norges Jeger- og Fiskerforbund, forklarer at n\u00e5r oppdrettslaks blander seg med villaks, f\u00e5r det store konsekvenser.<\/p>\n<p>Foto: Arne Frank Solheim<\/p>\n<p>\u2013 Det ser vi heldigvis resultater av. Det er positivt og ekstremt viktig. I dag er minst to tredjedeler av alle norske bestander av villaks sterkt p\u00e5virket av r\u00f8mt laks, sier han.<\/p>\n<p><strong>Lyse forklarer at r\u00f8mming av settefisk er negativt fordi hver lakseelv har en unik, lokal stamme som er spesielt tilpasset livet i akkurat det vassdraget.<\/strong> <\/p>\n<p>N\u00e5r oppdrettslaks blander seg inn, f\u00e5r det store konsekvenser.<\/p>\n<p>\u2013 Avkom fra oppdrettsfisk har mye d\u00e5rligere overlevelse i sj\u00f8en. De mangler den naturlige frykten for fiender som fiskem\u00e5ke eller torsk. Dette er sv\u00e6rt negativt for villaksbestandene.<\/p>\n<p>\u00c9n lokalitet med bekreftet r\u00f8mming<\/p>\n<p>Det eneste stedet forskerne gjorde sikre funn av r\u00f8mt oppdrettslaks var i Storelvi ved settefiskanlegget Herand i Hardangerfjorden.<\/p>\n<p><strong>Totalt ni laksesmolt ble samlet inn.<\/strong><\/p>\n<p><img decoding=\"async\"   src=\"data:image\/gif;base64,R0lGODlhAQABAIAAAAAAAP\/\/\/yH5BAEAAAAALAAAAAABAAEAAAIBRAA7\" loading=\"eager\" alt=\"R\u00f8mt laks\" title=\"Foto: Marius Kambestad \/ NORCE\"\/><\/p>\n<p class=\"\">En av laksene som ble funnet ved settefiskanlegget Herand i Hardangerfjorden.<\/p>\n<p>Foto: Marius Kambestad \/ NORCE<\/p>\n<p>Genetiske analyser viste at \u00e5tte av de ni laksene stammet fra MOWI, som er eier av settefiskanlegget.<\/p>\n<ul>\n<li>Alle ni laksene hadde ytre kjennetegn og vekstm\u00f8nster som er typisk for oppdrettsfisk, som jevne vekstsoner, deformerte finner og gjellelokk.<\/li>\n<li>Fire av fiskene hadde insekter i magen, noe som tyder p\u00e5 at de hadde begynt \u00e5 innta n\u00e6ring i elven etter r\u00f8mmingen.<\/li>\n<li>Seks av fiskene hadde betydelige mengder innvollsfett, noe som er uvanlig for villfisk tidlig p\u00e5 v\u00e5ren, og som indikerer relativt nylig r\u00f8mming.<\/li>\n<\/ul>\n<p>\u2013 Det finnes ti\u00e5r bakover i tid med st\u00f8rre p\u00e5virkning fra r\u00f8mt fisk, som allerede har forplantet seg i to tredjedeler av alle norske villaksbestander. Det er egentlig veldig kritisk \u00e5 hindre at utviklingen fortsetter \u00e5 forverre seg, sier Lyse. <\/p>\n<p>\u2013 En av de st\u00f8rste truslene mot villaksen<\/p>\n<p>Kjell Utne, forsker i Havforskningsinstituttet, forklarer at vi har en nasjonal overv\u00e5kning p\u00e5 r\u00f8mt oppdrettslaks i vassdrag.<\/p>\n<p>\u2013 Det er en kartlegging av rundt 200 elver fordelt over hele Norge. Den viser en trend med mindre oppdrettslaks i vassdragene. S\u00e5 er det regionale forskjeller. Men den overordnede trenden er at det g\u00e5r nedover.<\/p>\n<p><strong>Ogs\u00e5 han sier at m\u00e5lrettede tiltak er viktig. <\/strong><\/p>\n<p>\u2013 R\u00f8mt oppdrettslaks er definert som en av de st\u00f8rste truslene mot villaksen, etter lakselusa. S\u00e5 det \u00e5 f\u00e5 redusert den p\u00e5virkningen der er kjempepositivt i en tid da det er veldig negativ utvikling for villaks generelt sett.<\/p>\n<p>Publisert<\/p>\n<p>21.12.2025, kl. 15.37<\/p>\n","protected":false},"excerpt":{"rendered":"\u2013 \u00c9n r\u00f8mming er \u00e9n for mye, men det g\u00e5r rett vei igjen, og det er veldig viktig,&hellip;\n","protected":false},"author":2,"featured_media":119057,"comment_status":"","ping_status":"","sticky":false,"template":"","format":"standard","meta":{"footnotes":""},"categories":[10],"tags":[20,21,24,25,15,22,23,13,30,28,29,14,16,26,27],"class_list":{"0":"post-119056","1":"post","2":"type-post","3":"status-publish","4":"format-standard","5":"has-post-thumbnail","7":"category-norge","8":"tag-breaking-news","9":"tag-breakingnews","10":"tag-featured-news","11":"tag-featurednews","12":"tag-headlines","13":"tag-latest-news","14":"tag-latestnews","15":"tag-news","16":"tag-no","17":"tag-norge","18":"tag-norway","19":"tag-nyheter","20":"tag-overskrifter","21":"tag-top-stories","22":"tag-topstories"},"share_on_mastodon":{"url":"https:\/\/pubeurope.com\/@no\/115759031446337864","error":""},"_links":{"self":[{"href":"https:\/\/www.europesays.com\/no\/wp-json\/wp\/v2\/posts\/119056","targetHints":{"allow":["GET"]}}],"collection":[{"href":"https:\/\/www.europesays.com\/no\/wp-json\/wp\/v2\/posts"}],"about":[{"href":"https:\/\/www.europesays.com\/no\/wp-json\/wp\/v2\/types\/post"}],"author":[{"embeddable":true,"href":"https:\/\/www.europesays.com\/no\/wp-json\/wp\/v2\/users\/2"}],"replies":[{"embeddable":true,"href":"https:\/\/www.europesays.com\/no\/wp-json\/wp\/v2\/comments?post=119056"}],"version-history":[{"count":0,"href":"https:\/\/www.europesays.com\/no\/wp-json\/wp\/v2\/posts\/119056\/revisions"}],"wp:featuredmedia":[{"embeddable":true,"href":"https:\/\/www.europesays.com\/no\/wp-json\/wp\/v2\/media\/119057"}],"wp:attachment":[{"href":"https:\/\/www.europesays.com\/no\/wp-json\/wp\/v2\/media?parent=119056"}],"wp:term":[{"taxonomy":"category","embeddable":true,"href":"https:\/\/www.europesays.com\/no\/wp-json\/wp\/v2\/categories?post=119056"},{"taxonomy":"post_tag","embeddable":true,"href":"https:\/\/www.europesays.com\/no\/wp-json\/wp\/v2\/tags?post=119056"}],"curies":[{"name":"wp","href":"https:\/\/api.w.org\/{rel}","templated":true}]}}