{"id":119058,"date":"2025-12-21T18:44:10","date_gmt":"2025-12-21T18:44:10","guid":{"rendered":"https:\/\/www.europesays.com\/no\/119058\/"},"modified":"2025-12-21T18:44:10","modified_gmt":"2025-12-21T18:44:10","slug":"aston-villa-med-syv-pa-rad-rogers-senket-manchester-united","status":"publish","type":"post","link":"https:\/\/www.europesays.com\/no\/119058\/","title":{"rendered":"Aston Villa med syv p\u00e5 rad: Rogers senket Manchester United"},"content":{"rendered":"\n<p class=\"_lead_o9xde_2 _lead_xtcu6_50 layout-component text-serif-m layout-normal text-serif-l layout-component layout-wide layout-padded _wide_17hqh_1 layout-padded\">Manchester United \u00f8nsker seg antageligvis en frisk kaptein til jul. Det s\u00e5 ikke bra ut for Bruno Fernandes (31) som m\u00e5tte gi seg halvveis mot Aston Villa.<\/p>\n<p> <img class=\"_image_qp4xg_65 layout-component layout-wide\" data-fullscreen- data-track-element-type=\"Article image fullscreen\" data-track-name=\"ImageFullscreen\" fetchpriority=\"high\" decoding=\"sync\" loading=\"eager\" height=\"57\" itemprop=\"image\"  src=\"https:\/\/www.europesays.com\/no\/wp-content\/uploads\/2025\/12\/cf4a1e58adf7f81f21d7a2f406a7046e.jpg\"  style=\"object-position:50% 50%;aspect-ratio:1.75;height:auto;object-fit:cover;width:100%\" width=\"102\"\/>  <\/p>\n<ul aria-hidden=\"true\" class=\"_images_ntbth_112\">\n<li><a class=\"_link_ntbth_117\" href=\"https:\/\/www.vg.no\/forfatter\/camilla-vesteng\" style=\"z-index:1\" title=\"Camilla Vesteng\" rel=\"nofollow noopener\" target=\"_blank\"><img alt=\"Bilde av Camilla Vesteng\" class=\"_image_ntbth_93\" fetchpriority=\"low\" loading=\"lazy\" decoding=\"async\" itemprop=\"image\"  src=\"https:\/\/www.europesays.com\/no\/wp-content\/uploads\/2025\/12\/1766342649_610_ab49df32-fc16-44e1-a56a-ce5ad5bd90d2\"  width=\"480\"\/><\/a><\/li>\n<\/ul>\n<p> Oppdatert s\u00f8ndag 21. desember kl. 19:43     <\/p>\n<p class=\"_paragraph_o9xde_4 _paragraph_xtcu6_10 layout-component text-serif-m layout-normal text-serif-m layout-padded\">Store kontraster p\u00e5 Villa Park. Jubel og fortvilelse. Det var jubel hos Aston Villa som tok sin syvende strake seier i Premier League s\u00f8ndag kveld. I alle turneringer har Villa ti seirer p\u00e5 rad, klubbens beste rekke siden de hadde elleve p\u00e5 rad i 1914 (!). <\/p>\n<p class=\"_paragraph_o9xde_4 _paragraph_xtcu6_10 layout-component text-serif-m layout-normal text-serif-m layout-padded\">Mens det er grunn til bekymring hos <a href=\"https:\/\/www.vg.no\/tag\/manchester-united?utm_source=vg-article&amp;utm_medium=auto-tagger&amp;utm_campaign=V6bPW3\" class=\"_link_o9xde_39\" rel=\"nofollow noopener\" target=\"_blank\">Manchester United<\/a>. Kaptein Bruno Fernandes m\u00e5tte gi seg etter 45 minutter. Manchester Evening News skriver at det er en hamstringskadehamstringskadeHamstring refererer til muskelgruppen p\u00e5 baksiden av l\u00e5ret som best\u00e5r av tre muskler (semimembranosus, semitendinosus og biceps femoris), som er essensielle for \u00e5 b\u00f8ye kneet og strekke ut hoften, og er vanlige \u00e5rsaker til idrettsskader som strekk. Kilde: AI.. <\/p>\n<p class=\"_paragraph_o9xde_4 _paragraph_xtcu6_10 layout-component text-serif-m layout-normal text-serif-m layout-padded\"><strong class=\"_strong_o9xde_25\">\u00abDet kunne ikke v\u00e6re et verre tidspunkt for Bruno Fernandes \u00e5 f\u00e5 en skade. Det er \u00e5tte seniorspillere ute n\u00e5, inkluderte Kobbie Mainoo\u00bb, skriver BBCs fotballkommentator Simon Stone. <\/strong><\/p>\n<p><img alt=\"VONDT: Manchester United-kaptein Bruno Fernandes p\u00e5 Villa Park s\u00f8ndag kveld.   Foto: TIM KEETON \/ EPA \/ NTB\" class=\"_image_qp4xg_65 layout-component layout-normal\" data-fullscreen- data-track-element-type=\"Article image fullscreen\" data-track-name=\"ImageFullscreen\" decoding=\"async\" loading=\"lazy\" height=\"2596\" itemprop=\"image\"  src=\"https:\/\/www.europesays.com\/no\/wp-content\/uploads\/2025\/12\/d67a6cbd-5f39-4672-b0cc-a638ccf3c589\"  style=\"object-position:0% 0%\" width=\"3888\"\/>VONDT: Manchester United-kaptein Bruno Fernandes p\u00e5 Villa Park s\u00f8ndag kveld.   Foto: TIM KEETON \/ EPA \/ NTB<\/p>\n<p class=\"_paragraph_o9xde_4 _paragraph_xtcu6_10 layout-component text-serif-m layout-normal text-serif-m layout-padded\">For mot slutten av 1. omgang tok Bruno Fernandes seg til baksiden av det h\u00f8yre l\u00e5ret og skar grimaser. Etter pause ble han erstattet av Lisandro Mart\u00ednez.<\/p>\n<p class=\"_paragraph_o9xde_4 _paragraph_xtcu6_10 layout-component text-serif-m layout-normal text-serif-m layout-padded\"><strong class=\"_strong_o9xde_25\">Fernandes har startet alle Manchester Uniteds kamper denne sesongen, med unntak at Ligacup-kampen mot Grimsby Town, hvor han kom innp\u00e5 etter pause. <\/strong><\/p>\n<p class=\"_paragraph_o9xde_4 _paragraph_xtcu6_10 layout-component text-serif-m layout-normal text-serif-m layout-padded\">Etter kampen ruslet Fernandes langs sidelinjen. <\/p>\n<p class=\"_paragraph_o9xde_4 _paragraph_xtcu6_10 layout-component text-serif-m layout-normal text-serif-m layout-padded\">Kobbie Mainoo var ikke med til denne kampen, etter at han p\u00e5dro seg en skade p\u00e5 trening tidligere denne uken. <\/p>\n<p class=\"_paragraph_o9xde_4 _paragraph_xtcu6_10 layout-component text-serif-m layout-normal text-serif-m layout-padded\">Men en som var blid og het foran m\u00e5l s\u00f8ndag var Morgan Rogers. Like f\u00f8r full tid i f\u00f8rste omgang satte han inn kampens f\u00f8rste m\u00e5l. Rogers gjorde det meste selv, fikk ballen langs sidelinjen, l\u00f8p med ballen mot m\u00e5l og satte ballen lekkert i lengste hj\u00f8rnet. <\/p>\n<p class=\"_paragraph_o9xde_4 _paragraph_xtcu6_10 layout-component text-serif-m layout-normal text-serif-m layout-padded\">Hjemmefansen rakk knapt \u00e5 juble f\u00f8r Manchester United svarte. Matty Cash mistet ballen i farlig posisjon, Patrick Dorgu serverte til Matheus Cunha som satte ballen knallhardt i m\u00e5l. <\/p>\n<p class=\"_paragraph_o9xde_4 _paragraph_xtcu6_10 layout-component text-serif-m layout-normal text-serif-m layout-padded\">Etter 58 minutter var Morgan Rogers der igjen, og fikk hjemmefansen til \u00e5 ga bananas f\u00f8r jul. <\/p>\n<p class=\"_paragraph_o9xde_4 _paragraph_xtcu6_10 layout-component text-serif-m layout-normal text-serif-m layout-padded\">Tielemans fikk en litt vanskelig ball bak seg, men han tok med seg ballen mot cornerhj\u00f8rnet og la inn, ballen gikk via Ollie Watkins til Rogers som skj\u00f8t i lengste hj\u00f8rnet i m\u00e5l. <\/p>\n<p class=\"_paragraph_o9xde_4 _paragraph_xtcu6_10 layout-component text-serif-m layout-normal text-serif-m layout-padded\">\u2013 Det er enormt. Alle kamper er viktige, men det er ikke noe st\u00f8rre kamper enn mot Manchester United, sier Rogers til Sky Sports. <\/p>\n<p class=\"_paragraph_o9xde_4 _paragraph_xtcu6_10 layout-component text-serif-m layout-normal text-serif-m layout-padded\">Aston Villa puster Manchester City solid i nakken inn i juleuken, ett poeng bak Erling Braut Haalands klubb og tre poeng bak Martin \u00d8degaards Arsenal som leder Premier League etter 17 serierunder. <\/p>\n<p class=\"_paragraph_o9xde_4 _paragraph_xtcu6_10 layout-component text-serif-m layout-normal text-serif-m layout-padded\">Manchester United er p\u00e5 7. plass, bare tre poeng bak Chelsea p\u00e5 Champions League-plass, men 13 poeng bak Arsenal. <\/p>\n<p class=\"_paragraph_o9xde_4 _paragraph_xtcu6_10 layout-component text-serif-m layout-normal text-serif-m layout-padded\"><strong class=\"_strong_o9xde_25\">Aston Villa m\u00f8ter Chelsea 3. juledag og Arsenal 30. desember. Manchester United m\u00f8ter Newcastle 2. juledag. <\/strong><\/p>\n","protected":false},"excerpt":{"rendered":"Manchester United \u00f8nsker seg antageligvis en frisk kaptein til jul. Det s\u00e5 ikke bra ut for Bruno Fernandes&hellip;\n","protected":false},"author":2,"featured_media":119059,"comment_status":"","ping_status":"","sticky":false,"template":"","format":"standard","meta":{"footnotes":""},"categories":[59],"tags":[1993,158,30,28,29,161,83,82],"class_list":{"0":"post-119058","1":"post","2":"type-post","3":"status-publish","4":"format-standard","5":"has-post-thumbnail","7":"category-sport","8":"tag-aston-villa-fc","9":"tag-manchester-united","10":"tag-no","11":"tag-norge","12":"tag-norway","13":"tag-premier-league","14":"tag-sport","15":"tag-sports"},"share_on_mastodon":{"url":"https:\/\/pubeurope.com\/@no\/115759039569573874","error":""},"_links":{"self":[{"href":"https:\/\/www.europesays.com\/no\/wp-json\/wp\/v2\/posts\/119058","targetHints":{"allow":["GET"]}}],"collection":[{"href":"https:\/\/www.europesays.com\/no\/wp-json\/wp\/v2\/posts"}],"about":[{"href":"https:\/\/www.europesays.com\/no\/wp-json\/wp\/v2\/types\/post"}],"author":[{"embeddable":true,"href":"https:\/\/www.europesays.com\/no\/wp-json\/wp\/v2\/users\/2"}],"replies":[{"embeddable":true,"href":"https:\/\/www.europesays.com\/no\/wp-json\/wp\/v2\/comments?post=119058"}],"version-history":[{"count":0,"href":"https:\/\/www.europesays.com\/no\/wp-json\/wp\/v2\/posts\/119058\/revisions"}],"wp:featuredmedia":[{"embeddable":true,"href":"https:\/\/www.europesays.com\/no\/wp-json\/wp\/v2\/media\/119059"}],"wp:attachment":[{"href":"https:\/\/www.europesays.com\/no\/wp-json\/wp\/v2\/media?parent=119058"}],"wp:term":[{"taxonomy":"category","embeddable":true,"href":"https:\/\/www.europesays.com\/no\/wp-json\/wp\/v2\/categories?post=119058"},{"taxonomy":"post_tag","embeddable":true,"href":"https:\/\/www.europesays.com\/no\/wp-json\/wp\/v2\/tags?post=119058"}],"curies":[{"name":"wp","href":"https:\/\/api.w.org\/{rel}","templated":true}]}}