{"id":119068,"date":"2025-12-21T19:04:32","date_gmt":"2025-12-21T19:04:32","guid":{"rendered":"https:\/\/www.europesays.com\/no\/119068\/"},"modified":"2025-12-21T19:04:32","modified_gmt":"2025-12-21T19:04:32","slug":"e39-trafikk-glatt-pa-e39-mellom-sande-og-forde-firda","status":"publish","type":"post","link":"https:\/\/www.europesays.com\/no\/119068\/","title":{"rendered":"E39, Trafikk | Glatt p\u00e5 E39 mellom Sande og F\u00f8rde &#8211; Firda"},"content":{"rendered":"<ol>\n<li><a href=\"https:\/\/news.google.com\/rss\/articles\/CBMiekFVX3lxTE5lMXBkMWlia2JfaGpEWEtTbHhydTFjWFVIWk1kR3FkMHF3LUp5aDBVNnJJWkVHTG0wTWZjbVRLc3pQOFNFejBaeHdSQ2V0NUk4eE1QYXdBVXItSVFEcUg4bF9UVk5WblB0M293bWwyRTUwMzZfeDFSdGtB?oc=5\" target=\"_blank\" rel=\"nofollow noopener\">E39, Trafikk | Glatt p\u00e5 E39 mellom Sande og F\u00f8rde<\/a>&nbsp;&nbsp;Firda<\/li>\n<li><a href=\"https:\/\/news.google.com\/rss\/articles\/CBMilgFBVV95cUxPdE9XNHdxbF8zR3NYNUw2SVFYRnE5bzJIbGZyVmYxS25aYXVXei1ob01hX3pwSVNnQ25vX3pjSngyZk9WckpaWUNEcTZpcEd0VmlaUWctMFVCU0ttX09LbzdZYXNMdHYzUVhaY2lkWWtaSWh3UmhSZXZzTmJPTDlsUnJDWDM4VWEwTlBjb2R0WUhsV2M5UlE?oc=5\" target=\"_blank\" rel=\"nofollow noopener\">Trafikken direkte &#8211; Melding om glatt kj\u00f8rebane p\u00e5 E39: \u2013 Lurt \u00e5 v\u00e6re litt obs<\/a>&nbsp;&nbsp;Stavanger Aftenblad<\/li>\n<li><a href=\"https:\/\/news.google.com\/rss\/articles\/CBMiuAFBVV95cUxOTEVtSi0wV3BTWUdGc0NCUjlzMF8wcWhNZjFBZ2dTNWNIcnByVzlhUUtxMnM0YlZIbkpXSWN0azVUNjg4RHdlYzBTYi1ZUzhOREJWSThfdE1VMkNxQi05WXpqa2s2U3Z6aFhybjVJc1ptZEtSaW1TNDRvT2RONlh4Xzk0NTRSYXVLUC1hQ1dFVDNlUnh5TEJFa0QybFFRQjVqLURmMk50Mm5jSU9IVmNTTXQ3ZDBYVXlu?oc=5\" target=\"_blank\" rel=\"nofollow noopener\">Reagerer p\u00e5 \u00abekstremt glatte veier\u00bb p\u00e5 E39: \u2013 Stoler jo p\u00e5 at man kan kj\u00f8re p\u00e5 hovedveiene!<\/a>&nbsp;&nbsp;Bergensavisen<\/li>\n<li><a href=\"https:\/\/news.google.com\/rss\/articles\/CBMiWkFVX3lxTE9ZcVd2dGVUMDBScXo1VWxCODdmQ2xhNVh4REp1di1MUEFSVTRuRXIzYVpBMTh5NE1XYzBEMXZEY21LUTlsWFF1VS1VUTNoWDFyM1BodUFCNVBmZw?oc=5\" target=\"_blank\" rel=\"nofollow noopener\">Full stans p\u00e5 Bybanen linje 2<\/a>&nbsp;&nbsp;Bergens Tidende<\/li>\n<li><a href=\"https:\/\/news.google.com\/rss\/articles\/CBMigAFBVV95cUxPUnJkNk5vS0liVVVFaVVoblRzWDR2WVV3bDFnNm5vSnJJMklrQmZUdGVsUWMyYTczaHU4VlJ4WDFqOWFlc3VPaDA2WHRDeWZ6Z1g5OWZfTkZvNWZsWFE3OXNwM2ZGd0ZXNERaYUtQT1FwazAxNjNZZ3VVcGVOTlZ1eQ?oc=5\" target=\"_blank\" rel=\"nofollow noopener\">S\u00f8ndagen starta med s\u00e5peglatte vegar<\/a>&nbsp;&nbsp;os og fusa<\/li>\n<\/ol>\n","protected":false},"excerpt":{"rendered":"E39, Trafikk | Glatt p\u00e5 E39 mellom Sande og F\u00f8rde&nbsp;&nbsp;Firda Trafikken direkte &#8211; Melding om glatt kj\u00f8rebane p\u00e5&hellip;\n","protected":false},"author":2,"featured_media":231,"comment_status":"","ping_status":"","sticky":false,"template":"","format":"standard","meta":{"footnotes":""},"categories":[10],"tags":[20,21,24,25,15,22,23,13,30,28,29,14,16,26,27],"class_list":{"0":"post-119068","1":"post","2":"type-post","3":"status-publish","4":"format-standard","5":"has-post-thumbnail","7":"category-norge","8":"tag-breaking-news","9":"tag-breakingnews","10":"tag-featured-news","11":"tag-featurednews","12":"tag-headlines","13":"tag-latest-news","14":"tag-latestnews","15":"tag-news","16":"tag-no","17":"tag-norge","18":"tag-norway","19":"tag-nyheter","20":"tag-overskrifter","21":"tag-top-stories","22":"tag-topstories"},"share_on_mastodon":{"url":"https:\/\/pubeurope.com\/@no\/115759117986239424","error":""},"_links":{"self":[{"href":"https:\/\/www.europesays.com\/no\/wp-json\/wp\/v2\/posts\/119068","targetHints":{"allow":["GET"]}}],"collection":[{"href":"https:\/\/www.europesays.com\/no\/wp-json\/wp\/v2\/posts"}],"about":[{"href":"https:\/\/www.europesays.com\/no\/wp-json\/wp\/v2\/types\/post"}],"author":[{"embeddable":true,"href":"https:\/\/www.europesays.com\/no\/wp-json\/wp\/v2\/users\/2"}],"replies":[{"embeddable":true,"href":"https:\/\/www.europesays.com\/no\/wp-json\/wp\/v2\/comments?post=119068"}],"version-history":[{"count":0,"href":"https:\/\/www.europesays.com\/no\/wp-json\/wp\/v2\/posts\/119068\/revisions"}],"wp:featuredmedia":[{"embeddable":true,"href":"https:\/\/www.europesays.com\/no\/wp-json\/wp\/v2\/media\/231"}],"wp:attachment":[{"href":"https:\/\/www.europesays.com\/no\/wp-json\/wp\/v2\/media?parent=119068"}],"wp:term":[{"taxonomy":"category","embeddable":true,"href":"https:\/\/www.europesays.com\/no\/wp-json\/wp\/v2\/categories?post=119068"},{"taxonomy":"post_tag","embeddable":true,"href":"https:\/\/www.europesays.com\/no\/wp-json\/wp\/v2\/tags?post=119068"}],"curies":[{"name":"wp","href":"https:\/\/api.w.org\/{rel}","templated":true}]}}