{"id":119071,"date":"2025-12-21T19:10:10","date_gmt":"2025-12-21T19:10:10","guid":{"rendered":"https:\/\/www.europesays.com\/no\/119071\/"},"modified":"2025-12-21T19:10:10","modified_gmt":"2025-12-21T19:10:10","slug":"massivt-antall-remigrerer-frivillig-fra-usa","status":"publish","type":"post","link":"https:\/\/www.europesays.com\/no\/119071\/","title":{"rendered":"Massivt antall \u00abremigrerer\u00bb frivillig fra USA"},"content":{"rendered":"<p><strong>Trump-administrasjonen hevder at over 2,5 millioner ulovlige innvandrere har forlatt USA siden president Donald Trump tiltr\u00e5dte igjen i januar. <\/strong><\/p>\n<p>If\u00f8lge det amerikanske innenriksdepartementet skal tiltakene ha f\u00f8rt til det de beskriver som den mest omfattende innstrammingen i USAs historie.<\/p>\n<p>\u2013 I l\u00f8pet av mindre enn ett \u00e5r har president Trump levert noen av de mest historiske og betydningsfulle resultatene i moderne presidenthistorie, og denne administrasjonen er bare i startfasen, sier innenriksminister Kristi Noem i en uttalelse gjengitt av <a href=\"https:\/\/www.foxnews.com\/politics\/trump-administration-touts-secure-border-history-2-5-million-migrants-exit-us\" rel=\"nofollow noopener\" target=\"_blank\">Fox News<\/a>.<\/p>\n<p>Tallene fremkommer i en \u00e5rsrapport fra Department of Homeland Security, der departementet trekker frem en rekke resultater etter maktskiftet i Washington.<\/p>\n<p>\u00abUnder president Trumps ledelse gj\u00f8r vi Amerika trygt igjen og setter det amerikanske folk f\u00f8rst. P\u00e5 rekordtid har vi sikret grensen, tatt kampen opp mot kartellene og arrestert tusenvis p\u00e5 tusenvis av kriminelle, ulovlige innvandrere,\u00bb sier Noem i uttalelsen.<\/p>\n<p>If\u00f8lge rapporten har ulovlige grensekryssinger falt med 93 prosent sammenlignet med \u00e5ret f\u00f8r, mens smugling av fentanyl skal v\u00e6re redusert med rundt 50 prosent. Samtidig hevder departementet at hundretusener av kriminelle ulovlige innvandrere enten er arrestert eller deportert.<\/p>\n<p>\u2013 Selv om det f\u00f8rste \u00e5ret har v\u00e6rt historisk, kommer vi ikke til \u00e5 hvile f\u00f8r jobben er fullf\u00f8rt, sier Noem.<\/p>\n<p>Av de 2,5 millioner personene som if\u00f8lge DHS har forlatt landet siden Trump overtok 20. januar, skal om lag 1,9 millioner ha reist frivillig. Rundt 622.000 skal ha blitt tvangsutsendt.<\/p>\n<p>Administrasjonen har samtidig oppfordret personer som oppholder seg ulovlig i USA til \u00e5 forlate landet frivillig gjennom en ny ordning i regi av grensemyndighetene.<\/p>\n<p>Personer som bruker Home-appen fra grensepolitiet kan f\u00e5 gratis flybillett hjem og en utbetalingsbonus p\u00e5 1.000 dollar etter retur, opplyser departementet.<\/p>\n","protected":false},"excerpt":{"rendered":"Trump-administrasjonen hevder at over 2,5 millioner ulovlige innvandrere har forlatt USA siden president Donald Trump tiltr\u00e5dte igjen i&hellip;\n","protected":false},"author":2,"featured_media":119072,"comment_status":"","ping_status":"","sticky":false,"template":"","format":"standard","meta":{"footnotes":""},"categories":[12],"tags":[20,21,24,25,15,8961,22,23,9719,13,30,28,29,14,16,26,27,42,43,44,45],"class_list":{"0":"post-119071","1":"post","2":"type-post","3":"status-publish","4":"format-standard","5":"has-post-thumbnail","7":"category-verden","8":"tag-breaking-news","9":"tag-breakingnews","10":"tag-featured-news","11":"tag-featurednews","12":"tag-headlines","13":"tag-kristi-noem","14":"tag-latest-news","15":"tag-latestnews","16":"tag-migrasjon","17":"tag-news","18":"tag-no","19":"tag-norge","20":"tag-norway","21":"tag-nyheter","22":"tag-overskrifter","23":"tag-top-stories","24":"tag-topstories","25":"tag-verden","26":"tag-world","27":"tag-world-news","28":"tag-worldnews"},"share_on_mastodon":{"url":"https:\/\/pubeurope.com\/@no\/115759141879585679","error":""},"_links":{"self":[{"href":"https:\/\/www.europesays.com\/no\/wp-json\/wp\/v2\/posts\/119071","targetHints":{"allow":["GET"]}}],"collection":[{"href":"https:\/\/www.europesays.com\/no\/wp-json\/wp\/v2\/posts"}],"about":[{"href":"https:\/\/www.europesays.com\/no\/wp-json\/wp\/v2\/types\/post"}],"author":[{"embeddable":true,"href":"https:\/\/www.europesays.com\/no\/wp-json\/wp\/v2\/users\/2"}],"replies":[{"embeddable":true,"href":"https:\/\/www.europesays.com\/no\/wp-json\/wp\/v2\/comments?post=119071"}],"version-history":[{"count":0,"href":"https:\/\/www.europesays.com\/no\/wp-json\/wp\/v2\/posts\/119071\/revisions"}],"wp:featuredmedia":[{"embeddable":true,"href":"https:\/\/www.europesays.com\/no\/wp-json\/wp\/v2\/media\/119072"}],"wp:attachment":[{"href":"https:\/\/www.europesays.com\/no\/wp-json\/wp\/v2\/media?parent=119071"}],"wp:term":[{"taxonomy":"category","embeddable":true,"href":"https:\/\/www.europesays.com\/no\/wp-json\/wp\/v2\/categories?post=119071"},{"taxonomy":"post_tag","embeddable":true,"href":"https:\/\/www.europesays.com\/no\/wp-json\/wp\/v2\/tags?post=119071"}],"curies":[{"name":"wp","href":"https:\/\/api.w.org\/{rel}","templated":true}]}}