{"id":119081,"date":"2025-12-21T19:25:17","date_gmt":"2025-12-21T19:25:17","guid":{"rendered":"https:\/\/www.europesays.com\/no\/119081\/"},"modified":"2025-12-21T19:25:17","modified_gmt":"2025-12-21T19:25:17","slug":"anne-b-ragde-med-klar-julebeskjed","status":"publish","type":"post","link":"https:\/\/www.europesays.com\/no\/119081\/","title":{"rendered":"Anne B. Ragde med klar julebeskjed:"},"content":{"rendered":"<p>&#8211; Jeg ELSKER jul. Alts\u00e5, jeg er s\u00e5nn skikkelig-kjempeglad i jul!\u00a0<\/p>\n<p>Ordene tilh\u00f8rer ingen ringere enn Anne B. Ragde.<\/p>\n<p data-lab-font_weight=\"font-weight-bold\" class=\"font-weight-bold m-font-weight-bold\">Det er midt i desember, og stjerneforfatteren er for lengst ferdig med alt av julemas og kjas.<\/p>\n<p>&#8211; Jeg gj\u00f8r meg ferdig fort. Gavene er i boks p\u00e5 bursdagen min, den tredje desember, hvert \u00e5r. Da er det ogs\u00e5 fullt julehus, sier hun p\u00e5 telefon til Dagbladet.\u00a0<\/p>\n<p class=\"font-weight-normal m-font-weight-normal\" data-lab-font_weight=\"font-weight-normal\">Mens ordene triller ut av munnen, som erter fra en sekk, forteller Ragde at hun \u00abstormkoser\u00bb seg hele jula.\u00a0<\/p>\n<p>&#8211; Jeg orker ikke stresse rundt i desember. Da vil jeg bare slappe av!\u00a0<\/p>\n<p>&#8211; Deilig, deilig\u00a0\t<\/p>\n<p>Den ferske 68-\u00e5ringen har den siste tida v\u00e6rt aktuell i TV 2-serien \u00abHotellet\u00bb. Hun og s\u00f8steren Eva r\u00f8yk ut for andre gang for noen uker siden.\u00a0<\/p>\n<p>&#8211; Det er kjempeg\u00f8y med reality. Men det er ogs\u00e5 forferdelig slitsomt, utbryter hun.<\/p>\n<p>N\u00e5 er imidlertid hotell-opphold og reality byttet ut med adventskalendere og nisser, noe som passer julefrelste Ragde midt i blinken.\u00a0<\/p>\n<p class=\"italic m-italic\" data-lab-italic=\"italic\">&#8211; Hva \u00f8nsker du deg til jul, a?\u00a0<\/p>\n<p>&#8211; Jeg veit da s\u00f8ren, jeg. Familien sp\u00f8r om det samme, men jeg har da alt jeg trenger! Hmm.\u00a0<\/p>\n<p>        <img loading=\"lazy\" decoding=\"async\" src=\"https:\/\/www.europesays.com\/no\/wp-content\/uploads\/2025\/12\/83964936.webp\" width=\"980\" height=\"559\" title=\"STADIG P\u00c5 SKJERMEN: Anne B. Ragde har v\u00e6rt aktuell i TV 2s \u00abHotellet\u00bb det siste halv\u00e5ret. N\u00e5 er'e endelig juleferie p\u00e5 tr\u00f8nderen. Foto: Paul S. Amundsen \/ NTB.\" alt=\"\" class=\"\" style=\"--aspect-ratio-image: 1.75; \"\/><\/p>\n<p>\n        STADIG P\u00c5 SKJERMEN: Anne B. Ragde har v\u00e6rt aktuell i TV 2s \u00abHotellet\u00bb det siste halv\u00e5ret. N\u00e5 er&#8217;e endelig juleferie p\u00e5 tr\u00f8nderen. Foto: Paul S. Amundsen \/ NTB.\n    <\/p>\n<p class=\"font-weight-normal m-font-weight-normal\" data-lab-font_weight=\"font-weight-normal\">Svar skyldig forteller hun heller om sin planlagte julefeiring med s\u00f8nnen, svigerdattera og barnebarna i deres nybygde hus.\u00a0<\/p>\n<p>&#8211; Det blir ny jul i nytt hus, sier hun, og lister opp \u00abgood stuff\u00bb som skal p\u00e5 bordet:<\/p>\n<p>&#8211; \u00d8kologisk ribbe, r\u00f8dk\u00e5l &#8211; hjemmelaget m\u00e5 vite -, ribbefett (&#8230;) Ahh, ja. Deilig, deilig.\u00a0<\/p>\n<p>&#8211; Spr\u00f8yter inn sherry\t<\/p>\n<p>Ragde forteller at hun gosser seg s\u00e5 det griner i leiligheten i Trondheim hele desember gjennom.\u00a0<\/p>\n<p class=\"font-weight-bold m-font-weight-bold\" data-lab-font_weight=\"font-weight-bold\">Og da Dagbladet tar kontakt, har hun for lengst satt julestemningen med b\u00e5de bakst p\u00e5 tallerkenen og bobler i glasset.\u00a0<\/p>\n<p>Juletreet er dessuten for lengst pyntet fra topp til t\u00e5, i godt selskap av flertallige lyslenker i enhver krik og krok.\u00a0<\/p>\n<p>&#8211;\u00a0 Ogs\u00e5 er \u00abtusjkaka\u00bb selvsagt bakt, sier hun selvsikkert.\u00a0<\/p>\n<p>    <a itemprop=\"url\" href=\"https:\/\/www.dagbladet.no\/kjendis\/det-mest-alvorlige-stadiet\/83954108\" rel=\"nofollow noopener\" target=\"_blank\"><\/p>\n<p>        <img loading=\"lazy\" decoding=\"async\" src=\"https:\/\/www.europesays.com\/no\/wp-content\/uploads\/2025\/12\/1766345112_702_83954557.webp\" width=\"980\" height=\"441\" title=\"- Det mest alvorlige stadiet\" alt=\"\" class=\"lazyload\" style=\"--aspect-ratio-image: 2.22; \"\/><\/p>\n<p>        &#8211; Det mest alvorlige stadiet<\/p>\n<p>    <\/a><\/p>\n<p class=\"italic m-italic\" data-lab-italic=\"italic\">&#8211; Tusjkaka &#8230;?\u00a0<\/p>\n<p>&#8211; Det er en engelsk julekake-oppskrift jeg har arvet etter mamma. Den er fylt med t\u00f8rket frukt, n\u00f8tter og cocktailb\u00e6r, som har ligget i konjakk i et d\u00f8gn, sier hun og humrer.\u00a0<\/p>\n<p class=\"font-weight-bold m-font-weight-bold\" data-lab-font_weight=\"font-weight-bold\">&#8211; Jeg spr\u00f8yter inn Bristol Cream-sherry \u00e9n gang i uka, i seks uker, for \u00e5 fordele alkoholen jevnt i hele kaka!\u00a0<\/p>\n<p>        <img loading=\"lazy\" decoding=\"async\" src=\"https:\/\/www.europesays.com\/no\/wp-content\/uploads\/2025\/12\/83964865.webp\" width=\"686\" height=\"590\" title=\"BOBLER AV GLEDE: Anne B. Ragde ringer jula inn med no' godt i glasset og et smil om munnen. Foto: Privat.\" alt=\"\" class=\"\" style=\"--aspect-ratio-image: 1.16; \"\/><\/p>\n<p>\n        BOBLER AV GLEDE: Anne B. Ragde ringer jula inn med no&#8217; godt i glasset og et smil om munnen. Foto: Privat.\n    <\/p>\n<p class=\"font-weight-normal m-font-weight-normal\" data-lab-font_weight=\"font-weight-normal\">P\u00e5 Instagram har 68-\u00e5ringen delt bilder av den ber\u00f8mte baksten:\u00a0<\/p>\n<p class=\"font-weight-normal m-font-weight-normal\" data-lab-font_weight=\"font-weight-normal\">Hun har ogs\u00e5 postet flere glimt av juletreet sitt, som er omsv\u00f8pt av norgesflagg og grise-figurer som henger og gliser i grana.\u00a0<\/p>\n<p data-lab-italic=\"italic\" class=\"italic m-italic\">&#8211; Er du veldig glad i gris, eller?<\/p>\n<p>&#8211; Ja! Grisene har fulgt meg siden Berlinerpoplene; Tor Neshov var jo grisebonden fra Neshov!\u00a0<\/p>\n<p>        <img loading=\"lazy\" decoding=\"async\" src=\"https:\/\/www.europesays.com\/no\/wp-content\/uploads\/2025\/12\/83963560.webp\" width=\"686\" height=\"611\" title=\"GRISEFINT: Den munnrappe tr\u00f8nderen har en forkj\u00e6rlighet for griser. Det kommer til uttrykk flere steder p\u00e5 juletreet. Foto: Privat.\" alt=\"\" class=\"\" style=\"--aspect-ratio-image: 1.12; \"\/><\/p>\n<p>\n        GRISEFINT: Den munnrappe tr\u00f8nderen har en forkj\u00e6rlighet for griser. Det kommer til uttrykk flere steder p\u00e5 juletreet. Foto: Privat.\n    <\/p>\n<p>Anne, som r\u00f8per at hun har enda flere \u00absvin p\u00e5 stua\u00bb, sender over et bilde av en grise-spekket hylle.\u00a0<\/p>\n<p>Selv der har hun sneket inn en grankvist, noen sm\u00e5nisser &#8211; og rundet det hele av med nok ei lyslenke:\u00a0\u00a0<\/p>\n<p>        <img loading=\"lazy\" decoding=\"async\" src=\"https:\/\/www.europesays.com\/no\/wp-content\/uploads\/2025\/12\/83963554.webp\" width=\"686\" height=\"755\" title=\"SM\u00d8R P\u00c5 FLESK? Anne B. Ragde sparer ikke p\u00e5 svineriet n\u00e5r hun pynter til jul. Alle griser skal fram, p\u00e5 treet og p\u00e5 hylla. Det blir aldri nok griser! Foto: Privat.\" alt=\"\" class=\"\" style=\"--aspect-ratio-image: 0.91; \"\/><\/p>\n<p>\n        SM\u00d8R P\u00c5 FLESK? Anne B. Ragde sparer ikke p\u00e5 svineriet n\u00e5r hun pynter til jul. Alle griser skal fram, p\u00e5 treet og p\u00e5 hylla. Det blir aldri nok griser! Foto: Privat.\n    <\/p>\n<p>&#8211; Ikke barnas kveld\t<\/p>\n<p>Det levner alts\u00e5 ingen tvil om at Ragde\u00a0elsker jula. Og i den forbindelse kommer forfatteren med en soleklar beskjed til nordmenn:<\/p>\n<p class=\"font-weight-bold m-font-weight-bold\" data-lab-font_weight=\"font-weight-bold\">&#8211; Og det er at julaften er for alle. Det er ikke bare barnas dag og kveld &#8211; det er min og!<\/p>\n<p class=\"font-weight-normal m-font-weight-normal\" data-lab-font_weight=\"font-weight-normal\">Etter ei kule med skrattlatter, fortsetter hun:<\/p>\n<p class=\"font-weight-normal m-font-weight-normal\" data-lab-font_weight=\"font-weight-normal\">&#8211; 17. mai er barnas dag, men julaften? Nei, jeg blir irritert. Den er alle sin, ass\u00e5. S\u00e5nn er det bare!\u00a0<\/p>\n<p>Med latteren stadig rungende, forteller 68-\u00e5ringen om romjula (som ogs\u00e5 er for b\u00e5de barn og voksne):<\/p>\n<p>&#8211; Jeg koser meg gl\u00f8gg i hjel i romjula. Men jeg har ingen tradisjoner med masse selskap, det synes jeg bare er stress, sier hun f\u00f8r hun avbryter seg selv:\u00a0<\/p>\n<p>&#8211; Men p\u00e5 f\u00f8rste juledag! Da er&#8217;e pinnekj\u00f8tt p\u00e5 menyen. \u00c5h, ja. R\u00f8\u00f8kt, r\u00f8kt, r\u00f8kt pinnekj\u00f8tt.\u00a0<\/p>\n<p>        \u00abNISSENE I SKJUL\u00bb: Herman Flesvig, Mikkel Niva og Kevin V\u00e5genes r\u00f8per en av ideene de fikk nei til. Video: \u00abNissene i skjul\u00bb\/NRK.<\/p>\n<p>R\u00f8per: &#8211; Full spiker\t<\/p>\n<p class=\"font-weight-normal m-font-weight-normal\" data-lab-font_weight=\"font-weight-normal\">N\u00e5r julestria omsider er over, setter Anne alle kluter til. For selv om suksessforfatteren gjerne slakker i romjula, m\u00e5 latsida vike ved \u00e5rsskiftet:<\/p>\n<p class=\"font-weight-normal m-font-weight-normal\" data-lab-font_weight=\"font-weight-normal\">&#8211; 1. januar\u00a0er \u00absuper-arbeidsdag\u00bb for meg. Da er&#8217;e opp og jobbe!<\/p>\n<p class=\"font-weight-bold m-font-weight-bold\" data-lab-font_weight=\"font-weight-bold\">Ivrig maler hun et hektisk bilde av hvordan den f\u00f8rste dagen i 2026 kommer til \u00e5 se ut:\u00a0<\/p>\n<p class=\"font-weight-normal m-font-weight-normal\" data-lab-font_weight=\"font-weight-normal\">&#8211; Jeg rydder og pakker bort alt av nisser, griser og lys, jeg st\u00f8vsuger, vasker (&#8230;) Ja, alt dette med nytt\u00e5rskonsert p\u00e5 full spiker p\u00e5 TVen!\u00a0<\/p>\n<p>    <a itemprop=\"url\" href=\"https:\/\/www.dagbladet.no\/kjendis\/tilbake-pa-skjermen\/83956266\" rel=\"nofollow noopener\" target=\"_blank\"><\/p>\n<p>        <img loading=\"lazy\" decoding=\"async\" src=\"https:\/\/www.europesays.com\/no\/wp-content\/uploads\/2025\/12\/1766345117_899_83956277.webp\" width=\"980\" height=\"441\" title=\"Tilbake p\u00e5 skjermen\" alt=\"\" class=\"lazyload\" style=\"--aspect-ratio-image: 2.22; \"\/><\/p>\n<p>        Tilbake p\u00e5 skjermen<\/p>\n<p>    <\/a><\/p>\n<p class=\"font-weight-normal m-font-weight-normal\" data-lab-font_weight=\"font-weight-normal\">Anne ler tilfreds, tilsynelatende godt forn\u00f8yd med rutinen. S\u00e5, like f\u00f8r vi runder av, utbryter hun br\u00e5tt:<\/p>\n<p class=\"font-weight-normal m-font-weight-normal\" data-lab-font_weight=\"font-weight-normal\">&#8211; Du, forresten! Globalkniv. D\u00e9t \u00f8nsker jeg meg til jul. Min m\u00e5 ha g\u00e5tt i s\u00f8pla sammen med en haug av gr\u00f8nnsaker.<\/p>\n<p class=\"font-weight-normal m-font-weight-normal italic m-italic\" data-lab-font_weight=\"font-weight-normal\" data-lab-italic=\"italic\">&#8211; Aha. S\u00e5nn skarp, japansk kj\u00f8kkenkniv?\u00a0\u00a0<\/p>\n<p class=\"font-weight-normal m-font-weight-normal\" data-lab-font_weight=\"font-weight-normal\">&#8211; Jepp. Jeg kunne bare kj\u00f8pt den sj\u00f8l med \u00e9n gang, men jeg m\u00e5 jo si noe n\u00e5r folk sp\u00f8r &#8211; og du spurte. S\u00e5 n\u00e5 vet du. Jeg \u00f8nsker meg d\u00e9t.\u00a0 \u00a0<\/p>\n","protected":false},"excerpt":{"rendered":"&#8211; Jeg ELSKER jul. Alts\u00e5, jeg er s\u00e5nn skikkelig-kjempeglad i jul!\u00a0 Ordene tilh\u00f8rer ingen ringere enn Anne B.&hellip;\n","protected":false},"author":2,"featured_media":119082,"comment_status":"","ping_status":"","sticky":false,"template":"","format":"standard","meta":{"footnotes":""},"categories":[10],"tags":[2857,20,21,24,25,15,5593,13395,13692,13967,479,22,23,13,30,28,29,14,16,4005,26,27],"class_list":{"0":"post-119081","1":"post","2":"type-post","3":"status-publish","4":"format-standard","5":"has-post-thumbnail","7":"category-norge","8":"tag-anne-b-ragde","9":"tag-breaking-news","10":"tag-breakingnews","11":"tag-featured-news","12":"tag-featurednews","13":"tag-headlines","14":"tag-jul","15":"tag-julaften","16":"tag-julefeiring","17":"tag-julemiddag","18":"tag-kjendis","19":"tag-latest-news","20":"tag-latestnews","21":"tag-news","22":"tag-no","23":"tag-norge","24":"tag-norway","25":"tag-nyheter","26":"tag-overskrifter","27":"tag-some","28":"tag-top-stories","29":"tag-topstories"},"share_on_mastodon":{"url":"https:\/\/pubeurope.com\/@no\/115759200660429992","error":""},"_links":{"self":[{"href":"https:\/\/www.europesays.com\/no\/wp-json\/wp\/v2\/posts\/119081","targetHints":{"allow":["GET"]}}],"collection":[{"href":"https:\/\/www.europesays.com\/no\/wp-json\/wp\/v2\/posts"}],"about":[{"href":"https:\/\/www.europesays.com\/no\/wp-json\/wp\/v2\/types\/post"}],"author":[{"embeddable":true,"href":"https:\/\/www.europesays.com\/no\/wp-json\/wp\/v2\/users\/2"}],"replies":[{"embeddable":true,"href":"https:\/\/www.europesays.com\/no\/wp-json\/wp\/v2\/comments?post=119081"}],"version-history":[{"count":0,"href":"https:\/\/www.europesays.com\/no\/wp-json\/wp\/v2\/posts\/119081\/revisions"}],"wp:featuredmedia":[{"embeddable":true,"href":"https:\/\/www.europesays.com\/no\/wp-json\/wp\/v2\/media\/119082"}],"wp:attachment":[{"href":"https:\/\/www.europesays.com\/no\/wp-json\/wp\/v2\/media?parent=119081"}],"wp:term":[{"taxonomy":"category","embeddable":true,"href":"https:\/\/www.europesays.com\/no\/wp-json\/wp\/v2\/categories?post=119081"},{"taxonomy":"post_tag","embeddable":true,"href":"https:\/\/www.europesays.com\/no\/wp-json\/wp\/v2\/tags?post=119081"}],"curies":[{"name":"wp","href":"https:\/\/api.w.org\/{rel}","templated":true}]}}