{"id":119085,"date":"2025-12-21T19:33:58","date_gmt":"2025-12-21T19:33:58","guid":{"rendered":"https:\/\/www.europesays.com\/no\/119085\/"},"modified":"2025-12-21T19:33:58","modified_gmt":"2025-12-21T19:33:58","slug":"asbest-mistenkes-gravd-ned-i-asker-na-etterforsker-kommunen-budstikka","status":"publish","type":"post","link":"https:\/\/www.europesays.com\/no\/119085\/","title":{"rendered":"Asbest mistenkes gravd ned i Asker: N\u00e5 etterforsker kommunen &#8211; Budstikka"},"content":{"rendered":"<ol>\n<li><a href=\"https:\/\/news.google.com\/rss\/articles\/CBMioAFBVV95cUxOamZ5UlN5aDB4ZHlKRk5WeVFiSEFRTTNoTERIVU42cnNOT2hxaDdIaEVRNThOLS1Pa1VjYm5iUlNOT3ZqeHdGd3J0MUtfX2pWNUVxb2Y5TFEyLTYyUGtUV25QMGllNmxweXFuMDZNaXlkd21FTERUeFBHZExhNnJQMWZkcnJrV2thSnVkbks2STNiY0VGTU05aktvc0czYVpU?oc=5\" target=\"_blank\" rel=\"nofollow noopener\">Asbest mistenkes gravd ned i Asker: N\u00e5 etterforsker kommunen<\/a>&nbsp;&nbsp;Budstikka<\/li>\n<li><a href=\"https:\/\/news.google.com\/rss\/articles\/CBMimgFBVV95cUxPTzZSYV93SkxmVjlPNkI2aFhTS0VlMi13YkVqYkxJd1c0d1ZBQUlXeS1jZWtKOVU3R3F3azZzOU5DS2tUakxvdXFpMjZCSkduRC1vVThKV1N3NHM2SXJIZnVVcERJQWlGcVQzcUFqVFVFbEJTbHdFZXl0d0JaTHI4V0tOb0ZMOTNrM0hsVktsUkxWWXVKQ0dmM1BR?oc=5\" target=\"_blank\" rel=\"nofollow noopener\">Fornebu, Hurum | Kunstgress-mysteriet: Her l\u00e5 matta p\u00e5 sidelinja i ti \u00e5r<\/a>&nbsp;&nbsp;Budstikka<\/li>\n<li><a href=\"https:\/\/news.google.com\/rss\/articles\/CBMipgFBVV95cUxOQXVsNl9BaS1VS2R0c2tsYzZnR1hzRHNWMTBfY0hHMDRaYTRQZUdFQkhIeUFGRGpWOGhSdU82MUNRaXV3T0QwbHhUUXlNTTlsUWh4d1hNZXZGYkZpZTVYRFpYNG1CLVZpczBGWXdnT2VxWm1ZNUZTYWV3WVl0T1UtU2JvT3A1ZEU5QnQwU1hiUHhyeDgwV3dfSXhPRkdhazhSMEEtbFlB?oc=5\" target=\"_blank\" rel=\"nofollow noopener\">Gammelt kunstgress fra Telenor Arena kan v\u00e6re ulovlig dumpet \u2013 Stor-Oslo<\/a>&nbsp;&nbsp;NRK<\/li>\n<li><a href=\"https:\/\/news.google.com\/rss\/articles\/CBMieEFVX3lxTFA4VFQ5YkI5cEFNcmVaN0NkN1pkVTRJakF2aVJ4OFlmRnpoR3hPMjh1Tzg4bnpRTXdoZDlnMEIyTzBFUndISnlGVW5mZEZHRVVVME5QczdULVlvMlM5Q1N0SjZiR3RXUzFJNU04ZTZWRUlTS0g2WHBGWQ?oc=5\" target=\"_blank\" rel=\"nofollow noopener\">Debatt, Ulovlighetssaker | Dette blir villere og villere<\/a>&nbsp;&nbsp;Budstikka<\/li>\n<li><a href=\"https:\/\/news.google.com\/rss\/articles\/CBMingFBVV95cUxQbUxBeHhsQUs2UWx0LVpxZnZfR1I5TnE0MjJIR3RFZGpab2puc2lMaTV5RHpaTkEyV09xU291SXhxSmdXVXVpTDhIOGIwdEMwTDBqRDFTeC13M2hkQlZRaUg2UWpoNTdIeExZZ0VQSC1LYzZrdk1UNkV2VlM2ZlpXRFJtb05CSVF0akJ4ajdXZFBhUGtJX1VDOG04Z1hYUQ?oc=5\" target=\"_blank\" rel=\"nofollow noopener\">Jakter svar p\u00e5 arena-kunstgresset \u2013 kan v\u00e6re dumpet i Asker<\/a>&nbsp;&nbsp;Budstikka<\/li>\n<\/ol>\n","protected":false},"excerpt":{"rendered":"Asbest mistenkes gravd ned i Asker: N\u00e5 etterforsker kommunen&nbsp;&nbsp;Budstikka Fornebu, Hurum | Kunstgress-mysteriet: Her l\u00e5 matta p\u00e5 sidelinja&hellip;\n","protected":false},"author":2,"featured_media":119086,"comment_status":"","ping_status":"","sticky":false,"template":"","format":"standard","meta":{"footnotes":""},"categories":[10],"tags":[20,21,24,25,15,22,23,13,30,28,29,14,16,26,27],"class_list":{"0":"post-119085","1":"post","2":"type-post","3":"status-publish","4":"format-standard","5":"has-post-thumbnail","7":"category-norge","8":"tag-breaking-news","9":"tag-breakingnews","10":"tag-featured-news","11":"tag-featurednews","12":"tag-headlines","13":"tag-latest-news","14":"tag-latestnews","15":"tag-news","16":"tag-no","17":"tag-norge","18":"tag-norway","19":"tag-nyheter","20":"tag-overskrifter","21":"tag-top-stories","22":"tag-topstories"},"share_on_mastodon":{"url":"https:\/\/pubeurope.com\/@no\/115759235934370061","error":""},"_links":{"self":[{"href":"https:\/\/www.europesays.com\/no\/wp-json\/wp\/v2\/posts\/119085","targetHints":{"allow":["GET"]}}],"collection":[{"href":"https:\/\/www.europesays.com\/no\/wp-json\/wp\/v2\/posts"}],"about":[{"href":"https:\/\/www.europesays.com\/no\/wp-json\/wp\/v2\/types\/post"}],"author":[{"embeddable":true,"href":"https:\/\/www.europesays.com\/no\/wp-json\/wp\/v2\/users\/2"}],"replies":[{"embeddable":true,"href":"https:\/\/www.europesays.com\/no\/wp-json\/wp\/v2\/comments?post=119085"}],"version-history":[{"count":0,"href":"https:\/\/www.europesays.com\/no\/wp-json\/wp\/v2\/posts\/119085\/revisions"}],"wp:featuredmedia":[{"embeddable":true,"href":"https:\/\/www.europesays.com\/no\/wp-json\/wp\/v2\/media\/119086"}],"wp:attachment":[{"href":"https:\/\/www.europesays.com\/no\/wp-json\/wp\/v2\/media?parent=119085"}],"wp:term":[{"taxonomy":"category","embeddable":true,"href":"https:\/\/www.europesays.com\/no\/wp-json\/wp\/v2\/categories?post=119085"},{"taxonomy":"post_tag","embeddable":true,"href":"https:\/\/www.europesays.com\/no\/wp-json\/wp\/v2\/tags?post=119085"}],"curies":[{"name":"wp","href":"https:\/\/api.w.org\/{rel}","templated":true}]}}