{"id":119087,"date":"2025-12-21T19:35:15","date_gmt":"2025-12-21T19:35:15","guid":{"rendered":"https:\/\/www.europesays.com\/no\/119087\/"},"modified":"2025-12-21T19:35:15","modified_gmt":"2025-12-21T19:35:15","slug":"bildene-united-fansen-ikke-vil-se","status":"publish","type":"post","link":"https:\/\/www.europesays.com\/no\/119087\/","title":{"rendered":"Bildene United-fansen ikke vil se:"},"content":{"rendered":"<p>Morgan Rogers ble den store forskjellen p\u00e5 Villa Park med sine to scoringer.<\/p>\n<p>Matheus Cunha skapte imidlertid spenning da han utlignet til 1-1 for United f\u00f8r pause.<\/p>\n<p>Men etter hvilen var det en spiller som ikke kom tilbake p\u00e5 banen.<\/p>\n<p>United-kaptein Bruno Fernandes hadde p\u00e5 tampen av den f\u00f8rste omgangen t\u00f8yd p\u00e5 leggen og det var tydelig at det var noe som plaget ham.<\/p>\n<p>        <img class=\"image__img lazyload\" itemprop=\"image\" title=\"Foto: David Klein \/ Reuters \/ NTB\" alt=\" Foto: David Klein \/ Reuters \/ NTB\" width=\"675\" height=\"412\" bad-src=\"https:\/\/www.europesays.com\/no\/wp-content\/uploads\/2025\/12\/18405961.webp\" fetchpriority=\"auto\" \/><\/p>\n<p>         Foto: David Klein \/ Reuters \/ NTB<\/p>\n<p>\u2013 Fernandes ser ikke 100 prosent ut. Han skj\u00e6rer grimaser for hvert skritt, skrev\u00a0Sky Sports&#8217; Patrick Rowe f\u00f8r pausen.<\/p>\n<p>Etter hvilen hadde samme mann en ny oppdatering.<\/p>\n<p>\u2013 Fernandes har nettopp haltet til benken langs sidelinjen.<\/p>\n<p>Fernandes har v\u00e6rt en av Uniteds viktigste spillere s\u00e5 langt denne sesongen.<\/p>\n<p>BBCs reporter p\u00e5 kampen, Simon Stone, setter ord p\u00e5 frustrasjonen til United-supporterne.<\/p>\n<p class=\"bold m-bold\" data-lab-font_weight=\"bold\">\u2013 Det kunne ikke blitt verre med tanke p\u00e5 tidspunkt for Bruno Fernandes \u00e5 bli skadet p\u00e5. N\u00e5 er\u00a0det er \u00e5tte seniorspillere som mangler, inkludert Kobbie Mainoo, skriver han.<\/p>\n<p data-lab-font_weight=\"\">United-manager Ruben Amorim utdyper om skaden til portugiseren.<\/p>\n<p data-lab-font_weight=\"bold\" class=\"bold m-bold\"> \u2013 Det ser ut til \u00e5 v\u00e6re en muskelskade, s\u00e5 det vil ta litt tid, sier han til Sky Sports, og fortsetter: <\/p>\n<p data-lab-font_weight=\"\">\u2013 Det er veldig rart. I l\u00f8pet av dette \u00e5ret, spesielt p\u00e5 denne tiden, har vi hatt s\u00e5 mange problemer, men vi m\u00e5 takle det. <\/p>\n<p data-lab-font_weight=\"\">Manchester United er n\u00e5 nummer sju i Premier League. Andre juledag venter Newcastle p\u00e5 Old Trafford, f\u00f8r Wolverhampton borte er \u00e5rets siste utfordring 30. desember.<\/p>\n","protected":false},"excerpt":{"rendered":"Morgan Rogers ble den store forskjellen p\u00e5 Villa Park med sine to scoringer. Matheus Cunha skapte imidlertid spenning&hellip;\n","protected":false},"author":2,"featured_media":119088,"comment_status":"","ping_status":"","sticky":false,"template":"","format":"standard","meta":{"footnotes":""},"categories":[5],"tags":[20,21,24,25,15,19,22,23,17,18,13,30,28,29,14,16,26,27],"class_list":{"0":"post-119087","1":"post","2":"type-post","3":"status-publish","4":"format-standard","5":"has-post-thumbnail","7":"category-overskrifter","8":"tag-breaking-news","9":"tag-breakingnews","10":"tag-featured-news","11":"tag-featurednews","12":"tag-headlines","13":"tag-hovedoppslag","14":"tag-latest-news","15":"tag-latestnews","16":"tag-main-news","17":"tag-mainnews","18":"tag-news","19":"tag-no","20":"tag-norge","21":"tag-norway","22":"tag-nyheter","23":"tag-overskrifter","24":"tag-top-stories","25":"tag-topstories"},"share_on_mastodon":{"url":"https:\/\/pubeurope.com\/@no\/115759239898747737","error":""},"_links":{"self":[{"href":"https:\/\/www.europesays.com\/no\/wp-json\/wp\/v2\/posts\/119087","targetHints":{"allow":["GET"]}}],"collection":[{"href":"https:\/\/www.europesays.com\/no\/wp-json\/wp\/v2\/posts"}],"about":[{"href":"https:\/\/www.europesays.com\/no\/wp-json\/wp\/v2\/types\/post"}],"author":[{"embeddable":true,"href":"https:\/\/www.europesays.com\/no\/wp-json\/wp\/v2\/users\/2"}],"replies":[{"embeddable":true,"href":"https:\/\/www.europesays.com\/no\/wp-json\/wp\/v2\/comments?post=119087"}],"version-history":[{"count":0,"href":"https:\/\/www.europesays.com\/no\/wp-json\/wp\/v2\/posts\/119087\/revisions"}],"wp:featuredmedia":[{"embeddable":true,"href":"https:\/\/www.europesays.com\/no\/wp-json\/wp\/v2\/media\/119088"}],"wp:attachment":[{"href":"https:\/\/www.europesays.com\/no\/wp-json\/wp\/v2\/media?parent=119087"}],"wp:term":[{"taxonomy":"category","embeddable":true,"href":"https:\/\/www.europesays.com\/no\/wp-json\/wp\/v2\/categories?post=119087"},{"taxonomy":"post_tag","embeddable":true,"href":"https:\/\/www.europesays.com\/no\/wp-json\/wp\/v2\/tags?post=119087"}],"curies":[{"name":"wp","href":"https:\/\/api.w.org\/{rel}","templated":true}]}}