{"id":119089,"date":"2025-12-21T19:36:08","date_gmt":"2025-12-21T19:36:08","guid":{"rendered":"https:\/\/www.europesays.com\/no\/119089\/"},"modified":"2025-12-21T19:36:08","modified_gmt":"2025-12-21T19:36:08","slug":"navnet-pa-bodo-glimt-sin-nye-stadion-far-kritikk-nrk-nordland","status":"publish","type":"post","link":"https:\/\/www.europesays.com\/no\/119089\/","title":{"rendered":"Navnet p\u00e5 Bod\u00f8\/Glimt sin nye stadion f\u00e5r kritikk \u2013 NRK Nordland"},"content":{"rendered":"<p>\u00abPowerOffice Arctic Arena\u00bb.<\/p>\n<p>Det kan bli navnet p\u00e5 Bod\u00f8\/Glimts nye stadion. Bod\u00f8-selskapet PowerOffice betaler dr\u00f8yt 70 millioner kroner for \u00e5 klistre navnet sitt p\u00e5 prestisjeprosjektet.<\/p>\n<p>Pengene er gode nyheter for klubbledelsen, men navnet faller ikke i smak hos alle.<\/p>\n<p><strong>\u2013 Det er noe av det verste jeg har h\u00f8rt.<\/strong><\/p>\n<p>Det er den umiddelbare reaksjonen fra Morten Gal\u00e5sen. Han driver podkasten \u00abPyro &amp; Pivo\u00bb, som handler om supporterkultur i norsk og internasjonal fotball. Gal\u00e5sen er ogs\u00e5 stor LSK-fan og har tidligere v\u00e6rt leder av Kanarifansen.<\/p>\n<ul class=\"dhpg__gallery__list\">\n<li class=\"dhpg__gallery__listItem\"><img alt=\"Morten Gal\u00e5sen\"  width=\"2400\" height=\"2400\" loading=\"lazy\"\/>Morten Gal\u00e5sen\n<ul>\n<li>Podcaster og LSK-supporter.<\/li>\n<\/ul>\n<\/li>\n<\/ul>\n<p>\u2013 Det er et forferdelig navn. Dette skal v\u00e6re hjemmet til en klubb som hevder \u00e5 v\u00e6re store, sterke og historisk viktige. Og s\u00e5 skal de kalle hjemmet sitt for &#8230; Ja, for hva enn det navnet der er.<\/p>\n<p>\u2013 Jeg tror det gir en bismak for Glimt-supporterne. Selv for de som er mest lojale til styret og daglig leder, legger han til.<\/p>\n<p><strong>Det er delte meninger om navnet p\u00e5 stadion:<\/strong><\/p>\n<p>    \u2190<\/p>\n<ul data-scroll-container=\"\" role=\"list\">\n<li><img alt=\"en gruppe mennesker i et rom (Bildebeskrivelsen er laget av en KI-tjeneste)\"  width=\"3840\" height=\"2160\" loading=\"lazy\"\/>\n<p>\n        Eirik Gjesdal \/ NRK\n      <\/p>\n<p>Styerleder i Vikinghordene Roar \u00c5kerlund <\/p>\n<p>\u2013 At noen klarer \u00e5 f\u00e5 Komplett.no Arena til \u00e5 ikke v\u00e6re det rareste stadion navnet er et kunststykke.<\/p>\n<p>Komplett Arena var navnet p\u00e5 Sandefjords fotball stadion,\u00a0 n\u00e5 er det &laquo;Jotun Arena&raquo;.<\/p>\n<p>Han mener prinsipielt at navnet b\u00f8r ha lokal forankring. <\/p>\n<p>Og er glad for at Vikings stadion \u00e5pnet under navnet Viking stadion.<\/p>\n<p>\u2013 De har byttet navn etter hvert, men for oss supportere heter den fortsatt Viking stadion.<\/p>\n<\/li>\n<li><img alt=\"En mann uten h\u00e5r med briller med Brann-skjerf st\u00e5r i forgrunnen. I bakgrunnen st\u00e5r hundrevis av r\u00f8d-kledde Brannsupportere p\u00e5 tribunen.\"  width=\"3840\" height=\"2160\" loading=\"lazy\"\/>\n<p>\n        Brann Bataljonen Bergen \/ NRK\n      <\/p>\n<p>Styreleder i Brann Bataljonen Erlend Ytre-Arne V\u00e5gane<\/p>\n<p>\u2013 Jeg synes det er et navn som kler klubben godt og som de gjerne kunne valgt uavhengig av sponsoravtalen, s\u00e5 er det flaks for dem at de f\u00e5r betalt i tillegg, sier V\u00e5gane til NRK. <\/p>\n<\/li>\n<li><img alt=\"Mini Jakobsen\"  width=\"3840\" height=\"2157\" loading=\"lazy\"\/>\n<p>\n        Ola Helness\n      <\/p>\n<p>Jahn Ivar \u00abMini\u00bb Jakobsen<\/p>\n<p>\u2013 Helt greit. Tilh\u00f8righet til Bod\u00f8 og p\u00e5 vei ut i verden som Glimt. <\/p>\n<p>Det sier tidligere landslagsspiller og 90-tallshelt Jahn Ivar \u00abMini\u00bb Jakobsen. <\/p>\n<p>Han spilte for blant annet Bod\u00f8\/Glimt og Rosenborg. <\/p>\n<\/li>\n<li><img alt=\"En person st\u00e5r foran en sportsarena med stor publikum. I bakgrunnen er et fotballspill i gang p\u00e5 banen. Det er mange tilskuere samlet, og stemningen er intens. Omr\u00e5det er opplyst av stadionlys.\"  width=\"3840\" height=\"2160\" loading=\"lazy\"\/>\n<p>\n        J\u00f8rund Wessel Carlsen \/ NRK\n      <\/p>\n<p>NRKs fotballekspert Carl Erik Torp<\/p>\n<p>\u2013 Ambisjonen om at det skal spilles europafotball i minst to ti\u00e5r vises jo tydelig i navnevalget n\u00e5r det er p\u00e5 engelsk, sier Torp. <\/p>\n<p>Han er likevel ikke helt overbevist over forslaget. <\/p>\n<p>\u2013 Sjelen blir jo borte n\u00e5r det ikke skal spilles p\u00e5 Aspmyra. Det f\u00f8les ikke veldig personlig, men kan sikkert v\u00e6re med p\u00e5 \u00e5 styrke posisjonen bredere utenfor kommunegrensene.<\/p>\n<\/li>\n<li><img alt=\"Jan Petter Saltvedt\"  width=\"3840\" height=\"2160\" loading=\"lazy\"\/>\n<p>\n        Martin Leigland\n      <\/p>\n<p>NRKs sportskommentator Jan Petter Saltvedt<\/p>\n<p>\u2013 Glimt tar det tilbudet som gir dem mest. S\u00e5nn er toppfotballen i dag, ville det eller ei. <\/p>\n<p>Saltvedt sier supporterne f\u00e5r kalle stadion hva de vil, og kommer samtidig med et forslag.<\/p>\n<p>\u2013 Meglerfirmaet Arctic Securities sponser i \u00f8yeblikket Magnus Carlsen. Han er sikkert villig til \u00e5 bytte. Glimt f\u00e5r Arctic p\u00e5 Arctic, og Carlsen kan ha Power Office p\u00e5 jeansene han endelig har f\u00e5tt lov \u00e5 spille VM med.<\/p>\n<\/li>\n<\/ul>\n<p>\u2192<\/p>\n<p>\u2013 G\u00e5r imot det meste av reglene<\/p>\n<p>Heller ikke Spr\u00e5kr\u00e5det er s\u00e6rlig imponert over \u00abPowerOffice Arctic Arena\u00bb.<\/p>\n<p>\u2013 Det er et type navn som g\u00e5r imot det meste av reglene n\u00e5r vi gir r\u00e5d om gode navn. Det handler f\u00f8rst og fremst om at en del av navnet er engelsk, sier Daniel Ims, avdelingsdirekt\u00f8r i Spr\u00e5kr\u00e5det.<\/p>\n<p>Han understreker at Spr\u00e5kr\u00e5det ikke gir r\u00e5d i saker hvor private akt\u00f8rer er involvert.<\/p>\n<p>\u2013 V\u00e5rt generelle navngivningsprinsipp er at man skal bygge p\u00e5 den tradisjonelle navnetradisjonen og lokale forhold.<\/p>\n<p>Stadig flere navn p\u00e5 idrettsanlegg i Norge er n\u00e5 sponset, if\u00f8lge Ims.<\/p>\n<p>\u2013 Det har v\u00e6rt en trend over en viss tid n\u00e5. Det er litt problematisk fordi det ofte erstatter et etablert stadionnavn, som er godt kjent eller passer p\u00e5 stedet. Slik som Aspmyra er n\u00e5.<\/p>\n<p><strong>NRK har bedt om en kommentar fra PowerOffice, men har forel\u00f8pig ikke f\u00e5tt noen respons.<\/strong><\/p>\n<ul class=\"dhpg__gallery__list\">\n<li class=\"dhpg__gallery__listItem\"><img alt=\"Daniel Gusfre Ims, seksjonssjef i Spr\u00e5kr\u00e5det\"  width=\"2400\" height=\"2400\" loading=\"lazy\"\/>Daniel Ims\n<ul>\n<li>Avdelingsdirekt\u00f8r i Spr\u00e5kr\u00e5det.<\/li>\n<\/ul>\n<\/li>\n<\/ul>\n<p>\u2013 Skal klare \u00e5 svelge at navnet selges<\/p>\n<p>Glimt-supporterne selv er betydelig mer positive til navnet og hva avtalen mellom PowerOffice og Bod\u00f8\/Glimt betyr for klubben.<\/p>\n<p><strong>\u2013 Vi har v\u00e6rt innforst\u00e5tt med at det kom til \u00e5 bli et sponsornavn. Selv om vi kanskje prinsipielt skulle \u00f8nske det ikke var et kommersielt navn<\/strong><\/p>\n<p>\u2013 Men vi m\u00e5 hylle PowerOffice for at de er med og bidrar til at det blir et nytt stadion. Det er vi superglade for, sier leder i J-feltet, Thomas Solberg, til NRK.<\/p>\n<p>At selskapet er fra Bod\u00f8 gj\u00f8r saken enklere for Glimt-supporterne.<\/p>\n<p>\u2013 Hadde det v\u00e6rt en utenlandsk kommersiell akt\u00f8r, s\u00e5 hadde det blitt motstand. S\u00e5 lenge dette er en solid nordnorsk akt\u00f8r, s\u00e5 skal vi klare \u00e5 svelge at navnet selges.<\/p>\n<p>Solberg understreker ogs\u00e5 at det egentlig ikke er \u00abPowerOffice\u00bb som er problemet. Det er verre med \u00abArctic arena\u00bb.<\/p>\n<p>        Liker du navnet p\u00e5 Glimts nye stadion? <\/p>\n<p>        Ja<\/p>\n<p>        Nei<\/p>\n<p>      Vis resultat<\/p>\n<p class=\"pin-nrkno-poll__disclaimer\">\n    Denne avstemningen viser ikke hva befolkningen mener om sp\u00f8rsm\u00e5let.<br \/>\n    Resultatet viser hva de som selv har valgt \u00e5 stemme mener,<br \/>\n    og avstemningen har ikke et utvalg som gj\u00f8r den representativ for alle som bor i landet.\n  <\/p>\n<p><strong>\u2013 Vi synes kanskje arctic er mer knyttet til by lenger nord (Troms\u00f8 red.anm.), og vi kjenner oss ikke s\u00e5 igjen i det her, med v\u00e5r tilh\u00f8righet i Bod\u00f8. N\u00e5r det gjelder arena, s\u00e5 skulle vi helst sett at det heter stadion.<\/strong><\/p>\n<p>Uansett tror Solberg det kommer til etablere seg andre navn p\u00e5 den kommende stadion.<\/p>\n<p><strong>\u2013 I dag sier vi \u00abMyra\u00bb n\u00e5r vi skal til Aspmyra. Det utvikler seg nok et navn p\u00e5 folkemunne her ogs\u00e5. <\/strong><\/p>\n<ul class=\"dhpg__gallery__list\">\n<li class=\"dhpg__gallery__listItem\"><img alt=\"Thomas Solberg i J-feltet\"  width=\"2400\" height=\"2400\" loading=\"lazy\"\/>Thomas Solberg<\/li>\n<\/ul>\n<p>Power Office Harald Berg Stadion<\/p>\n<p>Sosiolog ved Nord universitet og forsker p\u00e5 fotballkultur, Mads Skauge, mener de fleste supportere lenge har innsett at stadionnavnet ville f\u00e5 en sponsorprofil, til tross for at det ble sagt p\u00e5 \u00e5rsm\u00f8te at klubben ville unng\u00e5 det.<\/p>\n<p>\u2013 Det er akseptert fordi \u00f8konomien krever det, og det er viktigere for folk \u00e5 f\u00e5 stadionet p\u00e5 plass enn \u00e5 holde fast ved idealet om et \u00abrent\u00bb navn.<\/p>\n<p><strong>\u2013 Hvis det er behov for \u00e5 selge stadionnavnet, er det verdt det. Det viktigste er at stadionet, eller arenaen som de kaller det, blir noe av, mener Skauge.<\/strong><\/p>\n<p><img decoding=\"async\"   src=\"data:image\/gif;base64,R0lGODlhAQABAIAAAAAAAP\/\/\/yH5BAEAAAAALAAAAAABAAEAAAIBRAA7\" loading=\"eager\" alt=\"Mads Skauge er talsperson for J-feltet\" title=\"Foto: Vetle Mathiesen Knutsen \/ NRK\"\/><\/p>\n<p class=\"\">Sosiolog Mads Skauge mener klubblogo, draktfarger og stadio-navn er \u00abhellig\u00bb i fotball.<\/p>\n<p>Foto: Vetle Mathiesen Knutsen \/ NRK<\/p>\n<p>Skauge har merket seg tre elementer i debatten om stadionnavnet.<\/p>\n<p>Det f\u00f8rste er om det er behov for et engelsk navn p\u00e5 et norsk stadion. Nummer to handler om det er en arena eller en stadion som skal bygges.<\/p>\n<p>\u2013 Jeg har intrykk av at \u00abstadion\u00bb er mer treffende for det som faktisk skal bygges, slik stadionprosjektet til slutt ble.<\/p>\n<p>Det tredje er hva man egentlig vil ved \u00e5 markedsf\u00f8re seg som \u00abarktisk\u00bb.<\/p>\n<p>\u2013 Jeg har inntrykk av at det er moteord, og at veldig mange bedrifter og organisasjoner i Nord-Norge er veldig glade i \u00e5 markedsf\u00f8re seg som arktiske. Men p\u00e5 en annen side skiller du deg jo ikke noe ut.<\/p>\n<p>Skauge har andre forslag til navn.<\/p>\n<p>\u2013 Et bedre forslag vil v\u00e6re \u00e5 kalle det Power Office Harald Berg Stadion. Litt som Ajax har \u00abJohan Cruyff Arena\u00bb. Ellers kunne man rett og slett kalt det for Power Office Bod\u00f8 Stadion.<\/p>\n<p>Skauge forteller at uansett hva navnet blir er det fantastisk for byen og regionen at dette stadionprosjektet ser ut til \u00e5 g\u00e5 i havn.<\/p>\n<p>Utbredt<\/p>\n<p>Kommersielle navn p\u00e5 stadioner er ikke et nytt fenomen. B\u00e5de Aker stadion (Molde), Color Line stadion (Aalesund) og Sparebanken S\u00f8r-Arena (Start) er velkjente navn i norsk fotball.<\/p>\n<p>\u2013 Det har blitt normalisert over en lang periode og er ikke noe nytt. Det er lenge siden Molde stadion og Viking stadion h\u00e9t nettopp det, sier Morten Gal\u00e5sen.<\/p>\n<p>De siste \u00e5rene har ogs\u00e5 Intility Arena (V\u00e5lerenga) og Romssa Arena powered by Troms Kraft. (Troms\u00f8) blitt etablerte stadionnavn.<\/p>\n<p>\u2013 Jeg syns det er rart at klubbene ikke tar mer vare p\u00e5 \u00e5 beholde den lokale forankringen og de sjelfulle navnene, som Aspmyra stadion er.<\/p>\n<p>Han opplever at et flertall av norske fotballsupportere er imot sponsornavn p\u00e5 stadioner.<\/p>\n<p><strong>\u2013 Du kan ta V\u00e5lerenga som et eksempel. De fikk endelig sitt eget stadion i 2017. De kaller det fortsatt for V\u00e5lerenga stadion, men hele veien har navnet v\u00e6rt Intility Arena.<\/strong><\/p>\n<p><img decoding=\"async\"   src=\"data:image\/gif;base64,R0lGODlhAQABAIAAAAAAAP\/\/\/yH5BAEAAAAALAAAAAABAAEAAAIBRAA7\" loading=\"eager\" alt=\"Et flyfoto av en by (Bildebeskrivelsen er laget av en KI-tjeneste)\" title=\"Illustrasjon: Nordic Office of Architecture\"\/><\/p>\n<p class=\"\">Glimts nye stadion bygges p\u00e5 omr\u00e5det som i dag heter Thalle\u00e5keren. Kanskje det ogs\u00e5 blir navnet p\u00e5 stadion p\u00e5 folkemunne? <\/p>\n<p>Illustrasjon: Nordic Office of Architecture<\/p>\n<p>Mer enn 50 millioner<\/p>\n<p>Det er \u00e5rsm\u00f8tet i Bod\u00f8\/Glimt som til slutt bestemmer hva navnet p\u00e5 stadion skal bli.<\/p>\n<p>Det h\u00f8rer med til historien at Glimt har budsjettert med \u00e5 f\u00e5 inn 50 millioner ved \u00e5 selge deler av stadion-navnet.<\/p>\n<p>Opprinnelig var planen: \u00ab[arenanavn] by [akt\u00f8r]\u00bb<\/p>\n<p>Men:<\/p>\n<p><strong>\u2013 PowerOffice har signalisert vilje til \u00e5 bidra med en h\u00f8yere sum for navnerettighetene enn det som tidligere er lagt til grunn i klubbens finansieringsplan, dersom dette blir et foretrukket navn, sier daglig leder Frode Thomassen i en pressemelding.<\/strong><\/p>\n<p>Publisert<\/p>\n<p>21.12.2025, kl. 20.11<\/p>\n","protected":false},"excerpt":{"rendered":"\u00abPowerOffice Arctic Arena\u00bb. Det kan bli navnet p\u00e5 Bod\u00f8\/Glimts nye stadion. Bod\u00f8-selskapet PowerOffice betaler dr\u00f8yt 70 millioner kroner&hellip;\n","protected":false},"author":2,"featured_media":119090,"comment_status":"","ping_status":"","sticky":false,"template":"","format":"standard","meta":{"footnotes":""},"categories":[59],"tags":[30,28,29,83,82],"class_list":{"0":"post-119089","1":"post","2":"type-post","3":"status-publish","4":"format-standard","5":"has-post-thumbnail","7":"category-sport","8":"tag-no","9":"tag-norge","10":"tag-norway","11":"tag-sport","12":"tag-sports"},"share_on_mastodon":{"url":"https:\/\/pubeurope.com\/@no\/115759243775497576","error":""},"_links":{"self":[{"href":"https:\/\/www.europesays.com\/no\/wp-json\/wp\/v2\/posts\/119089","targetHints":{"allow":["GET"]}}],"collection":[{"href":"https:\/\/www.europesays.com\/no\/wp-json\/wp\/v2\/posts"}],"about":[{"href":"https:\/\/www.europesays.com\/no\/wp-json\/wp\/v2\/types\/post"}],"author":[{"embeddable":true,"href":"https:\/\/www.europesays.com\/no\/wp-json\/wp\/v2\/users\/2"}],"replies":[{"embeddable":true,"href":"https:\/\/www.europesays.com\/no\/wp-json\/wp\/v2\/comments?post=119089"}],"version-history":[{"count":0,"href":"https:\/\/www.europesays.com\/no\/wp-json\/wp\/v2\/posts\/119089\/revisions"}],"wp:featuredmedia":[{"embeddable":true,"href":"https:\/\/www.europesays.com\/no\/wp-json\/wp\/v2\/media\/119090"}],"wp:attachment":[{"href":"https:\/\/www.europesays.com\/no\/wp-json\/wp\/v2\/media?parent=119089"}],"wp:term":[{"taxonomy":"category","embeddable":true,"href":"https:\/\/www.europesays.com\/no\/wp-json\/wp\/v2\/categories?post=119089"},{"taxonomy":"post_tag","embeddable":true,"href":"https:\/\/www.europesays.com\/no\/wp-json\/wp\/v2\/tags?post=119089"}],"curies":[{"name":"wp","href":"https:\/\/api.w.org\/{rel}","templated":true}]}}