{"id":119091,"date":"2025-12-21T19:46:09","date_gmt":"2025-12-21T19:46:09","guid":{"rendered":"https:\/\/www.europesays.com\/no\/119091\/"},"modified":"2025-12-21T19:46:09","modified_gmt":"2025-12-21T19:46:09","slug":"entreprenor-konkurs-med-over-11-millioner-i-gjeld-e24","status":"publish","type":"post","link":"https:\/\/www.europesays.com\/no\/119091\/","title":{"rendered":"Entrepren\u00f8r konkurs med over 11 millioner i gjeld \u2013 E24"},"content":{"rendered":"<p class=\"fullWidthDesktop hyperion-css-71ztg2\" data-test-tag=\"lead-text\">Nok et selskap i byggebransjen m\u00e5 kaste inn \u00e5rene. \u2013 Eneste utvei, sier styreleder.<\/p>\n<p><img decoding=\"async\" class=\"image-asset hyperion-css-2fqpkz\" data-test-tag=\"image-asset\" src=\"https:\/\/www.europesays.com\/no\/wp-content\/uploads\/2025\/12\/efe4b203-73d9-4fd3-aeaf-7be7a1f142ed\"  alt=\"NHO Byggen\u00e6ringen p\u00e5pekte til E24 i november at sv\u00e6rt mange medlemsbedrifter fortsatt opplever et sv\u00e6rt krevende marked.\"  loading=\"eager\" fetchpriority=\"high\" style=\"aspect-ratio:1900 \/ 1267\"\/>NHO Byggen\u00e6ringen p\u00e5pekte til E24 i november at sv\u00e6rt mange medlemsbedrifter fortsatt opplever et sv\u00e6rt krevende marked. Foto: Skjalg B\u00f8hmer Vold \/ E24Publisert: Publisert: <\/p>\n<p>For mindre enn 30 minutter siden<\/p>\n<ul class=\"hyperion-css-pte5x0\">\n<li aria-label=\"link\" class=\"narrow-button hyperion-css-1sz7d3n\">Kopier lenke<\/li>\n<li aria-label=\"link\" class=\"wide-button hyperion-css-1sz7d3n\">Kopier lenke<\/li>\n<li aria-label=\"facebook\" class=\"narrow-button hyperion-css-1sz7d3n\">Del p\u00e5 Facebook<\/li>\n<li aria-label=\"facebook\" class=\"wide-button hyperion-css-1sz7d3n\">Del p\u00e5 Facebook<\/li>\n<li aria-label=\"email\" class=\"narrow-button hyperion-css-1sz7d3n\">Del med e-post<\/li>\n<li aria-label=\"email\" class=\"wide-button hyperion-css-1sz7d3n\">Del med e-post<\/li>\n<\/ul>\n<p class=\"hyperion-css-1lemvax\">Th Industribygg AS er konkurs. Selskapet, etablert i <a aria-label=\"2021\" class=\"default hyperion-css-1rezu2g\" href=\"https:\/\/www.proff.no\/selskap\/th-industribygg-as\/rygge\/fasadeentrepren\u00f8rer\/IFC54NK00CW\" rel=\"noopener nofollow noreferrer\" data-test-tag=\"external-link\" target=\"_blank\">2021<\/a>, har holdt til i Moss kommune og tilbudt tak- og fasadel\u00f8sninger, og spesialiserte seg p\u00e5 oppf\u00f8ring av n\u00e6ringsbygg.<\/p>\n<p class=\"hyperion-css-1lemvax\">\u2013 Selskapet har hatt et krevende \u00e5r, med prosjektutsettelser, forsinkede oppgj\u00f8r og press p\u00e5 likviditeten, sier styreleder Espen H\u00e5konsen.<\/p>\n<p class=\"hyperion-css-1lemvax\">\u2013 Flere forhold har virket samtidig, blant annet tap knyttet til konkurser hos samarbeidspartnere, noe som ytterligere har belastet \u00f8konomien.<\/p>\n<p><a data-test-tag=\"teaser-small:link-internal\" href=\"https:\/\/e24.no\/boers-og-finans\/i\/Ey0ggo\/hedgefond-forvaltere-disse-aksjene-ville-de-lagt-under-juletreet\" class=\"imagePosition-top inline hyperion-css-6238vu\" rel=\"nofollow noopener\" target=\"\" aria-label=\"Hedgefond-forvaltere: Disse aksjene ville de lagt under juletreet\"><\/p>\n<p>Les p\u00e5 E24+<\/p>\n<p>Hedgefond-forvaltere: Disse aksjene ville de lagt under juletreet<\/p>\n<p><\/a>Konkursb\u00f8lge<\/p>\n<p class=\"hyperion-css-1lemvax\">Som <a data-test-tag=\"internal-link\" href=\"https:\/\/e24.no\/naeringsliv\/i\/GyzEeJ\/byggenaeringen-i-krise-lenge-siden-aktoerene-har-tjent-penger\" class=\"hyperion-css-1rezu2g\" rel=\"nofollow noopener\" target=\"\" aria-label=\"E24\">E24<\/a> tidligere har omtalt har det v\u00e6rt en konkursb\u00f8lge blant underleverand\u00f8rer knyttet til byggebransjen. <\/p>\n<p class=\"hyperion-css-1lemvax\">Tall fra <a aria-label=\"SSB\" class=\"default hyperion-css-1rezu2g\" href=\"https:\/\/www.ssb.no\/bygg-bolig-og-eiendom\/bygg-og-anlegg\/statistikk\/produksjonsindeks-for-bygge-og-anleggsvirksomhet\/artikler\/aktivitet-i-bygge-og-anleggsnaringen\" rel=\"noopener nofollow noreferrer\" data-test-tag=\"external-link\" target=\"_blank\">SSB<\/a> viser at produksjonsniv\u00e5et i byggen\u00e6ringen har hatt et kraftig fall siden midten av 2022. <\/p>\n<p class=\"hyperion-css-1lemvax\">\u2013 Selskapet har hatt en h\u00f8y konsentrasjon av prosjekter mot \u00e9n st\u00f8rre entrepren\u00f8r. N\u00e5r sluttoppgj\u00f8r og betalinger blir h\u00e5ndtert stramt og trekker ut i tid, f\u00e5r det store konsekvenser for likviditeten, sier H\u00e5konsen.<\/p>\n<p class=\"hyperion-css-1lemvax\">\u2013 Etter en samlet vurdering, og i dialog med r\u00e5dgivere, ble det i slutten av november klart at konkurs var eneste utvei.<\/p>\n<p><a data-test-tag=\"teaser-small:link-internal\" href=\"https:\/\/e24.no\/naeringsliv\/i\/Rz3KOA\/byggevaretopp-vi-er-i-en-langvarig-krise\" class=\"imagePosition-top inline hyperion-css-6238vu\" rel=\"nofollow noopener\" target=\"\" aria-label=\"Byggevaretopp: \u2013 Vi er i en langvarig krise\"><\/p>\n<p>Les ogs\u00e5<\/p>\n<p>Byggevaretopp: \u2013 Vi er i en langvarig krise<\/p>\n<p><\/a>Gjeld p\u00e5 11,78 millioner <\/p>\n<p class=\"hyperion-css-1lemvax\">Selskapet har en gjeld p\u00e5 11,78 millioner, mens selskapets aktiva har en ansl\u00e5tt samlet verdi p\u00e5 125.000 kroner, if\u00f8lge konkurskjennelsen.<\/p>\n<p class=\"hyperion-css-1lemvax\">Ni ansatte rammes av konkursen, if\u00f8lge kjennelsen.<\/p>\n<p class=\"hyperion-css-1lemvax\">I 2024 hadde selskapet 42 millioner i omsetning, med et driftsresultat p\u00e5 rundt 1,36 millioner kroner.<\/p>\n<p>\u2013 Ikke hastverk med \u00e5 sette renten ned<\/p>\n<p class=\"hyperion-css-1lemvax\">NHO-sjef Ole Erik Almlid har tidligere pekt p\u00e5 at det er Norges Bank som har st\u00f8rst betydning for byggen\u00e6ringen slik situasjonen er n\u00e5.<\/p>\n<p class=\"hyperion-css-1lemvax\">\u2013 Det aller viktigste er \u00e5 sikre at renten kommer ned s\u00e5 fort som mulig, sa han til <a data-test-tag=\"internal-link\" href=\"https:\/\/e24.no\/norsk-oekonomi\/i\/aJ1Q6L\/lo-og-nho-vil-ha-boliggrep-det-er-akutt\" class=\"hyperion-css-1rezu2g\" rel=\"nofollow noopener\" target=\"\" aria-label=\"E24\">E24<\/a> tidligere i desember.<\/p>\n<p class=\"hyperion-css-1lemvax\">Det skjer ikke med det aller f\u00f8rste. Denne uken lot Norges Bank styringsrenten ligge i ro p\u00e5 <a data-test-tag=\"internal-link\" href=\"https:\/\/e24.no\/norsk-oekonomi\/i\/L40wzp\/norges-bank-holder-renten-uendret\" class=\"hyperion-css-1rezu2g\" rel=\"nofollow noopener\" target=\"\" aria-label=\"4 prosent\">4 prosent<\/a>, men sentralbanken \u00e5pnet samtidig for at det kan bli to rentekutt neste \u00e5r. <\/p>\n<p class=\"hyperion-css-1lemvax\">\u2013 Vi har ikke hastverk med \u00e5 sette renten ned, sier sentralbanksjef Ida Wolden Bache.<\/p>\n","protected":false},"excerpt":{"rendered":"Nok et selskap i byggebransjen m\u00e5 kaste inn \u00e5rene. \u2013 Eneste utvei, sier styreleder. NHO Byggen\u00e6ringen p\u00e5pekte til&hellip;\n","protected":false},"author":2,"featured_media":119092,"comment_status":"","ping_status":"","sticky":false,"template":"","format":"standard","meta":{"footnotes":""},"categories":[56],"tags":[60,61,62,30,28,29],"class_list":{"0":"post-119091","1":"post","2":"type-post","3":"status-publish","4":"format-standard","5":"has-post-thumbnail","7":"category-naeringsliv","8":"tag-business","9":"tag-economy","10":"tag-naeringsliv","11":"tag-no","12":"tag-norge","13":"tag-norway"},"share_on_mastodon":{"url":"https:\/\/pubeurope.com\/@no\/115759283333464422","error":""},"_links":{"self":[{"href":"https:\/\/www.europesays.com\/no\/wp-json\/wp\/v2\/posts\/119091","targetHints":{"allow":["GET"]}}],"collection":[{"href":"https:\/\/www.europesays.com\/no\/wp-json\/wp\/v2\/posts"}],"about":[{"href":"https:\/\/www.europesays.com\/no\/wp-json\/wp\/v2\/types\/post"}],"author":[{"embeddable":true,"href":"https:\/\/www.europesays.com\/no\/wp-json\/wp\/v2\/users\/2"}],"replies":[{"embeddable":true,"href":"https:\/\/www.europesays.com\/no\/wp-json\/wp\/v2\/comments?post=119091"}],"version-history":[{"count":0,"href":"https:\/\/www.europesays.com\/no\/wp-json\/wp\/v2\/posts\/119091\/revisions"}],"wp:featuredmedia":[{"embeddable":true,"href":"https:\/\/www.europesays.com\/no\/wp-json\/wp\/v2\/media\/119092"}],"wp:attachment":[{"href":"https:\/\/www.europesays.com\/no\/wp-json\/wp\/v2\/media?parent=119091"}],"wp:term":[{"taxonomy":"category","embeddable":true,"href":"https:\/\/www.europesays.com\/no\/wp-json\/wp\/v2\/categories?post=119091"},{"taxonomy":"post_tag","embeddable":true,"href":"https:\/\/www.europesays.com\/no\/wp-json\/wp\/v2\/tags?post=119091"}],"curies":[{"name":"wp","href":"https:\/\/api.w.org\/{rel}","templated":true}]}}