{"id":119097,"date":"2025-12-21T20:14:11","date_gmt":"2025-12-21T20:14:11","guid":{"rendered":"https:\/\/www.europesays.com\/no\/119097\/"},"modified":"2025-12-21T20:14:11","modified_gmt":"2025-12-21T20:14:11","slug":"nordnorsk-politiker-vil-tvinge-turister-til-a-ta-glattkjoringskurs","status":"publish","type":"post","link":"https:\/\/www.europesays.com\/no\/119097\/","title":{"rendered":"Nordnorsk politiker vil tvinge turister til \u00e5 ta glattkj\u00f8ringskurs"},"content":{"rendered":"\n<p class=\"_lead_o9xde_2 _lead_xtcu6_50 layout-component text-serif-m layout-normal text-serif-l layout-component layout-wide layout-padded _wide_17hqh_1 layout-padded\">En kraftig \u00f8kning i antall trafikkuhell med turister p\u00e5 glatt nordnorsk f\u00f8re i h\u00f8st f\u00f8rer til krav om at utenlandske turister m\u00e5 ha glattkj\u00f8ringskurs.<\/p>\n<p><img alt=\"KURS: Fylkespolitiker i Nordland vil at turister m\u00e5 gjennom en glattkj\u00f8ringskurs for \u00e5 f\u00e5 kj\u00f8re p\u00e5 nordnorske veier om vinteren.  Foto: Solveig Vikene \/ NTB\" class=\"_image_qp4xg_65 layout-component layout-wide\" data-fullscreen- data-track-element-type=\"Article image fullscreen\" data-track-name=\"ImageFullscreen\" fetchpriority=\"high\" decoding=\"sync\" loading=\"eager\" height=\"2736\" itemprop=\"image\"  src=\"https:\/\/www.europesays.com\/no\/wp-content\/uploads\/2025\/12\/158779bd-baf1-4b27-9955-a9e43cd66907\"  style=\"object-position:0% 0%\" width=\"3648\"\/>KURS: Fylkespolitiker i Nordland vil at turister m\u00e5 gjennom en glattkj\u00f8ringskurs for \u00e5 f\u00e5 kj\u00f8re p\u00e5 nordnorske veier om vinteren.  Foto: Solveig Vikene \/ NTB<\/p>\n<ul aria-hidden=\"true\" class=\"_images_ntbth_112\">\n<li><a class=\"_link_ntbth_117\" href=\"https:\/\/www.vg.no\/forfatter\/ntb\" style=\"z-index:1\" title=\"NTB\" rel=\"nofollow noopener\" target=\"_blank\"><img alt=\"Bilde av NTB\" class=\"_image_ntbth_93\" fetchpriority=\"low\" loading=\"lazy\" decoding=\"async\" itemprop=\"image\"  src=\"https:\/\/www.europesays.com\/no\/wp-content\/uploads\/2025\/12\/1766348050_685_c33980b0-5d07-4027-84a1-813f90a7c8d6\"  width=\"480\"\/><\/a><\/li>\n<\/ul>\n<p> Oppdatert s\u00f8ndag 21. desember kl. 20:31    <\/p>\n<ul class=\"_list_o9xde_3 _list_64s2r_85 _unordered_o9xde_106 text-sans-m\">\n<li class=\"_item_o9xde_30\">Antall trafikkuhell med turister p\u00e5 glatt f\u00f8re i Nord-Norge har \u00f8kt kraftig i h\u00f8st.<\/li>\n<li class=\"_item_o9xde_30\">Viking Redningstjeneste rapporterer en 25 prosent \u00f8kning i oppdrag, og utforkj\u00f8ringer har steget med 36,3 prosent.<\/li>\n<li class=\"_item_o9xde_30\">NFTU vil p\u00e5legge utenlandske turister glattkj\u00f8ringskurs f\u00f8r de f\u00e5r kj\u00f8re i Nord-Norge.<\/li>\n<li class=\"_item_o9xde_30\">Forslaget m\u00f8ter motstand fra reiselivsn\u00e6ringen og Samferdselsdepartementet p\u00e5 grunn av internasjonale forpliktelser.<\/li>\n<\/ul>\n<p>Vis mer <\/p>\n<p class=\"_paragraph_o9xde_4 _paragraph_xtcu6_10 layout-component text-serif-m layout-normal text-serif-m layout-padded\"> Viking Redningstjeneste i Troms\u00f8 kan rapportere om 25 prosent flere oppdrag mellom 1. november og 10. desember i \u00e5r sammenlignet med i fjor. Utforkj\u00f8ringer alene har steget med 36,3 prosent, melder <a href=\"https:\/\/www.nrk.no\/nordland\/auking-i-trafikkuhell-om-vinteren.-vil-tvinge-turistar-pa-glattkoyringskurs-1.17687718\" class=\"_link_o9xde_39\" rel=\"nofollow noopener\" target=\"_blank\">NRK.<\/a><\/p>\n<p class=\"_paragraph_o9xde_4 _paragraph_xtcu6_10 layout-component text-serif-m layout-normal text-serif-m layout-padded\">\u2013 P\u00e5 dager med ruskev\u00e6r og d\u00e5rlige kj\u00f8reforhold vil jeg ansl\u00e5 at 70 prosent av de som trenger hjelp, er turister, sier bilberger Jonas Petrosius i Viking til NRK.<\/p>\n<p class=\"_paragraph_o9xde_4 _paragraph_xtcu6_10 layout-component text-serif-m layout-normal text-serif-m layout-padded\">En av \u00e5rsakene er at vinteren kom br\u00e5tt p\u00e5 i \u00e5r. Ogs\u00e5 Trygg Trafikk har merket st\u00f8rre utfordringer med turister som kj\u00f8rer av veien, som skaper farlige situasjoner av andre \u00e5rsaker, og som klarer \u00e5 forville seg inn i lysl\u00f8yper.<\/p>\n<p><img alt=\"VINTER: Turister og glatter veier skaper tr\u00f8bbel.  Foto: Annika Byrde \/ NTB\" class=\"_image_qp4xg_65 layout-component layout-normal\" data-fullscreen- data-track-element-type=\"Article image fullscreen\" data-track-name=\"ImageFullscreen\" decoding=\"async\" loading=\"lazy\" height=\"3628\" itemprop=\"image\"  src=\"https:\/\/www.europesays.com\/no\/wp-content\/uploads\/2025\/12\/84d04c52-5a31-410e-8d15-910edd687077\"  style=\"object-position:0% 0%\" width=\"5442\"\/>VINTER: Turister og glatter veier skaper tr\u00f8bbel.  Foto: Annika Byrde \/ NTB<\/p>\n<p class=\"_paragraph_o9xde_4 _paragraph_xtcu6_10 layout-component text-serif-m layout-normal text-serif-m layout-padded\">Trafikksikkerhetsutvalget (NFTU) i Nordland jobber n\u00e5 for \u00e5 p\u00e5legge utenlandske turister kurs f\u00f8r de f\u00e5r kj\u00f8re under vanskelige forhold p\u00e5 glattisen i Nord-Norge.<\/p>\n<p class=\"_paragraph_o9xde_4 _paragraph_xtcu6_10 layout-component text-serif-m layout-normal text-serif-m layout-padded\">\u2013 Folk som kommer fra land som verken har vinterforhold eller kanskje ikke vet hva sn\u00f8 er, kan komme hit og kj\u00f8re s\u00e5 mye som de vil, sier fylkesr\u00e5d for samferdsel Richard Dagsvik (Frp). Han er leder av NFTU, og mener b\u00e5de politikere og veimyndighetene har sovet i timen. <\/p>\n<p class=\"_paragraph_o9xde_4 _paragraph_xtcu6_10 layout-component text-serif-m layout-normal text-serif-m layout-padded\">Han vil at turister m\u00e5 ta et intensivkurs i glattkj\u00f8ring.<\/p>\n<p class=\"_paragraph_o9xde_4 _paragraph_xtcu6_10 layout-component text-serif-m layout-normal text-serif-m layout-padded\">Forslaget m\u00f8ter motstand fra reiselivsn\u00e6ringen, som frykter at det vil skremme bort turister, mens statssekret\u00e6r Tom Kals\u00e5s i Samferdselsdepartementet sier at internasjonale forpliktelser ikke gir rom til \u00e5 kreve egne obligatoriske kurs for turister.<\/p>\n","protected":false},"excerpt":{"rendered":"En kraftig \u00f8kning i antall trafikkuhell med turister p\u00e5 glatt nordnorsk f\u00f8re i h\u00f8st f\u00f8rer til krav om&hellip;\n","protected":false},"author":2,"featured_media":119098,"comment_status":"","ping_status":"","sticky":false,"template":"","format":"standard","meta":{"footnotes":""},"categories":[10],"tags":[20,21,24,25,15,22,23,13,30,28,29,14,16,26,27],"class_list":{"0":"post-119097","1":"post","2":"type-post","3":"status-publish","4":"format-standard","5":"has-post-thumbnail","7":"category-norge","8":"tag-breaking-news","9":"tag-breakingnews","10":"tag-featured-news","11":"tag-featurednews","12":"tag-headlines","13":"tag-latest-news","14":"tag-latestnews","15":"tag-news","16":"tag-no","17":"tag-norge","18":"tag-norway","19":"tag-nyheter","20":"tag-overskrifter","21":"tag-top-stories","22":"tag-topstories"},"share_on_mastodon":{"url":"https:\/\/pubeurope.com\/@no\/115759393873564330","error":""},"_links":{"self":[{"href":"https:\/\/www.europesays.com\/no\/wp-json\/wp\/v2\/posts\/119097","targetHints":{"allow":["GET"]}}],"collection":[{"href":"https:\/\/www.europesays.com\/no\/wp-json\/wp\/v2\/posts"}],"about":[{"href":"https:\/\/www.europesays.com\/no\/wp-json\/wp\/v2\/types\/post"}],"author":[{"embeddable":true,"href":"https:\/\/www.europesays.com\/no\/wp-json\/wp\/v2\/users\/2"}],"replies":[{"embeddable":true,"href":"https:\/\/www.europesays.com\/no\/wp-json\/wp\/v2\/comments?post=119097"}],"version-history":[{"count":0,"href":"https:\/\/www.europesays.com\/no\/wp-json\/wp\/v2\/posts\/119097\/revisions"}],"wp:featuredmedia":[{"embeddable":true,"href":"https:\/\/www.europesays.com\/no\/wp-json\/wp\/v2\/media\/119098"}],"wp:attachment":[{"href":"https:\/\/www.europesays.com\/no\/wp-json\/wp\/v2\/media?parent=119097"}],"wp:term":[{"taxonomy":"category","embeddable":true,"href":"https:\/\/www.europesays.com\/no\/wp-json\/wp\/v2\/categories?post=119097"},{"taxonomy":"post_tag","embeddable":true,"href":"https:\/\/www.europesays.com\/no\/wp-json\/wp\/v2\/tags?post=119097"}],"curies":[{"name":"wp","href":"https:\/\/api.w.org\/{rel}","templated":true}]}}