{"id":119103,"date":"2025-12-21T20:21:09","date_gmt":"2025-12-21T20:21:09","guid":{"rendered":"https:\/\/www.europesays.com\/no\/119103\/"},"modified":"2025-12-21T20:21:09","modified_gmt":"2025-12-21T20:21:09","slug":"bergen-nyheter-mann-funnet-dod-pa-melkeplassen","status":"publish","type":"post","link":"https:\/\/www.europesays.com\/no\/119103\/","title":{"rendered":"Bergen, Nyheter | Mann funnet d\u00f8d p\u00e5 Melkeplassen"},"content":{"rendered":"\n<p>Like f\u00f8r klokken 16 s\u00f8ndag fikk politiet melding om en livl\u00f8s person p\u00e5 Melkeplassen i Laksev\u00e5g bydel.<\/p>\n<p>Tre ambulanser, luftambulansen, flere politipatruljer og en hundepatrulje rykket ut etter meldingen.<\/p>\n<p><b>Da ble det bekreftet at vedkommende, en mann i 50-\u00e5rene, var d\u00f8d. <\/b><\/p>\n<p>   <img decoding=\"async\" width=\"5392\" height=\"3592\" fetchpriority=\"low\"  loading=\"lazy\"  src=\"https:\/\/www.europesays.com\/no\/wp-content\/uploads\/2025\/12\/_RJO6072.jpg\" alt=\"\" class=\"brick-c-cFOWSL\" style=\"--brick-image-ratio: 5392 \/ 3592;\"\/><\/p>\n<p>      Mannen har ingen tilknytning til omr\u00e5det hvor han ble funnet.<br \/>\n      Foto: RUNE JOHANSEN\n    <\/p>\n<p>\u2013 Politiet foretar unders\u00f8kelser p\u00e5 stedet, meldte operasjonsleder Knut Dahl-Michelsen innledningsvis.<\/p>\n<p>If\u00f8lge ham er det s\u00e5 langt ingenting som tyder p\u00e5 at det har skjedd en straffbar handling.<\/p>\n<p>Naboer i omr\u00e5det ble vitne til utrykningen og unders\u00f8kelsene i omr\u00e5det.<\/p>\n<p><b>Mannen ble sett av tilfeldige beboere i omr\u00e5det. Avd\u00f8de er ikke hjemmeh\u00f8rende p\u00e5 Melkeplassen, men har adresse et annet sted i Bergen, opplyser Dahl-Michelsen til BA. <\/b><\/p>\n<p>   <img decoding=\"async\" width=\"5392\" height=\"3592\" fetchpriority=\"low\"  loading=\"lazy\"  src=\"https:\/\/www.europesays.com\/no\/wp-content\/uploads\/2025\/12\/_RJO6035.jpg\" alt=\"\" class=\"brick-c-cFOWSL\" style=\"--brick-image-ratio: 5392 \/ 3592;\"\/><\/p>\n<p>D\u00f8dsfallet ses i sammenheng med en savnetsak. Mannen ble formelt meldt savnet like f\u00f8r helgen.<\/p>\n<p>\u2013 Politiet oppretter en unders\u00f8kelsessak for \u00e5 unders\u00f8ke hva som har skjedd med vedkommende, forklarer innsatsleder p\u00e5 stedet, Kent-Ove Haaland til BA.<\/p>\n<p>Klokken 1810 er politiet ferdig med unders\u00f8kelser p\u00e5 stedet, og et begravelsesbyr\u00e5 har hentet avd\u00f8de.<\/p>\n<p>   <img decoding=\"async\" width=\"8256\" height=\"5504\" fetchpriority=\"low\"  loading=\"lazy\"  src=\"https:\/\/www.europesays.com\/no\/wp-content\/uploads\/2025\/12\/RJ8_5104_1.jpg\" alt=\"En mann som har vrt savnet ble funnet d\u00f8d p\u00e5 Melkeplass. Politiet mistenker ikke at noe kriminelt har skjedd.\" class=\"brick-c-cFOWSL\" style=\"--brick-image-ratio: 8256 \/ 5504;\"\/><\/p>\n<p>      Innsatsleder Kent-Ove Haaland.<br \/>\n      Foto: RUNE JOHANSEN\n    <\/p>\n","protected":false},"excerpt":{"rendered":"Like f\u00f8r klokken 16 s\u00f8ndag fikk politiet melding om en livl\u00f8s person p\u00e5 Melkeplassen i Laksev\u00e5g bydel. Tre&hellip;\n","protected":false},"author":2,"featured_media":119104,"comment_status":"","ping_status":"","sticky":false,"template":"","format":"standard","meta":{"footnotes":""},"categories":[10],"tags":[36,444,20,21,24,25,15,22,23,13,30,28,29,447,14,16,1510,26,27],"class_list":{"0":"post-119103","1":"post","2":"type-post","3":"status-publish","4":"format-standard","5":"has-post-thumbnail","7":"category-norge","8":"tag-art","9":"tag-bergen","10":"tag-breaking-news","11":"tag-breakingnews","12":"tag-featured-news","13":"tag-featurednews","14":"tag-headlines","15":"tag-latest-news","16":"tag-latestnews","17":"tag-news","18":"tag-no","19":"tag-norge","20":"tag-norway","21":"tag-nyhet","22":"tag-nyheter","23":"tag-overskrifter","24":"tag-story","25":"tag-top-stories","26":"tag-topstories"},"share_on_mastodon":{"url":"https:\/\/pubeurope.com\/@no\/115759421038911719","error":""},"_links":{"self":[{"href":"https:\/\/www.europesays.com\/no\/wp-json\/wp\/v2\/posts\/119103","targetHints":{"allow":["GET"]}}],"collection":[{"href":"https:\/\/www.europesays.com\/no\/wp-json\/wp\/v2\/posts"}],"about":[{"href":"https:\/\/www.europesays.com\/no\/wp-json\/wp\/v2\/types\/post"}],"author":[{"embeddable":true,"href":"https:\/\/www.europesays.com\/no\/wp-json\/wp\/v2\/users\/2"}],"replies":[{"embeddable":true,"href":"https:\/\/www.europesays.com\/no\/wp-json\/wp\/v2\/comments?post=119103"}],"version-history":[{"count":0,"href":"https:\/\/www.europesays.com\/no\/wp-json\/wp\/v2\/posts\/119103\/revisions"}],"wp:featuredmedia":[{"embeddable":true,"href":"https:\/\/www.europesays.com\/no\/wp-json\/wp\/v2\/media\/119104"}],"wp:attachment":[{"href":"https:\/\/www.europesays.com\/no\/wp-json\/wp\/v2\/media?parent=119103"}],"wp:term":[{"taxonomy":"category","embeddable":true,"href":"https:\/\/www.europesays.com\/no\/wp-json\/wp\/v2\/categories?post=119103"},{"taxonomy":"post_tag","embeddable":true,"href":"https:\/\/www.europesays.com\/no\/wp-json\/wp\/v2\/tags?post=119103"}],"curies":[{"name":"wp","href":"https:\/\/api.w.org\/{rel}","templated":true}]}}