{"id":119112,"date":"2025-12-21T20:31:22","date_gmt":"2025-12-21T20:31:22","guid":{"rendered":"https:\/\/www.europesays.com\/no\/119112\/"},"modified":"2025-12-21T20:31:22","modified_gmt":"2025-12-21T20:31:22","slug":"eik-fotball-matteus-kom-hjem-for-a-feire-jul-det-er-godt-a-vaere-rundt-familie-og-venner","status":"publish","type":"post","link":"https:\/\/www.europesays.com\/no\/119112\/","title":{"rendered":"EIK, Fotball | Matteus kom hjem for \u00e5 feire jul: \u2013\u00a0Det er godt \u00e5 v\u00e6re rundt familie og venner"},"content":{"rendered":"\n<p>\u2013 Jeg har det veldig fint. Det er godt \u00e5 v\u00e6re hjemme og v\u00e6re rundt familie og venner, sier Matteus B\u00e5rdsen til DT.<\/p>\n<p>Snart er det fire m\u00e5neder siden han pakket ned hjemmet sitt p\u00e5 Eiger\u00f8y og satte kursen mot Vestfold. Etter en historisk bra h\u00f8st for arbeidsgiver Sandefjord har B\u00e5rdsen funnet tid til \u00e5 reise hjem for \u00e5 lade batteriene.<\/p>\n<p>Han har allerede har rukket \u00e5 ta en liten jobbtur til Afrika etter at han kom hjem. For det blir ikke ferie i ordets rette forstand n\u00e5r man er sportssjef for Sandefjord Fotball.<\/p>\n<p>\u2013 Jeg er oppe mellom \u00e5tte og ni og svarer p\u00e5 telefonen. S\u00e5 blir det fortsatt litt speiding etter nye spillere, og det er mye kontakt med agenter, klubber og min egen klubb. S\u00e5 timene g\u00e5r. Men jeg kan bryte opp dagene litt mer n\u00e5, og det er godt \u00e5 v\u00e6re hjemme og ha muligheten til \u00e5 dra til en kompis for \u00e5 se en fotballkamp.<\/p>\n<p>\u2013 Betyr mye<\/p>\n<p>Den muligheten har han ikke i Sandefjord.<\/p>\n<p>\u2013 Det var jeg ogs\u00e5 klar over da jeg takket ja til jobben. Det sosiale nettverket utenom jobben har forsvunnet litt mer. S\u00e5 \u00e5 si alle mine kompiser har flyttet eller skal flytte hjem, s\u00e5 det er i Egersund jeg har nettverket mitt. Det betyr veldig mye for meg \u00e5 ha muligheten til \u00e5 treffe dem, b\u00e5de i denne tida og ved andre anledninger. Jeg tror det er helt n\u00f8dvendig med noen slike drypp for at dette skal v\u00e6re b\u00e6rekraftig i lengden. Det gir ekstremt mye energi.<\/p>\n<p>I mai ble det kjent at eigersunderen, som siden 2022 hadde v\u00e6rt daglig leder for EIK, takket ja til jobben som sportssjef i Sandefjord. Ikke bare er det nye omgivelser og nye mennesker \u00e5 jobbe med \u2013 det er ogs\u00e5 et knepp opp i niv\u00e5.<\/p>\n<p>\u2013 Det har v\u00e6rt interessant og veldig l\u00e6rerikt, hva ang\u00e5r ny liga og ny administrasjon. Egersund og Sandefjord har ulike kulturer og dialekt. Det er en overgang bare \u00e5 bytte fris\u00f8r. Det dukker opp slike sm\u00e5ting hele veien, s\u00e5 det har v\u00e6rt en overgangsperiode p\u00e5 privaten. I jobbsammenheng har det g\u00e5tt veldig bra. Jeg jobber godt med mine kolleger og trives med dem. Selv om det sosiale utenfor jobb kanskje er litt mer frav\u00e6rende, trives jeg veldig godt med dem jeg m\u00f8ter p\u00e5 jobb. Det er et stort pluss, sier B\u00e5rdsen.<\/p>\n<p>   <img decoding=\"async\" width=\"6000\" height=\"4000\" fetchpriority=\"low\"  loading=\"lazy\"  src=\"https:\/\/www.europesays.com\/no\/wp-content\/uploads\/2025\/12\/IMG_1533.JPG\" alt=\"\" class=\"brick-c-cFOWSL\" style=\"--brick-image-ratio: 6000 \/ 4000;\"\/><\/p>\n<p>      UT I VERDEN: 2025 var \u00e5ret da Matteus B\u00e5rdsen tok steget fra trygge omgivelser i \u00abOkka by\u00bb, til ligaen med de store kanonene. N\u00e5r han er hjemme i Egersund, passer B\u00e5rdsen p\u00e5 \u00e5 finne tid til venner og familie.<br \/>\n      Foto: Sondre R\u00f8hmen\n    <\/p>\n<p>  Har en spissere rolle<\/p>\n<p>Som daglig leder i EIK var han ansiktet utad, \u00f8konomiansvarlig, sportslig leder og han hadde en finger med i arbeidet med \u00e5 skaffe sponsorer. I Sandefjord har han i st\u00f8rre grad en spisset hverdag.<\/p>\n<p>\u2013 Rollen som daglig leder er mye mer kompleks. Det er s\u00e5 mange ulike emner man skal innom. N\u00e5 er det mye mer spisset mot sporten. Selv om jeg har travle dager, har jeg fortsatt mye mer fleksibilitet. Og belastningen er mindre n\u00e5. Jeg trivdes veldig godt i EIK, men hver dag tok mye mer p\u00e5. N\u00e5 har jeg f\u00e5tt belastningen ned litt, blitt litt bedre p\u00e5 selvpleie.<\/p>\n<p>\u2013 Du har rett og slett litt mer tid til \u00e5 ta vare p\u00e5 deg selv?<\/p>\n<p>\u2013 Litt mer, ja. Men samtidig kan det plutselig snu og bli mye stress. Toppene er ganske like, men det svinger litt mer i Sandefjord. I EIK var det veldig mange topper.<\/p>\n<p>Sandefjord Fotball har omtrent 30 ansatte. Da B\u00e5rdsen var EIK-sjef, var han en del av en firemannsadministrasjon.<\/p>\n<p>\u2013 Det er en st\u00f8rre by, mer n\u00e6ringsliv og flere krefter rundt klubben. N\u00e5r det er flere folk i administrasjonen, f\u00e5r du flere ulike relasjoner \u00e5 spille p\u00e5. P\u00e5 en annen side er linjene veldig korte i Sandefjord, sammenlignet med mange andre eliteserieklubber.<\/p>\n<p>   <img decoding=\"async\" width=\"1200\" height=\"673\" fetchpriority=\"low\"  loading=\"lazy\"  src=\"https:\/\/www.europesays.com\/no\/wp-content\/uploads\/2025\/12\/IMG_9632.jpg\" alt=\"\" class=\"brick-c-cFOWSL\" style=\"--brick-image-ratio: 1200 \/ 673;\"\/><\/p>\n<p>      KORTE LINJER: Selv om det meste er st\u00f8rre i Sandefjord, er linjene fortsatt korte, sier B\u00e5rdsen. Her st\u00e5r han sammen med Ole Jonny Borgersen-Berg kort tid etter at han ble ansatt.<br \/>\n      Foto: Stian Nufsfjord, Sandefjords Blad\n    <\/p>\n<p>  \u2013 Mekanismene er like<\/p>\n<p>\u2013 Har du f\u00e5tt noen aha-opplevelser eller utfordringer i din nye jobb?<\/p>\n<p>\u2013 Utfordringene er de samme, men det er ett steg opp. I EIK jaktet vi spillere som kanskje ville pr\u00f8ve \u00e5 signere for en eliteserieklubb, f\u00f8r de s\u00e5 p\u00e5 EIK som en aktuell klubb, mens i Sandefjord vil spillerne gjerne pr\u00f8ve \u00e5 komme seg til et lag i utlandet. S\u00e5 mange av mekanismene er like. I tillegg er det jo mye likt n\u00e5r det gjelder stallsammensetning, forhandlinger og slikt. Den st\u00f8rste forskjellen er at Vestfold best\u00e5r av 250.000 innbyggere, og at klubben har et st\u00f8rre fokus p\u00e5 akademiet. Det er en utfordring jeg synes har v\u00e6rt annerledes, men ogs\u00e5 kul.<\/p>\n<p>Det var i EIK han startet \u00e5ret. Etter den historiske sesongen i fjor l\u00e5 klubben godt an foran \u00e5rets sesong. Sesongen ble ogs\u00e5 god, b\u00e5de for EIK og for Sandefjord. For sistnevnte klubb ble det en historisk bra sesong, med 5. plass i serien.<\/p>\n<p>\u2013 Jeg tror jeg skal ta veldig lite av \u00e6ren for det som har skjedd. Jeg har jo bidratt med noen sm\u00e5ting, som for eksempel ved at alle bidrar til \u00e5 pushe standarden. Men min effekt skal bli synlig over litt lengre tid. Det er stort sett andre krefter som skal ta \u00e6ren for 2025-sesongen. Men det p\u00e5virker jo jobben min, blant annet med tanke p\u00e5 hvilke spillere som blir gode salgsobjekt. Det har v\u00e6rt g\u00f8y \u00e5 komme inn, se prestasjonskulturen i klubben og de kreftene som jobber der. Det er viktig \u00e5 v\u00e6re ydmyk rundt dette og ikke tenke at jeg sitter med alle svarene. Det er vel fordelen med \u00e5 v\u00e6re i min alder \u2013 at jeg fortsatt kan ta til meg ekstremt mye l\u00e6rdom.<\/p>\n<p>Det har ogs\u00e5 v\u00e6rt en glede \u00e5 f\u00f8lge barndomsklubben, som for andre \u00e5r p\u00e5 rad luktet p\u00e5 opprykk.<\/p>\n<p>\u2013 Jeg tok p\u00e5 meg \u00absupporterbrillene\u00bb og h\u00e5pet at de skulle klare et opprykk, for det hadde v\u00e6rt utrolig kult \u00e5 m\u00f8te EIK i Eliteserien. Men samtidig vet jeg at ville v\u00e6rt et ekstremt stort hopp for klubben, og jeg husker hvordan det var \u00e5 rykke opp fra PostNord-ligaen. Det var kult \u00e5 f\u00f8lge med p\u00e5 sesongavslutningen, og jeg fikk dratt p\u00e5 Mj\u00f8ndalen-kampen, s\u00e5 da fikk jeg i det minste med meg \u00e9n kamp, sier B\u00e5rdsen og legger til at hjemmekampen mot Stab\u00e6k i september var den f\u00f8rste han gikk glipp av p\u00e5 Husab\u00f8 p\u00e5 hele ni \u00e5r.<\/p>\n<p>   <img decoding=\"async\" width=\"4896\" height=\"3286\" fetchpriority=\"low\"  loading=\"lazy\"  src=\"https:\/\/www.europesays.com\/no\/wp-content\/uploads\/2025\/12\/IMG_2027.jpeg\" alt=\"\" class=\"brick-c-cFOWSL\" style=\"--brick-image-ratio: 4896 \/ 3286;\"\/><\/p>\n<p>      IKKE HELT FRI: Han har god tid til \u00e5 sl\u00e5 av en prat med DT i juleferien, B\u00e5rdsen. Men selv om han er hjemme p\u00e5 juleferie, m\u00e5 telefonen alltid v\u00e6re i n\u00e6rheten.<br \/>\n      Foto: Sondre R\u00f8hmen\n    <\/p>\n<p>  \u2013 Vanskelig \u00e5 studere seg god<\/p>\n<p>Selv om han n\u00e5 er leder i en eliteserieklubb, er han fortsatt bare 23 \u00e5r gammel. Det er ikke ofte han tenker over hvor han befinner seg i yrkeskarrieren. Men de gangene han reflekterer litt, tenker han p\u00e5 hvor mye erfaring han har f\u00e5tt siden han begynte s\u00e5 sm\u00e5tt som altmuligmann i EIK.<\/p>\n<p>\u2013 Jeg har vokst enormt siden Per Trygve \u00c5rstad og styret ga meg tilliten som daglig leder. Dette er en bransje det er vanskelig \u00e5 studere seg god i. Du kan v\u00e6re s\u00e5 god som du bare vil p\u00e5 \u00f8konomi, men du m\u00e5 for eksempel v\u00e6re en del av forhandlinger med agenter for at du skal forst\u00e5 mekanismene. Jeg er glad for at jeg har f\u00e5tt erfare det.<\/p>\n<p>Og i januar g\u00e5r han for alvor i gang med jobben. Stallen skal styrkes foran neste sesong. Allerede har det kommet og g\u00e5tt spillere. Men f\u00f8r den tid blir det en liten \u00abferie\u00bb \u2013 p\u00e5 hjemmebane.<\/p>\n<p>\u2013 Hva betyr jula for deg?<\/p>\n<p>\u2013 Den var alltid st\u00f8rst som barn. N\u00e5 er det ikke gavene som gjelder, men hyggelige middager med familie. Det er spesielt hyggelig n\u00e5 som jeg bor hjemmefra. Og det betyr ekstremt mye \u00e5 treffe kompiser. Derfor betyr juleh\u00f8ytida mye, sier Matteus B\u00e5rdsen.<\/p>\n","protected":false},"excerpt":{"rendered":"\u2013 Jeg har det veldig fint. Det er godt \u00e5 v\u00e6re hjemme og v\u00e6re rundt familie og venner,&hellip;\n","protected":false},"author":2,"featured_media":119113,"comment_status":"","ping_status":"","sticky":false,"template":"","format":"standard","meta":{"footnotes":""},"categories":[59],"tags":[36,88,1101,92,30,28,29,83,82,1510],"class_list":{"0":"post-119112","1":"post","2":"type-post","3":"status-publish","4":"format-standard","5":"has-post-thumbnail","7":"category-sport","8":"tag-art","9":"tag-eigersund","10":"tag-eik","11":"tag-fotball","12":"tag-no","13":"tag-norge","14":"tag-norway","15":"tag-sport","16":"tag-sports","17":"tag-story"},"share_on_mastodon":{"url":"https:\/\/pubeurope.com\/@no\/115759460342612784","error":""},"_links":{"self":[{"href":"https:\/\/www.europesays.com\/no\/wp-json\/wp\/v2\/posts\/119112","targetHints":{"allow":["GET"]}}],"collection":[{"href":"https:\/\/www.europesays.com\/no\/wp-json\/wp\/v2\/posts"}],"about":[{"href":"https:\/\/www.europesays.com\/no\/wp-json\/wp\/v2\/types\/post"}],"author":[{"embeddable":true,"href":"https:\/\/www.europesays.com\/no\/wp-json\/wp\/v2\/users\/2"}],"replies":[{"embeddable":true,"href":"https:\/\/www.europesays.com\/no\/wp-json\/wp\/v2\/comments?post=119112"}],"version-history":[{"count":0,"href":"https:\/\/www.europesays.com\/no\/wp-json\/wp\/v2\/posts\/119112\/revisions"}],"wp:featuredmedia":[{"embeddable":true,"href":"https:\/\/www.europesays.com\/no\/wp-json\/wp\/v2\/media\/119113"}],"wp:attachment":[{"href":"https:\/\/www.europesays.com\/no\/wp-json\/wp\/v2\/media?parent=119112"}],"wp:term":[{"taxonomy":"category","embeddable":true,"href":"https:\/\/www.europesays.com\/no\/wp-json\/wp\/v2\/categories?post=119112"},{"taxonomy":"post_tag","embeddable":true,"href":"https:\/\/www.europesays.com\/no\/wp-json\/wp\/v2\/tags?post=119112"}],"curies":[{"name":"wp","href":"https:\/\/api.w.org\/{rel}","templated":true}]}}