{"id":119120,"date":"2025-12-21T20:44:10","date_gmt":"2025-12-21T20:44:10","guid":{"rendered":"https:\/\/www.europesays.com\/no\/119120\/"},"modified":"2025-12-21T20:44:10","modified_gmt":"2025-12-21T20:44:10","slug":"krim-tiltale-politibetjent-skadet-i-skien","status":"publish","type":"post","link":"https:\/\/www.europesays.com\/no\/119120\/","title":{"rendered":"Krim, Tiltale | Politibetjent skadet i Skien"},"content":{"rendered":"\n<p>Fire politifolk m\u00e5tte hjelpe helsepersonell med \u00e5 flytte en 34-\u00e5ring fra Grenland p\u00e5 akuttmottaket i Skien. Det endte med at en politikvinne ble skadet.<\/p>\n<p>Hendelsen skjedde ei natt i oktober i fjor da den n\u00e5 tiltalte 34-\u00e5ringen skulle flyttes fra ei b\u00e5re. Politifolkene hjalp til med l\u00f8ftet, men da skal mannen ha sparket politibetjenten i ansiktet.<\/p>\n<p><b>Politikvinnen falt bakover og i gulvet. <\/b><\/p>\n<p>N\u00e5 er 34-\u00e5ringen tiltalt for vold mot politiet. Han m\u00e5 m\u00f8te i en rettssak i Nedre Telemark tingrett 6. februar.<\/p>\n<p>Politikvinnen fikk flere skader i form av et s\u00e5r i leppa, hjernerystelse og en vond nakke. Politibetjenten var sykemeldt som en f\u00f8lge av skadene.<\/p>\n<p>  <a href=\"https:\/\/www.ta.no\/5-50-2243428\" class=\"related-teaser has-image default-story-teaser article--c-eRUmMG article--c-eRUmMG-jKCPdD-design-default\" rel=\"nofollow noopener\" target=\"_blank\"><\/p>\n<p>    <img decoding=\"async\" loading=\"lazy\"  src=\"https:\/\/www.europesays.com\/no\/wp-content\/uploads\/2025\/12\/IMG_8070.jpg\" alt=\"\" class=\"brick-c-cFOWSL\" style=\"\"\/><\/p>\n<p>\n            Les ogs\u00e5<\/p>\n<p>              \u2013 Husker ikke samleiet, men vet at det var ikke voldtekt\n        <\/p>\n<p>  <\/a><\/p>\n","protected":false},"excerpt":{"rendered":"Fire politifolk m\u00e5tte hjelpe helsepersonell med \u00e5 flytte en 34-\u00e5ring fra Grenland p\u00e5 akuttmottaket i Skien. Det endte&hellip;\n","protected":false},"author":2,"featured_media":1273,"comment_status":"","ping_status":"","sticky":false,"template":"","format":"standard","meta":{"footnotes":""},"categories":[10],"tags":[14248,36,20,21,24,25,15,983,22,23,13,30,28,29,14,16,468,4187,393,1510,945,26,27,493,14247],"class_list":{"0":"post-119120","1":"post","2":"type-post","3":"status-publish","4":"format-standard","5":"has-post-thumbnail","7":"category-norge","8":"tag-akuttmottak","9":"tag-art","10":"tag-breaking-news","11":"tag-breakingnews","12":"tag-featured-news","13":"tag-featurednews","14":"tag-headlines","15":"tag-krim","16":"tag-latest-news","17":"tag-latestnews","18":"tag-news","19":"tag-no","20":"tag-norge","21":"tag-norway","22":"tag-nyheter","23":"tag-overskrifter","24":"tag-politiet","25":"tag-rettssak","26":"tag-skien","27":"tag-story","28":"tag-tiltale","29":"tag-top-stories","30":"tag-topstories","31":"tag-vold","32":"tag-vold-mot-offentlig-tjenestemann"},"share_on_mastodon":{"url":"https:\/\/pubeurope.com\/@no\/115759511407841222","error":""},"_links":{"self":[{"href":"https:\/\/www.europesays.com\/no\/wp-json\/wp\/v2\/posts\/119120","targetHints":{"allow":["GET"]}}],"collection":[{"href":"https:\/\/www.europesays.com\/no\/wp-json\/wp\/v2\/posts"}],"about":[{"href":"https:\/\/www.europesays.com\/no\/wp-json\/wp\/v2\/types\/post"}],"author":[{"embeddable":true,"href":"https:\/\/www.europesays.com\/no\/wp-json\/wp\/v2\/users\/2"}],"replies":[{"embeddable":true,"href":"https:\/\/www.europesays.com\/no\/wp-json\/wp\/v2\/comments?post=119120"}],"version-history":[{"count":0,"href":"https:\/\/www.europesays.com\/no\/wp-json\/wp\/v2\/posts\/119120\/revisions"}],"wp:featuredmedia":[{"embeddable":true,"href":"https:\/\/www.europesays.com\/no\/wp-json\/wp\/v2\/media\/1273"}],"wp:attachment":[{"href":"https:\/\/www.europesays.com\/no\/wp-json\/wp\/v2\/media?parent=119120"}],"wp:term":[{"taxonomy":"category","embeddable":true,"href":"https:\/\/www.europesays.com\/no\/wp-json\/wp\/v2\/categories?post=119120"},{"taxonomy":"post_tag","embeddable":true,"href":"https:\/\/www.europesays.com\/no\/wp-json\/wp\/v2\/tags?post=119120"}],"curies":[{"name":"wp","href":"https:\/\/api.w.org\/{rel}","templated":true}]}}