{"id":119133,"date":"2025-12-21T21:21:09","date_gmt":"2025-12-21T21:21:09","guid":{"rendered":"https:\/\/www.europesays.com\/no\/119133\/"},"modified":"2025-12-21T21:21:09","modified_gmt":"2025-12-21T21:21:09","slug":"legger-ned-brevhandtering-i-danmark","status":"publish","type":"post","link":"https:\/\/www.europesays.com\/no\/119133\/","title":{"rendered":"Legger ned brevh\u00e5ndtering i Danmark"},"content":{"rendered":"\n<ul class=\"_list_o9xde_3 _list_64s2r_85 _unordered_o9xde_106 text-sans-m\">\n<li class=\"_item_o9xde_30\">PostNord Danmark slutter \u00e5 frakte fysiske brev fra 30. desember.<\/li>\n<li class=\"_item_o9xde_30\">1500 ansatte mister jobben, og de r\u00f8de postkassene forsvinner.<\/li>\n<li class=\"_item_o9xde_30\">200.000 danske eldre uten digital post risikerer problemer.<\/li>\n<\/ul>\n<p>Vis mer <\/p>\n<p class=\"_paragraph_o9xde_4 _paragraph_xtcu6_10 layout-component text-serif-m layout-normal text-serif-m layout-padded\">Det danske postvesenet annonserte tidligere i \u00e5r at de vil slutte \u00e5 frakte fysiske brev. Ja, du h\u00f8rte rett. Slutte. <\/p>\n<p class=\"_paragraph_o9xde_4 _paragraph_xtcu6_10 layout-component text-serif-m layout-normal text-serif-m layout-padded\">400 \u00e5r med tradisjon rives vekk under danske f\u00f8tter. \u00c5rsak? Som vanlig, l\u00f8nnsomhet. Folk som vil sende brev, blir sittende med skjegget i postkassaskjegget i postkassaGammelt uttrykk. Brukes ofte om en pinlig situasjon, eller hvis man har havnet i tr\u00f8bbel fordi man har v\u00e6rt litt skr\u00e5sikker. I VG sto uttrykket p\u00e5 trykk i allerede i 1948, if\u00f8lge Spr\u00e5kr\u00e5det. Opphavet kommer trolig fra sagnet om Holger Danske. Han sov s\u00e5 lenge at skjegget grodde fast \u2013 men det ble ikke et problem f\u00f8r han m\u00e5tte reise seg..<\/p>\n<p class=\"_paragraph_o9xde_4 _paragraph_xtcu6_10 layout-component text-serif-m layout-normal text-serif-m layout-padded\">Nabolandet i s\u00f8r har PostNord <a href=\"https:\/\/www.vg.no\/tag\/danmark?utm_source=vg-article&amp;utm_medium=auto-tagger&amp;utm_campaign=k0JE69\" class=\"_link_o9xde_39\" rel=\"nofollow noopener\" target=\"_blank\">Danmark<\/a> som ansvarlig sjef for brevh\u00e5ndtering, etter fusjonen som skapte nettopp PostNord (tidligere det danske og svenske postvesenet) i 2009. <\/p>\n<p class=\"_paragraph_o9xde_4 _paragraph_xtcu6_10 layout-component text-serif-m layout-normal text-serif-m layout-padded\"><strong class=\"_strong_o9xde_25\">1500 jobber skal kuttes i selskapet, og med dem like mange r\u00f8de postkasser som ellers er \u00e5 se over hele det flate landet.<\/strong><\/p>\n<p class=\"_paragraph_o9xde_4 _paragraph_xtcu6_10 layout-component text-serif-m layout-normal text-serif-m layout-padded\">PostNord begrunnet avgj\u00f8relsen i v\u00e5r med \u00abden \u00f8kende digitaliseringen\u00bb av det danske samfunnet. <\/p>\n<p class=\"_paragraph_o9xde_4 _paragraph_xtcu6_10 layout-component text-serif-m layout-normal text-serif-m layout-padded\">\u2013 Danskene er blitt mer og mer digitale, og det betyr at det er sv\u00e6rt f\u00e5 brev igjen. Denne nedgangen fortsetter s\u00e5 markant at brevmarkedet ikke lenger er l\u00f8nnsomt, sa administrerende direkt\u00f8r Kim Pedersen da bomben ble sluppet i mars. <\/p>\n<p class=\"_paragraph_o9xde_4 _paragraph_xtcu6_10 layout-component text-serif-m layout-normal text-serif-m layout-padded\">Siden 2000 har antallet brev falt med 90 prosent, og bare det siste \u00e5ret var nedgangen p\u00e5 30 prosent, if\u00f8lge Postnord.<\/p>\n<p>\u00abM\u00e5ske de allerede er fjernet?\u00bb<\/p>\n<p class=\"_paragraph_o9xde_4 _paragraph_xtcu6_10 layout-component text-serif-m layout-normal text-serif-m layout-padded\">Da VGs ulike kilder i Danmark ble sendt ut for \u00e5 ta bilder av de resterende r\u00f8de postkassene s\u00f8ndag, var denne, p\u00e5 Sundbyvester Plads i K\u00f8benhavn, allerede borte. <\/p>\n<p><img alt=\"Ingen brev kan sendes herfra lenger. Bildet er tatt s\u00f8ndag 21. desember.   Foto: Sophie S\u00f8borg Mosb\u00e6k\" class=\"_image_qp4xg_65 layout-component layout-normal\" data-fullscreen- data-track-element-type=\"Article image fullscreen\" data-track-name=\"ImageFullscreen\" decoding=\"async\" loading=\"lazy\" height=\"1280\" itemprop=\"image\"  src=\"https:\/\/www.europesays.com\/no\/wp-content\/uploads\/2025\/12\/0c2eb0b2-bbd6-47b6-b070-2782ab542f43\"  style=\"object-position:0% 0%\" width=\"960\"\/>Ingen brev kan sendes herfra lenger. Bildet er tatt s\u00f8ndag 21. desember.   Foto: Sophie S\u00f8borg Mosb\u00e6k<\/p>\n<p class=\"_paragraph_o9xde_4 _paragraph_xtcu6_10 layout-component text-serif-m layout-normal text-serif-m layout-padded\"><strong class=\"_strong_o9xde_25\">\u00abHar fandme ikke set nogen endnu! M\u00e5ske de allerede er fjernet?\u00bb, skriver fotografen p\u00e5 desperat jakt etter andre r\u00f8de postkasser. <\/strong><\/p>\n<p class=\"_paragraph_o9xde_4 _paragraph_xtcu6_10 layout-component text-serif-m layout-normal text-serif-m layout-padded\">S\u00f8ket viste seg \u00e5 v\u00e6re forgjeves. Selv ikke ved Hovedbaneg\u00e5rd, byens st\u00f8rste togstasjon, fantes det noen postkasser igjen. <\/p>\n<p class=\"_paragraph_o9xde_4 _paragraph_xtcu6_10 layout-component text-serif-m layout-normal text-serif-m layout-padded\">S\u00e5 mister VG kontakten p\u00e5 grunn av noe \u00abjulehall\u00f8j\u00bb med familien. <\/p>\n<p class=\"_paragraph_o9xde_4 _paragraph_xtcu6_10 layout-component text-serif-m layout-normal text-serif-m layout-padded\">Men julefreden senker seg ikke for danske brevskrivere. <\/p>\n<p>Gjett hva som tar over<\/p>\n<p class=\"_paragraph_o9xde_4 _paragraph_xtcu6_10 layout-component text-serif-m layout-normal text-serif-m layout-padded\">En app. Nei da. Jo da. Delvis. <\/p>\n<p class=\"_paragraph_o9xde_4 _paragraph_xtcu6_10 layout-component text-serif-m layout-normal text-serif-m layout-padded\">Det danske postvesenet har h\u00e5ndtert brev siden 1624. N\u00e5 m\u00e5 dansker som kl\u00f8r i fingrene etter \u00e5 skrive brev, bruke leveringsselskapet Dao. <\/p>\n<p class=\"_paragraph_o9xde_4 _paragraph_xtcu6_10 layout-component text-serif-m layout-normal text-serif-m layout-padded\">If\u00f8lge <a href=\"https:\/\/www.theguardian.com\/world\/2025\/dec\/21\/denmark-postnord-postal-delivery-letters-society\" class=\"_link_o9xde_39\" rel=\"nofollow noopener\" target=\"_blank\">The Guardian<\/a> leverte Dao 30 millioner brev i 2025. Neste \u00e5r er det ventet at de vil sende 80 millioner, da de tar over stafettpinnen fra PostNord. <\/p>\n<p class=\"_paragraph_o9xde_4 _paragraph_xtcu6_10 layout-component text-serif-m layout-normal text-serif-m layout-padded\">Brevet kan ikke lenger galant slippes ned i en r\u00f8d boks, men m\u00e5 leveres i en Dao-butikk. Man kan ogs\u00e5 betale ekstra for \u00e5 f\u00e5 hentet hjemmefra, og betale porto enten p\u00e5 nett eller via en app. <\/p>\n<p>Lukrative auksjonsobjekter <\/p>\n<p class=\"_paragraph_o9xde_4 _paragraph_xtcu6_10 layout-component text-serif-m layout-normal text-serif-m layout-padded\">De r\u00f8de postkassene som har pryder ulike gatehj\u00f8rner i Danmark ble nylig lagt ut for salg. Cirka 1000 av dem ble revet bort til en pris p\u00e5 2000 danske kroner (cirka 3178 norske kroner) boksen. De litt mer slitte postkassene gikk for 1500 danske kroner (2383 norske kroner) boksen, skriver <a href=\"https:\/\/politiken.dk\/danmark\/art10663540\/Gamle-r%C3%B8de-postkasser-udsolgt-efter-tre-timer\" class=\"_link_o9xde_39\" rel=\"nofollow noopener\" target=\"_blank\">Politiken<\/a>. <\/p>\n<p class=\"_paragraph_o9xde_4 _paragraph_xtcu6_10 layout-component text-serif-m layout-normal text-serif-m layout-padded\">Ytterligere 200 av disse nylig omgjorte klenodiene vil legges ut for salg i januar, da de er stemplet som nyttel\u00f8se av kapitalen. <\/p>\n<p><img alt=\"Foto: Liselotte Sabroe \/ EPA \/ NTB\" class=\"_image_qp4xg_65 layout-component layout-normal\" data-fullscreen- data-track-element-type=\"Article image fullscreen\" data-track-name=\"ImageFullscreen\" decoding=\"async\" loading=\"lazy\" height=\"5494\" itemprop=\"image\"  src=\"https:\/\/www.europesays.com\/no\/wp-content\/uploads\/2025\/12\/79547cfd-fa9f-4797-af08-8fbd00457fb9\"  style=\"object-position:0% 0%\" width=\"7967\"\/>Foto: Liselotte Sabroe \/ EPA \/ NTBFrykter for de eldre <\/p>\n<p class=\"_paragraph_o9xde_4 _paragraph_xtcu6_10 layout-component text-serif-m layout-normal text-serif-m layout-padded\">Problemet med \u00e5 legge om brevh\u00e5ndteringen er naturlig nok de 200.000 danskene som ikke er p\u00e5logget. <\/p>\n<p class=\"_paragraph_o9xde_4 _paragraph_xtcu6_10 layout-component text-serif-m layout-normal text-serif-m layout-padded\">Mer spesifikt, eldre som er fritatt fra digital post. <\/p>\n<p class=\"_paragraph_o9xde_4 _paragraph_xtcu6_10 layout-component text-serif-m layout-normal text-serif-m layout-padded\">\u00c6ldre Sagen, Danmarks st\u00f8rste interesseorganisasjon for eldre, er bekymret. <\/p>\n<p class=\"_paragraph_o9xde_4 _paragraph_xtcu6_10 layout-component text-serif-m layout-normal text-serif-m layout-padded\">\u2013 Det er mange av dem som er sv\u00e6rt avhengige av at brev leveres regelmessig. Dette gjelder sykehustimer, vaksinasjoner eller avgj\u00f8relser om hjemmesykepleie, sa Marlene Rish\u00f8j Cordes, som er ansvarlig for transport og mobilitet i \u00c6ldre Sagen, i mars. <\/p>\n<p class=\"_paragraph_o9xde_4 _paragraph_xtcu6_10 layout-component text-serif-m layout-normal text-serif-m layout-padded\">Frykt ikke, s\u00f6ta bror: PostNord vil fortsette \u00e5 h\u00e5ndtere brev i Sverige. <\/p>\n","protected":false},"excerpt":{"rendered":"PostNord Danmark slutter \u00e5 frakte fysiske brev fra 30. desember. 1500 ansatte mister jobben, og de r\u00f8de postkassene&hellip;\n","protected":false},"author":2,"featured_media":119134,"comment_status":"","ping_status":"","sticky":false,"template":"","format":"standard","meta":{"footnotes":""},"categories":[10],"tags":[20,21,1524,24,25,15,22,23,13,30,28,29,14,16,13243,11984,26,27],"class_list":{"0":"post-119133","1":"post","2":"type-post","3":"status-publish","4":"format-standard","5":"has-post-thumbnail","7":"category-norge","8":"tag-breaking-news","9":"tag-breakingnews","10":"tag-danmark","11":"tag-featured-news","12":"tag-featurednews","13":"tag-headlines","14":"tag-latest-news","15":"tag-latestnews","16":"tag-news","17":"tag-no","18":"tag-norge","19":"tag-norway","20":"tag-nyheter","21":"tag-overskrifter","22":"tag-postkasse","23":"tag-postnord","24":"tag-top-stories","25":"tag-topstories"},"share_on_mastodon":{"url":"https:\/\/pubeurope.com\/@no\/115759656873512425","error":""},"_links":{"self":[{"href":"https:\/\/www.europesays.com\/no\/wp-json\/wp\/v2\/posts\/119133","targetHints":{"allow":["GET"]}}],"collection":[{"href":"https:\/\/www.europesays.com\/no\/wp-json\/wp\/v2\/posts"}],"about":[{"href":"https:\/\/www.europesays.com\/no\/wp-json\/wp\/v2\/types\/post"}],"author":[{"embeddable":true,"href":"https:\/\/www.europesays.com\/no\/wp-json\/wp\/v2\/users\/2"}],"replies":[{"embeddable":true,"href":"https:\/\/www.europesays.com\/no\/wp-json\/wp\/v2\/comments?post=119133"}],"version-history":[{"count":0,"href":"https:\/\/www.europesays.com\/no\/wp-json\/wp\/v2\/posts\/119133\/revisions"}],"wp:featuredmedia":[{"embeddable":true,"href":"https:\/\/www.europesays.com\/no\/wp-json\/wp\/v2\/media\/119134"}],"wp:attachment":[{"href":"https:\/\/www.europesays.com\/no\/wp-json\/wp\/v2\/media?parent=119133"}],"wp:term":[{"taxonomy":"category","embeddable":true,"href":"https:\/\/www.europesays.com\/no\/wp-json\/wp\/v2\/categories?post=119133"},{"taxonomy":"post_tag","embeddable":true,"href":"https:\/\/www.europesays.com\/no\/wp-json\/wp\/v2\/tags?post=119133"}],"curies":[{"name":"wp","href":"https:\/\/api.w.org\/{rel}","templated":true}]}}