{"id":119139,"date":"2025-12-21T21:29:16","date_gmt":"2025-12-21T21:29:16","guid":{"rendered":"https:\/\/www.europesays.com\/no\/119139\/"},"modified":"2025-12-21T21:29:16","modified_gmt":"2025-12-21T21:29:16","slug":"niklas-silseth-baarli-og-benjamin-silseth-vant","status":"publish","type":"post","link":"https:\/\/www.europesays.com\/no\/119139\/","title":{"rendered":"Niklas Silseth Baarli og Benjamin Silseth vant"},"content":{"rendered":"\n<p class=\"_lead_o9xde_2 _lead_xtcu6_50 layout-component text-serif-m layout-normal text-serif-l layout-component layout-wide layout-padded _wide_17hqh_1 layout-padded\">Ekteparet Niklas Silseth Baarli (36) og Benjamin Baarli Silseth (34) tar med seg 340.000 kroner hjem fra seieren.<\/p>\n<p><img alt=\"\u2013  Det var emosjonelt til tider inne p\u00e5 \u00abHotellet\u00bb, sier vinnerparet. Foto: Vegard Breie \/ TV 2\" class=\"_image_qp4xg_65 layout-component layout-wide\" data-fullscreen- data-track-element-type=\"Article image fullscreen\" data-track-name=\"ImageFullscreen\" fetchpriority=\"high\" decoding=\"sync\" loading=\"eager\" height=\"3245\" itemprop=\"image\"  src=\"https:\/\/www.europesays.com\/no\/wp-content\/uploads\/2025\/12\/5421d50b-ca7f-4d6b-a7d1-06a962e25c88\"  style=\"object-position:58.463434675431394% 46.51771956856703%\" width=\"4868\"\/>\u2013  Det var emosjonelt til tider inne p\u00e5 \u00abHotellet\u00bb, sier vinnerparet. Foto: Vegard Breie \/ TV 2<\/p>\n<ul aria-hidden=\"true\" class=\"_images_ntbth_112\">\n<li><a class=\"_link_ntbth_117\" href=\"https:\/\/www.vg.no\/forfatter\/hanne-kretuz-hansen\" style=\"z-index:2\" title=\"Hanne Kreutz-Hansen\" rel=\"nofollow noopener\" target=\"_blank\"><img alt=\"Bilde av Hanne Kreutz-Hansen\" class=\"_image_ntbth_93\" fetchpriority=\"low\" loading=\"lazy\" decoding=\"async\" itemprop=\"image\"  src=\"https:\/\/www.europesays.com\/no\/wp-content\/uploads\/2025\/12\/1766352551_219_91499188-43f5-43fa-b038-5716eac94ffb\"  width=\"480\"\/><\/a><\/li>\n<li><a class=\"_link_ntbth_117\" href=\"https:\/\/www.vg.no\/forfatter\/hannah-solstad-klepp\" style=\"z-index:1\" title=\"Hannah Solstad Klepp\" rel=\"nofollow noopener\" target=\"_blank\"><img alt=\"Bilde av Hannah Solstad Klepp\" class=\"_image_ntbth_93\" fetchpriority=\"low\" loading=\"lazy\" decoding=\"async\" itemprop=\"image\"  src=\"https:\/\/www.europesays.com\/no\/wp-content\/uploads\/2025\/12\/1766352552_681_f811f9c1-64f7-4c50-9133-b5735831a650\"  width=\"480\"\/><\/a><\/li>\n<\/ul>\n<p> Oppdatert s\u00f8ndag 21. desember kl. 22:09     <\/p>\n<p class=\"_paragraph_o9xde_4 _paragraph_xtcu6_10 layout-component text-serif-m layout-normal text-serif-m layout-padded\">De har allerede en plan for pengene.<\/p>\n<p class=\"_paragraph_o9xde_4 _paragraph_xtcu6_10 layout-component text-serif-m layout-normal text-serif-m layout-padded\">\u2013 Vi har begynt prosessen med \u00e5 igangsette barnedr\u00f8mmen, skriver TV-profilene i en e-post til VG.<\/p>\n<p class=\"_paragraph_o9xde_4 _paragraph_xtcu6_10 layout-component text-serif-m layout-normal text-serif-m layout-padded\">Og de skal bruke det p\u00e5 surrogati.<\/p>\n<p class=\"_paragraph_o9xde_4 _paragraph_xtcu6_10 layout-component text-serif-m layout-normal text-serif-m layout-padded\">Paret <a href=\"https:\/\/www.vg.no\/rampelys\/i\/7dV9VV\/niklas-baarli-og-benjamin-silseth-gifter-seg-folk-skal-krabbe-ut-herfra\" data-track-element-type=\"Link\" data-track-id=\"link:7dV9VV\" class=\"_link_o9xde_39\" rel=\"nofollow noopener\" target=\"_blank\">giftet seg<\/a> i 2021 etter \u00e5 ha v\u00e6rt kj\u00e6rester i ti \u00e5r. Tiden er n\u00e5 moden for en familiefor\u00f8kelse.<\/p>\n<p class=\"_paragraph_o9xde_4 _paragraph_xtcu6_10 layout-component text-serif-m layout-normal text-serif-m layout-padded\">\u2013 Det er dritspennende og skummelt, og er noe vi har tenkt p\u00e5 i flere \u00e5r. N\u00e5 kjenner vi begge p\u00e5 at det er p\u00e5 tide, og vi f\u00f8ler oss klare for noe st\u00f8rre enn oss selv, skriver de til VG.<\/p>\n<p><img alt=\"Elleve kjendispar sjekket inn, relasjoner ble satt p\u00e5 pr\u00f8ve i et strategisk spill.\u2013  Vi er gode venner med mange fra Hotellet, og har en god tone med alle, sier vinnerparet n\u00e5 noen m\u00e5neder etter at de vant.  Foto: Silje Katrine Robinson, TV2 \/ TV 2 \/ NTB\" class=\"_image_qp4xg_65 layout-component layout-normal\" data-fullscreen- data-track-element-type=\"Article image fullscreen\" data-track-name=\"ImageFullscreen\" decoding=\"async\" loading=\"lazy\" height=\"2333\" itemprop=\"image\"  src=\"https:\/\/www.europesays.com\/no\/wp-content\/uploads\/2025\/12\/f508bb1c-fca9-490e-a343-432e1e6547e6\"  style=\"object-position:0% 0%\" width=\"3500\"\/>Elleve kjendispar sjekket inn, relasjoner ble satt p\u00e5 pr\u00f8ve i et strategisk spill.\u2013  Vi er gode venner med mange fra Hotellet, og har en god tone med alle, sier vinnerparet n\u00e5 noen m\u00e5neder etter at de vant.  Foto: Silje Katrine Robinson, TV2 \/ TV 2 \/ NTB <\/p>\n<p class=\"_paragraph_o9xde_4 _paragraph_xtcu6_10 layout-component text-serif-m layout-normal text-serif-m layout-padded\">I h\u00f8st har TV-seerne fulgt 11 kjendispar konkurrere, samarbeide og svikte hverandre i \u00abHotellet\u00bb p\u00e5 TV2. Det har v\u00e6rt intriger, allianser og drama.<\/p>\n<p class=\"_paragraph_o9xde_4 _paragraph_xtcu6_10 layout-component text-serif-m layout-normal text-serif-m layout-padded\">Ekteparet Silseth Baarli og Baarli Silseth kom til finalen sammen med olympisk bryter Stig Andr\u00e9 Berge og kona Rosell Utne Berge, og medieprofilene Ingeborg Heldahl og Annette Walter Numme.<\/p>\n<p class=\"_paragraph_o9xde_4 _paragraph_xtcu6_10 layout-component text-serif-m layout-normal text-serif-m layout-padded\">I kveld ble det avgjort hvem som har v\u00e6rt best p\u00e5 strategi, alliansebygging, best p\u00e5 \u00e5 bygge tillit, for s\u00e5 \u00e5 rive den ned. Og i finalen gikk alt riktig vei for ekteparet. F\u00f8rst vant de romkonkurransen, og dermed full kontroll p\u00e5 hvor kofferten med pengene var plassert. S\u00e5 vant de den siste rebusen som blant annet besto av blindsmaking p\u00e5 r\u00f8d- og hvitvin, og en kunnskapstest om pasta.<\/p>\n<p class=\"_paragraph_o9xde_4 _paragraph_xtcu6_10 layout-component text-serif-m layout-normal text-serif-m layout-padded\">\u2013 Det er helt fantastisk \u00e5 vinne! Vi trodde absolutt ikke det skulle v\u00e6re mulig, men der endte vi alts\u00e5. Vi er veldig glade og stolte, det har v\u00e6rt g\u00f8y \u00e5 spille spill, forteller de.<\/p>\n<p>\u2013 God stemning<\/p>\n<p class=\"_paragraph_o9xde_4 _paragraph_xtcu6_10 layout-component text-serif-m layout-normal text-serif-m layout-padded\">Gjennom konkurransen har paret alliert seg med flere av de sterkeste parene, og tatt valg som har hisset p\u00e5 seg flere av konkurrentene. Men vinnerparet sier det fortsatt er god stemning i gruppen.<\/p>\n<p><img alt=\"I det siste og avgj\u00f8rende koffertbyttet i \u00abHotellet\u00bb valgte Niklas og Benjamin \u00e5 beholde sin egen koffert hvor pengene var trygt plassert. Her er de p\u00e5 KK-gallaen i november.  Foto: Naina Hel\u00e9n J\u00e5ma \/ VG\" class=\"_image_qp4xg_65 layout-component layout-normal\" data-fullscreen- data-track-element-type=\"Article image fullscreen\" data-track-name=\"ImageFullscreen\" decoding=\"async\" loading=\"lazy\" height=\"8256\" itemprop=\"image\"  src=\"https:\/\/www.europesays.com\/no\/wp-content\/uploads\/2025\/12\/f0e6500b-2289-41fa-b7c7-45bf53e7ecd8\"  style=\"object-position:0% 0%\" width=\"5504\"\/>I det siste og avgj\u00f8rende koffertbyttet i \u00abHotellet\u00bb valgte Niklas og Benjamin \u00e5 beholde sin egen koffert hvor pengene var trygt plassert. Her er de p\u00e5 KK-gallaen i november.  Foto: Naina Hel\u00e9n J\u00e5ma \/ VG<\/p>\n<p class=\"_paragraph_o9xde_4 _paragraph_xtcu6_10 layout-component text-serif-m layout-normal text-serif-m layout-padded\">\u2013 Vi innyndet jo oss hos flere, og flere ville spille p\u00e5 lag med oss. Vi ble oppriktig veldig glad i alle sammen, selv om vi valgte \u00e5 sende hjem flere av dem.<\/p>\n<p class=\"_paragraph_o9xde_4 _paragraph_xtcu6_10 layout-component text-serif-m layout-normal text-serif-m layout-padded\">Det var litt taktikk og litt flaks, skriver de videre.<\/p>\n<p class=\"_paragraph_o9xde_4 _paragraph_xtcu6_10 layout-component text-serif-m layout-normal text-serif-m layout-padded\">\u2013 Jeg har veldig lyst til \u00e5 ta f\u00f8rste tog til Milano og g\u00e5 i alle designbutikker, men det blir ikke det, sier Benjamin under finalesendingen n\u00e5r han f\u00e5r sp\u00f8rsm\u00e5l om hva han vil bruke pengene til om han vinner.<\/p>\n<p class=\"_paragraph_o9xde_4 _paragraph_xtcu6_10 layout-component text-serif-m layout-normal text-serif-m layout-padded\">Pengene skal brukes p\u00e5 noe enda mer varig. <\/p>\n<p class=\"_paragraph_o9xde_4 _paragraph_xtcu6_10 layout-component text-serif-m layout-normal text-serif-m layout-padded\">\u2013 N\u00e5 blir det barn! ropte de da seieren var et faktum under kveldens sending.<\/p>\n<p>Venter reaksjoner<\/p>\n<p class=\"_paragraph_o9xde_4 _paragraph_xtcu6_10 layout-component text-serif-m layout-normal text-serif-m layout-padded\">Men de er spente p\u00e5 hva folk vil si.<\/p>\n<p class=\"_paragraph_o9xde_4 _paragraph_xtcu6_10 layout-component text-serif-m layout-normal text-serif-m layout-padded\">\u2013 Surrogati er ikke s\u00e5 popul\u00e6rt i Norge, s\u00e5 vi er forberedt p\u00e5 reaksjoner. Men det er den mest realistiske m\u00e5ten for oss \u00e5 f\u00e5 barn p\u00e5 en forutsigbar og trygg m\u00e5te, skriver paret Baarli Silseth videre i e-posten til VG.<\/p>\n<p class=\"_paragraph_o9xde_4 _paragraph_xtcu6_10 layout-component text-serif-m layout-normal text-serif-m layout-padded\">De opplever at de ikke er s\u00e5 mange alternativer:<\/p>\n<p class=\"_paragraph_o9xde_4 _paragraph_xtcu6_10 layout-component text-serif-m layout-normal text-serif-m layout-padded\">\u2013 Vi skulle gjerne adoptert om politikerne v\u00e5re s\u00f8rget for bedre adposjonsavtaler, men forel\u00f8pig er det en vanskelig vei \u00e5 g\u00e5 ogs\u00e5.<\/p>\n<p><img alt=\"I sommer mistet ekteparet hunden Bjarne som TV-seerne fikk m\u00f8te  i \u00abSofa\u00bb p\u00e5 TV2 i 2021. Kort tid etterp\u00e5 kom nyheten om at de har f\u00e5tt seg ny hund.  Foto: Espen Solli \/ TV 2 \/ TV 2\" class=\"_image_qp4xg_65 layout-component layout-normal\" data-fullscreen- data-track-element-type=\"Article image fullscreen\" data-track-name=\"ImageFullscreen\" decoding=\"async\" loading=\"lazy\" height=\"3202\" itemprop=\"image\"  src=\"https:\/\/www.europesays.com\/no\/wp-content\/uploads\/2025\/12\/105a3f09-52a5-446b-9be0-f3cec010c081\"  style=\"object-position:0% 0%\" width=\"4800\"\/>I sommer mistet ekteparet hunden Bjarne som TV-seerne fikk m\u00f8te  i \u00abSofa\u00bb p\u00e5 TV2 i 2021. Kort tid etterp\u00e5 kom nyheten om at de har f\u00e5tt seg ny hund.  Foto: Espen Solli \/ TV 2 \/ TV 2<img alt=\"Ekteparet er forberedt p\u00e5 reaksjoner om n\u00e5r de n\u00e5 setter igang prosessen med \u00e5 f\u00e5 barn.  Foto: Thomas Andersen \/ TV 2 \/ TV 2 \/ NTB\" class=\"_image_qp4xg_65 layout-component layout-normal\" data-fullscreen- data-track-element-type=\"Article image fullscreen\" data-track-name=\"ImageFullscreen\" decoding=\"async\" loading=\"lazy\" height=\"3000\" itemprop=\"image\"  src=\"https:\/\/www.europesays.com\/no\/wp-content\/uploads\/2025\/12\/bd696d20-bbba-4c34-9a9c-3db3be6851c9\"  style=\"object-position:0% 0%\" width=\"4500\"\/>Ekteparet er forberedt p\u00e5 reaksjoner om n\u00e5r de n\u00e5 setter igang prosessen med \u00e5 f\u00e5 barn.  Foto: Thomas Andersen \/ TV 2 \/ TV 2 \/ NTB<\/p>\n<p class=\"_paragraph_o9xde_4 _paragraph_xtcu6_10 layout-component text-serif-m layout-normal text-serif-m layout-padded\">Hvor mye penger de regner med \u00e5 bruke, og hvor langt i prosessen de har kommet, har ikke paret svart p\u00e5.<\/p>\n<p class=\"_paragraph_o9xde_4 _paragraph_xtcu6_10 layout-component text-serif-m layout-normal text-serif-m layout-padded\">Men n\u00e5 skal de \u00ableve i spareblussmodus, og sette av alle penger til \u00e5 realisere den dr\u00f8mmen sammen\u00bb.<\/p>\n<p>Hotellet<\/p>\n<p class=\"_paragraph_o9xde_4 _paragraph_xtcu6_10 _paragraph_16v91_10 layout-component text-serif-m layout-normal text-sans-m layout-padded\">Aslak Maurstad har v\u00e6rt programleder, og disse kjendisene har deltatt:<\/p>\n<ul class=\"_list_o9xde_3 _list_xtcu6_9 _list_16v91_9 _unordered_o9xde_106 layout-component text-serif-m layout-normal text-sans-m layout-padded\">\n<li class=\"_item_o9xde_30\">Petter Westerlin og Oskar Westerlin, far og s\u00f8nn<\/li>\n<li class=\"_item_o9xde_30\">Anne B. Ragde og Eva B. Ragde, s\u00f8stre<\/li>\n<li class=\"_item_o9xde_30\">Barbara og Alexandra Joner, mor og datter<\/li>\n<li class=\"_item_o9xde_30\">Emilie Voe Nereng og Michael Hansson, forlovet under innspilling<\/li>\n<li class=\"_item_o9xde_30\">Niklas og Benjamin Silseth Baarli, gift<\/li>\n<li class=\"_item_o9xde_30\">Stig Andr\u00e9 Berge og Rosell Utne Berge, gift<\/li>\n<li class=\"_item_o9xde_30\">Mikkel Bratt Silset og Karoline Andersen, forlovet<\/li>\n<li class=\"_item_o9xde_30\">Herman Dahl og Sander Austad Dale, kompiser<\/li>\n<li class=\"_item_o9xde_30\">Anny Isabella \u00d8vrehus og Linnea L\u00f8tvedt, venninner<\/li>\n<li class=\"_item_o9xde_30\">Ingeborg Heldahl og Annette Walter Numme, venninner<\/li>\n<li class=\"_item_o9xde_30\">Karsten Blomvik og Mohammed Basefer, kompiser<\/li>\n<\/ul>\n<p>Vis mer    <\/p>\n","protected":false},"excerpt":{"rendered":"Ekteparet Niklas Silseth Baarli (36) og Benjamin Baarli Silseth (34) tar med seg 340.000 kroner hjem fra seieren.&hellip;\n","protected":false},"author":2,"featured_media":119140,"comment_status":"","ping_status":"","sticky":false,"template":"","format":"standard","meta":{"footnotes":""},"categories":[5],"tags":[20,21,24,25,15,19,22,23,17,18,13,5389,30,28,29,14,16,2177,14250,26,27],"class_list":{"0":"post-119139","1":"post","2":"type-post","3":"status-publish","4":"format-standard","5":"has-post-thumbnail","7":"category-overskrifter","8":"tag-breaking-news","9":"tag-breakingnews","10":"tag-featured-news","11":"tag-featurednews","12":"tag-headlines","13":"tag-hovedoppslag","14":"tag-latest-news","15":"tag-latestnews","16":"tag-main-news","17":"tag-mainnews","18":"tag-news","19":"tag-niklas-baarli","20":"tag-no","21":"tag-norge","22":"tag-norway","23":"tag-nyheter","24":"tag-overskrifter","25":"tag-reality-tv","26":"tag-surrogati","27":"tag-top-stories","28":"tag-topstories"},"share_on_mastodon":{"url":"https:\/\/pubeurope.com\/@no\/115759688454408290","error":""},"_links":{"self":[{"href":"https:\/\/www.europesays.com\/no\/wp-json\/wp\/v2\/posts\/119139","targetHints":{"allow":["GET"]}}],"collection":[{"href":"https:\/\/www.europesays.com\/no\/wp-json\/wp\/v2\/posts"}],"about":[{"href":"https:\/\/www.europesays.com\/no\/wp-json\/wp\/v2\/types\/post"}],"author":[{"embeddable":true,"href":"https:\/\/www.europesays.com\/no\/wp-json\/wp\/v2\/users\/2"}],"replies":[{"embeddable":true,"href":"https:\/\/www.europesays.com\/no\/wp-json\/wp\/v2\/comments?post=119139"}],"version-history":[{"count":0,"href":"https:\/\/www.europesays.com\/no\/wp-json\/wp\/v2\/posts\/119139\/revisions"}],"wp:featuredmedia":[{"embeddable":true,"href":"https:\/\/www.europesays.com\/no\/wp-json\/wp\/v2\/media\/119140"}],"wp:attachment":[{"href":"https:\/\/www.europesays.com\/no\/wp-json\/wp\/v2\/media?parent=119139"}],"wp:term":[{"taxonomy":"category","embeddable":true,"href":"https:\/\/www.europesays.com\/no\/wp-json\/wp\/v2\/categories?post=119139"},{"taxonomy":"post_tag","embeddable":true,"href":"https:\/\/www.europesays.com\/no\/wp-json\/wp\/v2\/tags?post=119139"}],"curies":[{"name":"wp","href":"https:\/\/api.w.org\/{rel}","templated":true}]}}