{"id":119145,"date":"2025-12-21T21:35:10","date_gmt":"2025-12-21T21:35:10","guid":{"rendered":"https:\/\/www.europesays.com\/no\/119145\/"},"modified":"2025-12-21T21:35:10","modified_gmt":"2025-12-21T21:35:10","slug":"karl-ove-knausgard-avslutter-serien-om-morgenstjernen","status":"publish","type":"post","link":"https:\/\/www.europesays.com\/no\/119145\/","title":{"rendered":"Karl Ove Knausg\u00e5rd avslutter serien om \u00abMorgenstjernen\u00bb:"},"content":{"rendered":"\n<ul class=\"_list_o9xde_3 _list_64s2r_85 _unordered_o9xde_106 text-sans-m\">\n<li class=\"_item_o9xde_30\">Karl Ove Knausg\u00e5rd starter p\u00e5 siste boken i \u00abMorgenstjernen\u00bb-serien i januar.<\/li>\n<li class=\"_item_o9xde_30\">F\u00f8r skrivingen nyter han juletiden med familien i London og Norge.<\/li>\n<li class=\"_item_o9xde_30\">Hans siste bok, \u00abJeg var lenge d\u00f8d\u00bb, har f\u00e5tt gode kritikker og salgstall opplag, mens bok fire i serien genierkl\u00e6res av britiske anmeldere.<\/li>\n<li class=\"_item_o9xde_30\">Knausg\u00e5rd planlegger nye prosjekter etter serieavslutningen.<\/li>\n<\/ul>\n<p>Vis mer <\/p>\n<p class=\"_paragraph_o9xde_4 _paragraph_xtcu6_10 layout-component text-serif-m layout-normal text-serif-m layout-padded\">For f\u00f8r han i januar skal starte skrivingen av den siste romanen i syvbindsverket om \u00abMorgenstjernen\u00bb, blir det jul med familien i London \u2013 og romjul i Norge.<\/p>\n<p class=\"_paragraph_o9xde_4 _paragraph_xtcu6_10 layout-component text-serif-m layout-normal text-serif-m layout-padded\"><strong class=\"_strong_o9xde_25\">I et st\u00f8rre e-post-intervju med VG letter stjerneforfatteren litt p\u00e5 sl\u00f8ret og beskriver sin jul p\u00e5 denne m\u00e5ten: <\/strong><\/p>\n<p class=\"_paragraph_o9xde_4 _paragraph_xtcu6_10 layout-component text-serif-m layout-normal text-serif-m layout-padded\">\u2013 Utrolig stress fram til halv fire p\u00e5 julaften, s\u00e5 litt nerv\u00f8st stress igjen idet jeg tar p\u00e5 meg julenissedrakten, men s\u00e5 mange, lange, herlige dager hvor det endelig er nesten ubegrenset tid til \u00e5 lese, spille spill og se p\u00e5 TV, sier Knausg\u00e5rd som snart har bodd ni \u00e5r i London med sin kone Michal Shavit og deres til sammen syv barn. <\/p>\n<p class=\"_paragraph_o9xde_4 _paragraph_xtcu6_10 layout-component text-serif-m layout-normal text-serif-m layout-padded\">Den internasjonale suksessen <a href=\"https:\/\/www.vg.no\/tag\/karl-ove-knausgaard?utm_source=vg-article&amp;utm_medium=auto-tagger&amp;utm_campaign=oERjJV\" class=\"_link_o9xde_39\" rel=\"nofollow noopener\" target=\"_blank\">Karl Ove Knausg\u00e5rd<\/a> fikk med \u00abMin Kamp\u00bb, er absolutt ikke over. <\/p>\n<p class=\"_paragraph_o9xde_4 _paragraph_xtcu6_10 layout-component text-serif-m layout-normal text-serif-m layout-padded\">Tidligere i \u00e5r skapte han <a href=\"https:\/\/www.vg.no\/rampelys\/i\/MnkWmB\/karl-ove-knausgaard-kaos-i-tyskland-foer-var-dette-det-totale-mareritt\" data-track-element-type=\"Link\" data-track-id=\"link:MnkWmB\" class=\"_link_o9xde_39\" rel=\"nofollow noopener\" target=\"_blank\">ville tilstander i Tyskland<\/a> under lanseringen av \u00abNattskolen\u00bb p\u00e5 tysk, og nylig ble han omtalt som \u00abrockestjerneforfatter\u00bb i en <a href=\"https:\/\/www.thetimes.com\/culture\/books\/article\/school-night-karl-ove-knausgaard-review-n5tt95r2m\" class=\"_link_o9xde_39\" rel=\"nofollow noopener\" target=\"_blank\">panegyrisk anmeldelse<\/a> av samme bok i The Times: <\/p>\n<p><img alt=\"Foto: Mattis Sandblad \/ VG\" class=\"_image_qp4xg_65 layout-component layout-normal\" data-fullscreen- data-track-element-type=\"Article image fullscreen\" data-track-name=\"ImageFullscreen\" decoding=\"async\" loading=\"lazy\" height=\"4000\" itemprop=\"image\"  src=\"https:\/\/www.europesays.com\/no\/wp-content\/uploads\/2025\/12\/ac687a86-0a69-4aa0-b414-b141a60b26d2\"  style=\"object-position:0% 0%\" width=\"4820\"\/>Foto: Mattis Sandblad \/ VG<\/p>\n<p class=\"_paragraph_o9xde_4 _paragraph_xtcu6_10 layout-component text-serif-m layout-normal text-serif-m layout-padded\"><strong class=\"_strong_o9xde_25\">\u00abDet er et ford\u00f8mt mesterverk\u00bb, skriver The Times-kritikeren om det som er den fjerde boken i \u00abMorgenstjernen\u00bb-serien. <\/strong><\/p>\n<p class=\"_paragraph_o9xde_4 _paragraph_xtcu6_10 layout-component text-serif-m layout-normal text-serif-m layout-padded\">Her hjemme har sjette bind, <a href=\"https:\/\/www.vg.no\/rampelys\/i\/xm1dMQ\/knausgaard-goenner-paa\" data-track-element-type=\"Link\" data-track-id=\"link:xm1dMQ\" class=\"_link_o9xde_39\" rel=\"nofollow noopener\" target=\"_blank\">\u00abJeg var lenge d\u00f8d\u00bb<\/a>, ogs\u00e5 blitt hyllet av kritikerne \u2013 og forlaget Oktober kan opplyse om gode salgstall og en \u00f8kende interesse for serien. <\/p>\n<p class=\"_paragraph_o9xde_4 _paragraph_xtcu6_10 layout-component text-serif-m layout-normal text-serif-m layout-padded\">\u2013 Den nye romanen har allerede et h\u00f8yere opplag enn de foreg\u00e5ende b\u00f8kene, med unntak av Morgenstjernen, den f\u00f8rste boken fra 2020. En slik oppgang er et sjeldent fenomen hva bokserier ang\u00e5r, sier kommunikasjonssjef Marte N\u00f8kleg\u00e5rd Dahl i Oktober forlag til VG. <\/p>\n<p class=\"_paragraph_o9xde_4 _paragraph_xtcu6_10 layout-component text-serif-m layout-normal text-serif-m layout-padded\">I \u00abJeg var lenge d\u00f8d\u00bb tar Knausg\u00e5rd det overnaturlige spranget fullt ut. <\/p>\n<p class=\"_paragraph_o9xde_4 _paragraph_xtcu6_10 layout-component text-serif-m layout-normal text-serif-m layout-padded\">\u2013 I de andre Morgenstjerne-b\u00f8kene er vi i n\u00e6rheten av noe overnaturlig, alts\u00e5 i kontakt med noe som ikke stammer fra verden som vi kjenner den. Men det kan hele tiden forklares naturlig, det finnes hele tiden tvil. Den siste boken tar spranget helt ut og kj\u00f8rer p\u00e5, sier Knausg\u00e5rd.<\/p>\n<p class=\"_paragraph_o9xde_4 _paragraph_xtcu6_10 layout-component text-serif-m layout-normal text-serif-m layout-padded\"><a href=\"https:\/\/www.vg.no\/rampelys\/i\/xm1dMQ\/knausgaard-goenner-paa\" data-track-element-type=\"Link\" data-track-id=\"link:xm1dMQ\" class=\"_link_o9xde_39\" rel=\"nofollow noopener\" target=\"_blank\">Eller \u00abg\u00f8nner p\u00e5\u00bb som VGs anmelder skriver.<\/a> <\/p>\n<p><img alt=\"Siste bind kom ut p\u00e5 norsk i h\u00f8st \u2013 og her oppdager hovedpersonen at det finnes en virkelighet bak lysets hastighet og setter i gang en mindre motorsagmassakre.\" class=\"_image_qp4xg_65 layout-component layout-normal\" data-fullscreen- data-track-element-type=\"Article image fullscreen\" data-track-name=\"ImageFullscreen\" decoding=\"async\" loading=\"lazy\" height=\"1667\" itemprop=\"image\"  src=\"https:\/\/www.europesays.com\/no\/wp-content\/uploads\/2025\/12\/ef2279ca-1a79-42fd-96fb-998e33017c15\"  style=\"object-position:0% 0%\" width=\"1874\"\/>Siste bind kom ut p\u00e5 norsk i h\u00f8st \u2013 og her oppdager hovedpersonen at det finnes en virkelighet bak lysets hastighet og setter i gang en mindre motorsagmassakre.<\/p>\n<p class=\"_paragraph_o9xde_4 _paragraph_xtcu6_10 layout-component text-serif-m layout-normal text-serif-m layout-padded\">Karl Ove Knausg\u00e5rd har flere ganger gjort et poeng av at han aldri leser anmeldelser, men denne gangen gjorde han et unntak. <\/p>\n<p class=\"_paragraph_o9xde_4 _paragraph_xtcu6_10 layout-component text-serif-m layout-normal text-serif-m layout-padded\"><strong class=\"_strong_o9xde_25\">\u2013 Jeg har ikke lest kritikk p\u00e5 tyve \u00e5r, men denne gangen tenkte jeg at jeg skulle pr\u00f8ve, sier han og forklarer at det var et interessant eksperiment:<\/strong><\/p>\n<p class=\"_paragraph_o9xde_4 _paragraph_xtcu6_10 layout-component text-serif-m layout-normal text-serif-m layout-padded\">\u2013 Kritikerne la vekt p\u00e5 helt andre sider av boken enn det jeg gjorde da jeg skrev, alts\u00e5, det som var grunnen til at jeg skrev den. Og det liker jeg, da er det liksom noe igjen i dem, de er ikke helt utt\u00f8mte, hvis du skj\u00f8nner hva jeg mener? <\/p>\n<p class=\"_paragraph_o9xde_4 _paragraph_xtcu6_10 layout-component text-serif-m layout-normal text-serif-m layout-padded\">\u2013 Jeg hadde regnet med at \u00abJeg var aldri d\u00f8d\u00bb skulle bli nedsablet, kanskje fordi den er skrevet et stykke utenfor komfortsonen min, sier Knausg\u00e5rd. I boken lar han blant annet hovedpersonen oppdage at det finnes en virkelighet bak lysets hastighet og sette i gang en mindre motorsagmassakre.<\/p>\n<p class=\"_paragraph_o9xde_4 _paragraph_xtcu6_10 layout-component text-serif-m layout-normal text-serif-m layout-padded\"><strong class=\"_strong_o9xde_25\">\u2013 Noe s\u00e5nt hadde jeg aldri tenkt meg at jeg ville skrive.<\/strong> <\/p>\n<p class=\"_paragraph_o9xde_4 _paragraph_xtcu6_10 layout-component text-serif-m layout-normal text-serif-m layout-padded\">Han mener oppriktig at det var overraskende at boken ble \u00abstr\u00f8ket medh\u00e5rs\u00bb.<\/p>\n<p class=\"_paragraph_o9xde_4 _paragraph_xtcu6_10 layout-component text-serif-m layout-normal text-serif-m layout-padded\">\u2013 Det ville ha v\u00e6rt helt fint \u00e5 bli slaktet, alts\u00e5, jeg tenker jo hele tiden at det er det b\u00f8kene egentlig fortjener, men n\u00e5r det kommer til stykket, spiller akkurat det ikke noen rolle. B\u00f8kene er jo b\u00f8kene uansett hva som blir sagt om dem, forteller Knausg\u00e5rd.<\/p>\n<p><img alt=\"TAKKET KONA: \u00abJeg var lenge d\u00f8d\u00bb har Knausg\u00e5rd tilegnet kona Michal Shavit, som han ogs\u00e5 takket da han i august mottok Aschehoug-prisen. \u00abMitt lys og min glede og st\u00f8tte\u00bb, sa han om kona.   Foto: Camilla Norli \/ VG\" class=\"_image_qp4xg_65 layout-component layout-normal\" data-fullscreen- data-track-element-type=\"Article image fullscreen\" data-track-name=\"ImageFullscreen\" decoding=\"async\" loading=\"lazy\" height=\"1712\" itemprop=\"image\"  src=\"https:\/\/www.europesays.com\/no\/wp-content\/uploads\/2025\/12\/054db424-7501-4f6c-840d-2afccf54fcd6\"  style=\"object-position:0% 0%\" width=\"2161\"\/>TAKKET KONA: \u00abJeg var lenge d\u00f8d\u00bb har Knausg\u00e5rd tilegnet kona Michal Shavit, som han ogs\u00e5 takket da han i august mottok Aschehoug-prisen. \u00abMitt lys og min glede og st\u00f8tte\u00bb, sa han om kona.   Foto: Camilla Norli \/ VG<\/p>\n<p class=\"_paragraph_o9xde_4 _paragraph_xtcu6_10 layout-component text-serif-m layout-normal text-serif-m layout-padded\">\u2013 Du er jo ogs\u00e5 blitt genierkl\u00e6rt av britiske anmeldere for \u00abNattskolen\u00bb, blant annet i The Times. Er det noe du setter ekstra pris p\u00e5 i det de skriver? <\/p>\n<p class=\"_paragraph_o9xde_4 _paragraph_xtcu6_10 layout-component text-serif-m layout-normal text-serif-m layout-padded\">\u2013 Nei, de engelske anmeldelsene har jeg ikke lest, det g\u00e5r ikke \u2013 at jeg leste de norske kritikkene denne gangen var et eksperiment og et engangstilfelle! Men jeg fikk en tekst om det med \u00abdamned masterpiece\u00bb. Jeg ble mest flau.<\/p>\n<p class=\"_paragraph_o9xde_4 _paragraph_xtcu6_10 layout-component text-serif-m layout-normal text-serif-m layout-padded\">\u2013 Det er store kontraster i livet ditt: Mellom det vanlige hverdagslivet og stjerneforfatterlivet \u2013 hvordan takler du kontrastene? <\/p>\n<p class=\"_paragraph_o9xde_4 _paragraph_xtcu6_10 layout-component text-serif-m layout-normal text-serif-m layout-padded\"><strong class=\"_strong_o9xde_25\">\u2013 Jeg synes at alt det jeg gj\u00f8r er noks\u00e5 svakt, og skulle jeg bli forledet til \u00e5 tro at det er noe annet, holder det \u00e5 sl\u00e5 opp p\u00e5 en side og lese. Det er der jeg er som forfatter. <\/strong><\/p>\n<p class=\"_paragraph_o9xde_4 _paragraph_xtcu6_10 layout-component text-serif-m layout-normal text-serif-m layout-padded\">\u2013 N\u00e5r jeg sitter p\u00e5 scenen og det har kommet mange for \u00e5 h\u00f8re p\u00e5, fors\u00f8ker jeg \u00e5 gj\u00f8re det samme som n\u00e5r jeg skriver, v\u00e6re n\u00e6rv\u00e6rende i situasjonen og svare \u00e5pent p\u00e5 sp\u00f8rsm\u00e5lene, da blir det interessant for meg ogs\u00e5, siden jeg ikke vet hvilke veier samtalen vil ta, sier Knausg\u00e5rd.<\/p>\n<p class=\"_paragraph_o9xde_4 _paragraph_xtcu6_10 layout-component text-serif-m layout-normal text-serif-m layout-padded\">Han understreker at dette ligger veldig langt unna hans egentlige sosiale natur.<\/p>\n<p class=\"_paragraph_o9xde_4 _paragraph_xtcu6_10 layout-component text-serif-m layout-normal text-serif-m layout-padded\">\u2013 N\u00e5r jeg sitter i middagsselskaper, sier jeg som oftest ingenting, aner ikke hva jeg skal si, og alt som faller meg inn, er jo helt idiotisk. Etterp\u00e5 vil jeg bare l\u00f8pe og gjemme meg, flau og skamfull.<\/p>\n<p><img alt=\"I motsetning til i middagsselskaper, slapper Knausg\u00e5rd av p\u00e5 scenen. Her i m\u00f8te med \u00abSuccession\u00bb-stjernen Jeremy Strong \u2013 som er besatt av den norske forfatteren.   Foto: Morten Rygaard \/ Morten Rygaard\" class=\"_image_qp4xg_65 layout-component layout-normal\" data-fullscreen- data-track-element-type=\"Article image fullscreen\" data-track-name=\"ImageFullscreen\" decoding=\"async\" loading=\"lazy\" height=\"4000\" itemprop=\"image\"  src=\"https:\/\/www.europesays.com\/no\/wp-content\/uploads\/2025\/12\/34cd2700-29dc-4b5a-93b2-7222ee67b806\"  style=\"object-position:0% 0%\" width=\"6000\"\/>I motsetning til i middagsselskaper, slapper Knausg\u00e5rd av p\u00e5 scenen. Her i m\u00f8te med \u00abSuccession\u00bb-stjernen Jeremy Strong \u2013 som er besatt av den norske forfatteren.   Foto: Morten Rygaard \/ Morten Rygaard<\/p>\n<p class=\"_paragraph_o9xde_4 _paragraph_xtcu6_10 layout-component text-serif-m layout-normal text-serif-m layout-padded\">Men hverdagslivet, det er noe helt annet, sier Knausg\u00e5rd:<\/p>\n<p class=\"_paragraph_o9xde_4 _paragraph_xtcu6_10 layout-component text-serif-m layout-normal text-serif-m layout-padded\"><strong class=\"_strong_o9xde_25\">\u2013 Der kan man jo v\u00e6re s\u00e5 dum man vil! Og det handler ikke om \u00e5 prestere \u2013 s\u00e5 lenge maten lar seg spise og badet er s\u00e5nn nogenlunde rent.<\/strong><\/p>\n<p class=\"_paragraph_o9xde_4 _paragraph_xtcu6_10 layout-component text-serif-m layout-normal text-serif-m layout-padded\">Denne h\u00f8sten har et team fra BBC fulgt ham til en kommende dokumentar om kreativitet. <a href=\"https:\/\/www.nytimes.com\/2025\/12\/06\/t-magazine\/forensic-art-knausgaard-school-of-night.html?unlocked_article_code=1.9k8.qRyD.oaVpWG8jWhBS&amp;smid=em-share\" class=\"_link_o9xde_39\" rel=\"nofollow noopener\" target=\"_blank\">New York Times <\/a>motemagasin publiserte nylig en reportasje der Knausg\u00e5rd ble satt sammen med en profesjonell rettsmedisinsk polititegner \u2013 som tegnet karakteren Kristian Hadeland fra \u00abNattskolen\u00bb ut fra Knausg\u00e5rds beskrivelser. Og han har, av alle ting, v\u00e6rt p\u00e5 turn\u00e9 med trommisen Glenn Kotche fra rockebandet Wilco.<\/p>\n<p class=\"_paragraph_o9xde_4 _paragraph_xtcu6_10 layout-component text-serif-m layout-normal text-serif-m layout-padded\">Wilco-turneen mener Knausg\u00e5rd er det morsomste han har gjort i \u00e5r. <\/p>\n<p class=\"_paragraph_o9xde_4 _paragraph_xtcu6_10 layout-component text-serif-m layout-normal text-serif-m layout-padded\">Ta en kikk her p\u00e5 Kotches Instagram: <\/p>\n<p class=\"_paragraph_o9xde_4 _paragraph_xtcu6_10 layout-component text-serif-m layout-normal text-serif-m layout-padded\">\u2013 Jeg hadde to forestillinger sammen med Glenn Kotche og filmregiss\u00f8ren Johan Renck.Johan Renck.Lagde blant annet de to siste videoene til David Bowie, og TV-serien \u00abChernobyl\u00bb. Glenn laget musikken, jeg leste, Johan laget bildene. Vi hadde en forestilling i New York og en i Minneapolis, og s\u00e5 skal vi ha en i London i mars, forteller Knausg\u00e5rd. <\/p>\n<p class=\"_paragraph_o9xde_4 _paragraph_xtcu6_10 layout-component text-serif-m layout-normal text-serif-m layout-padded\">N\u00e5r det gjelder BBC-dokumentaren, der BBC f\u00f8lger en arkitekt, en danser, en kunstner, en operasanger og en forfatter, er det \u00e9n ting som er sikkert:<\/p>\n<p class=\"_paragraph_o9xde_4 _paragraph_xtcu6_10 layout-component text-serif-m layout-normal text-serif-m layout-padded\">\u2013 Det var g\u00f8y \u00e5 v\u00e6re med p\u00e5, men jeg kommer ikke til \u00e5 se p\u00e5, da ville det i s\u00e5 fall bli med hendene over ansiktet og nei og nei, sa jeg det, hva m\u00e5 ikke folk tro, for et fjols de har f\u00e5tt tak i der &#8230;<\/p>\n<p class=\"_paragraph_o9xde_4 _paragraph_xtcu6_10 layout-component text-serif-m layout-normal text-serif-m layout-padded\">Sjekk ut New York Times Style Magazine m\u00f8te med Karl Ove Knausg\u00e5rd om karakteren Kristian Hadeland her: <\/p>\n<p class=\"_paragraph_o9xde_4 _paragraph_xtcu6_10 layout-component text-serif-m layout-normal text-serif-m layout-padded\">Knausg\u00e5rd har i ettertid forklart at det f\u00f8ltes litt som \u00e5 selge sjelen si da \u00abMin kamp\u00bb kom ut:<\/p>\n<p class=\"_paragraph_o9xde_4 _paragraph_xtcu6_10 layout-component text-serif-m layout-normal text-serif-m layout-padded\">\u2013<strong class=\"_strong_o9xde_25\"> Hva har jeg gjort, hva har jeg gjort? Det var en s\u00e5nn \u00absolgt sjela mi\u00bb f\u00f8lelse, sa han <a href=\"https:\/\/www.vg.no\/rampelys\/i\/abna0O\/karl-ove-knausgaard-et-mareritt-aa-skrive\" data-track-element-type=\"Link\" data-track-id=\"link:abna0O\" class=\"_link_o9xde_39\" rel=\"nofollow noopener\" target=\"_blank\">i et VG-intervju<\/a> da \u00abNattskolen\u00bb kom ut p\u00e5 norsk for to \u00e5r siden. <\/strong><\/p>\n<p class=\"_paragraph_o9xde_4 _paragraph_xtcu6_10 layout-component text-serif-m layout-normal text-serif-m layout-padded\">N\u00e5 har han igjen snakket om dette i forbindelse med at boken om Kristian Hadeland er ute i Storbritannia og snart i USA, der boken lanseres i januar. <\/p>\n<p class=\"_paragraph_o9xde_4 _paragraph_xtcu6_10 layout-component text-serif-m layout-normal text-serif-m layout-padded\">\u2013 Det er jo et n\u00e6rliggende sp\u00f8rsm\u00e5l i forbindelse med \u00abNattskolen\u00bb, som handler om en ung, mislykket kunstner som gj\u00f8r noe forferdelig og s\u00e5 plutselig f\u00e5r suksess. <\/p>\n<p class=\"_paragraph_o9xde_4 _paragraph_xtcu6_10 layout-component text-serif-m layout-normal text-serif-m layout-padded\"><strong class=\"_strong_o9xde_25\">\u2013 Den handler ikke om meg, men jeg brukte selvf\u00f8lgelig mange av f\u00f8lelsene jeg hadde da den verste stormen rundt \u00abMin kamp\u00bb p\u00e5gikk, sier han og forklarer: <\/strong><\/p>\n<p class=\"_paragraph_o9xde_4 _paragraph_xtcu6_10 layout-component text-serif-m layout-normal text-serif-m layout-padded\">\u2013 Kombinasjonen av plutselig \u00e5 selge hundretusenvis av b\u00f8ker og samtidig bli truet med rettssak, fikk meg naturligvis til \u00e5 tenke i de baner. Om jeg ikke hadde krysset min egen moralske grense, hadde jeg definitivt krysset andres, og hva var egentlig forbindelsen mellom overskridelsen, skyldf\u00f8lelsen og suksessen? Var det noen forbindelse?<\/p>\n<p><img alt=\"Knausg\u00e5rd fotografert i et intervju med VG i Leipzig i mars i \u00e5r.   Foto: Mattis Sandblad \/ VG\" class=\"_image_qp4xg_65 layout-component layout-normal\" data-fullscreen- data-track-element-type=\"Article image fullscreen\" data-track-name=\"ImageFullscreen\" decoding=\"async\" loading=\"lazy\" height=\"4000\" itemprop=\"image\"  src=\"https:\/\/www.europesays.com\/no\/wp-content\/uploads\/2025\/12\/5bf4c17b-f2d9-459c-b894-d141f05ba9f1\"  style=\"object-position:0% 0%\" width=\"5924\"\/>Knausg\u00e5rd fotografert i et intervju med VG i Leipzig i mars i \u00e5r.   Foto: Mattis Sandblad \/ VG<\/p>\n<p class=\"_paragraph_o9xde_4 _paragraph_xtcu6_10 layout-component text-serif-m layout-normal text-serif-m layout-padded\">Han gir ingen svar p\u00e5 disse sp\u00f8rsm\u00e5lene, men har flere ganger tidligere v\u00e6rt tydelig p\u00e5 at konsekvensene av \u00e5 skrive om sitt eget liv og utlevere familien i seksbindsverket \u00abMin kamp\u00bb har kostet: <\/p>\n<p class=\"_paragraph_o9xde_4 _paragraph_xtcu6_10 layout-component text-serif-m layout-normal text-serif-m layout-padded\">Han har ikke hatt kontakt med sin fars familie siden han sendte dem den f\u00f8rste boken. <\/p>\n<p class=\"_paragraph_o9xde_4 _paragraph_xtcu6_10 layout-component text-serif-m layout-normal text-serif-m layout-padded\">\u2013 Har alt dette f\u00f8rt til at det er visse ting du ikke t\u00f8r, eller \u00f8nsker, \u00e5 skrive om? <\/p>\n<p class=\"_paragraph_o9xde_4 _paragraph_xtcu6_10 layout-component text-serif-m layout-normal text-serif-m layout-padded\">\u2013 N\u00e5 skriver jeg jo ikke om mitt liv lengre, og det gj\u00f8r at jeg kan skrive om hva som helst. Utfordringen da blir \u00e5 feste det som skjer og de jeg skriver om i noe som er sant \u2013 hvis ikke blir det det Jon Fosse kalte \u00abp\u00e5funn\u00bb da jeg hadde ham som l\u00e6rer p\u00e5 Skrivekunstakademiet.<\/p>\n<p class=\"_paragraph_o9xde_4 _paragraph_xtcu6_10 layout-component text-serif-m layout-normal text-serif-m layout-padded\">\u2013 Jeg driver vel med en slags method writing, g\u00e5r inn i personene mens jeg skriver og fors\u00f8ker \u00e5 forestille meg hvordan verden og de selv ser ut der inne fra. <\/p>\n<p class=\"_paragraph_o9xde_4 _paragraph_xtcu6_10 layout-component text-serif-m layout-normal text-serif-m layout-padded\">N\u00e5r syvende bind kommer ut neste h\u00f8st, er det definitivt den siste boken i serien.<\/p>\n<p><img alt=\"Foto: Julie Holmberg \/ VG\" class=\"_image_qp4xg_65 layout-component layout-normal\" data-fullscreen- data-track-element-type=\"Article image fullscreen\" data-track-name=\"ImageFullscreen\" decoding=\"async\" loading=\"lazy\" height=\"4537\" itemprop=\"image\"  src=\"https:\/\/www.europesays.com\/no\/wp-content\/uploads\/2025\/12\/6bc272b7-ffb6-47f6-b333-56f91aa76c72\"  style=\"object-position:0% 0%\" width=\"4470\"\/>Foto: Julie Holmberg \/ VG<\/p>\n<p class=\"_paragraph_o9xde_4 _paragraph_xtcu6_10 layout-component text-serif-m layout-normal text-serif-m layout-padded\"><strong class=\"_strong_o9xde_25\">\u2013 Ja, da vil jeg ha brukt syv \u00e5r av mitt liv p\u00e5 denne serien, og det er s\u00e5 mye annet jeg har lyst til \u00e5 skrive, s\u00e5 jeg m\u00e5 rett og slett sette punktum n\u00e5.<\/strong><\/p>\n<p class=\"_paragraph_o9xde_4 _paragraph_xtcu6_10 layout-component text-serif-m layout-normal text-serif-m layout-padded\">Syv \u00e5r er like mye som hans yngste s\u00f8nn er blitt, noe som minner ham p\u00e5 hvor fort syv skrive\u00e5r g\u00e5r i forhold til syv leve\u00e5r.<\/p>\n<p class=\"_paragraph_o9xde_4 _paragraph_xtcu6_10 layout-component text-serif-m layout-normal text-serif-m layout-padded\">\u2013 Det finnes to ulike tidsdimensjoner i livet mitt, den ene gjelder skrivingen, n\u00e5r jeg sitter alene p\u00e5 rommet, og som jeg kan m\u00e5le i de b\u00f8kene som kommer ut av det. Det virker som om jeg knapt hadde satt meg ned f\u00f8r det forel\u00e5 seks romaner, skriver Knausg\u00e5rd og forklarer videre: <\/p>\n<p class=\"_paragraph_o9xde_4 _paragraph_xtcu6_10 layout-component text-serif-m layout-normal text-serif-m layout-padded\">\u2013 S\u00e5 er det den virkelige tiden \u2013 og n\u00e5r jeg ser p\u00e5 s\u00f8nnen min, skj\u00f8nner jeg hvor lang den egentlig har v\u00e6rt, han har rukket \u00e5 bli syv p\u00e5 den samme tiden! Men han har knapt sett meg jobbe \u2013 jeg skriver bare n\u00e5r barna er p\u00e5 skolen, fra ni til tre. Jeg skriver ikke i helgene, og ikke i feriene, sier han og legger til:<\/p>\n<p class=\"_paragraph_o9xde_4 _paragraph_xtcu6_10 layout-component text-serif-m layout-normal text-serif-m layout-padded\">\u2013 Poenget er at fem timer fem ganger i uken er mer enn nok tid til \u00e5 skrive en roman i \u00e5ret.<\/p>\n<p class=\"_paragraph_o9xde_4 _paragraph_xtcu6_10 layout-component text-serif-m layout-normal text-serif-m layout-padded\">P\u00e5 den m\u00e5ten kjenner han ikke p\u00e5 konflikt mellom \u00e5 skrive syv romaner p\u00e5 syv \u00e5r \u2013 og rollen som sm\u00e5barnsfar:<\/p>\n<p class=\"_paragraph_o9xde_4 _paragraph_xtcu6_10 layout-component text-serif-m layout-normal text-serif-m layout-padded\">\u2013 Jeg dras ikke mellom det i det hele tatt. Det ene beriker det andre og omvendt. \u00c5 v\u00e6re sm\u00e5barnsfar n\u00f8ytraliserer alle tanker og planer om litter\u00e6r storhet. Og takk og lov for det.<\/p>\n<p class=\"_paragraph_o9xde_4 _paragraph_xtcu6_10 layout-component text-serif-m layout-normal text-serif-m layout-padded\">\u2013 Hvordan skal du n\u00e5 n\u00f8ste opp tr\u00e5dene i Morgenstjerne-universet \u2013 og lande det hele?<\/p>\n<p class=\"_paragraph_o9xde_4 _paragraph_xtcu6_10 layout-component text-serif-m layout-normal text-serif-m layout-padded\">\u2013 Det aner jeg ingenting om. Jeg setter meg ned og begynner p\u00e5 side 1 og h\u00e5per det beste. Men jo lenger ut i serien jeg kommer, jo mer m\u00e5 jeg forholde meg til det som har skjedd f\u00f8r.<br \/>P\u00e5 en m\u00e5te blir det lettere da \u2013 den siste romanen skrev seg nesten helt selv.<\/p>\n<p class=\"_paragraph_o9xde_4 _paragraph_xtcu6_10 layout-component text-serif-m layout-normal text-serif-m layout-padded\">I tillegg mener han flaksen kommer inn som en faktor.<\/p>\n<p><img alt=\"Knausg\u00e5rd i nabolaget sitt, Hither Green s\u00f8r\u00f8st i London.   Foto: Nina E. Rang\u00f8y \/ VG\" class=\"_image_qp4xg_65 layout-component layout-normal\" data-fullscreen- data-track-element-type=\"Article image fullscreen\" data-track-name=\"ImageFullscreen\" decoding=\"async\" loading=\"lazy\" height=\"3718\" itemprop=\"image\"  src=\"https:\/\/www.europesays.com\/no\/wp-content\/uploads\/2025\/12\/a29e0137-ed26-49b9-a2c0-afa8212ca95b\"  style=\"object-position:0% 0%\" width=\"5223\"\/>Knausg\u00e5rd i nabolaget sitt, Hither Green s\u00f8r\u00f8st i London.   Foto: Nina E. Rang\u00f8y \/ VG<\/p>\n<p class=\"_paragraph_o9xde_4 _paragraph_xtcu6_10 layout-component text-serif-m layout-normal text-serif-m layout-padded\">\u2013 Jeg hadde ingen forklaring p\u00e5 noe av det som hendte av overnaturlige ting i b\u00f8kene, men en gang stanset jeg opp ved fysikkhyllen i en stor bokhandel, rasket med meg en ti, tolv b\u00f8ker jeg tenkte kunne komme til nytte en gang, og da jeg skrev \u00abJeg var lenge d\u00f8d\u00bb, kikket jeg litt i en av dem, og der, vet du, l\u00e5 det en helt fiks ferdig teori og ventet p\u00e5 meg. <\/p>\n<p class=\"_paragraph_o9xde_4 _paragraph_xtcu6_10 layout-component text-serif-m layout-normal text-serif-m layout-padded\">Teorien handler om hvordan det kan ha seg at tilfeldigheter finnes.<\/p>\n<p class=\"_paragraph_o9xde_4 _paragraph_xtcu6_10 layout-component text-serif-m layout-normal text-serif-m layout-padded\">\u2013 Og at de kanskje henger sammen p\u00e5 m\u00e5ter vi ikke forst\u00e5r, i en sammenheng som ligger s\u00e5 dypt under oss at vi bare ser toppene, alts\u00e5 tilfeldighetene &#8230; <\/p>\n<p class=\"_paragraph_o9xde_4 _paragraph_xtcu6_10 layout-component text-serif-m layout-normal text-serif-m layout-padded\"><strong class=\"_strong_o9xde_25\">\u2013 N\u00e5r jeg sier det, kan jeg nesten ikke vente p\u00e5 \u00e5 begynne \u00e5 skrive neste bok. <\/strong><\/p>\n<p class=\"_paragraph_o9xde_4 _paragraph_xtcu6_10 layout-component text-serif-m layout-normal text-serif-m layout-padded\">Til slutt r\u00f8per han at han har flere ideer til hvor veien g\u00e5r videre etter \u00abMorgenstjernen\u00bb er fullf\u00f8rt.<\/p>\n<p class=\"_paragraph_o9xde_4 _paragraph_xtcu6_10 layout-component text-serif-m layout-normal text-serif-m layout-padded\">\u2013 Jeg vet jo aldri hvordan b\u00f8kene blir, jeg vet bare hvor de begynner, og jeg har samlet opp en<br \/>del s\u00e5nne startsteder. S\u00e6rlig ett av dem gleder jeg meg til \u00e5 begynne p\u00e5, et vilt og m\u00f8rkt sted midt i det vanlige, norske hverdagslivet.<\/p>\n","protected":false},"excerpt":{"rendered":"Karl Ove Knausg\u00e5rd starter p\u00e5 siste boken i \u00abMorgenstjernen\u00bb-serien i januar. F\u00f8r skrivingen nyter han juletiden med familien&hellip;\n","protected":false},"author":2,"featured_media":119146,"comment_status":"","ping_status":"","sticky":false,"template":"","format":"standard","meta":{"footnotes":""},"categories":[10],"tags":[150,20,21,24,25,15,3475,22,23,152,13,30,28,29,14,16,26,27],"class_list":{"0":"post-119145","1":"post","2":"type-post","3":"status-publish","4":"format-standard","5":"has-post-thumbnail","7":"category-norge","8":"tag-bok","9":"tag-breaking-news","10":"tag-breakingnews","11":"tag-featured-news","12":"tag-featurednews","13":"tag-headlines","14":"tag-karl-ove-knausgard","15":"tag-latest-news","16":"tag-latestnews","17":"tag-litteratur","18":"tag-news","19":"tag-no","20":"tag-norge","21":"tag-norway","22":"tag-nyheter","23":"tag-overskrifter","24":"tag-top-stories","25":"tag-topstories"},"share_on_mastodon":{"url":"https:\/\/pubeurope.com\/@no\/115759712118153690","error":""},"_links":{"self":[{"href":"https:\/\/www.europesays.com\/no\/wp-json\/wp\/v2\/posts\/119145","targetHints":{"allow":["GET"]}}],"collection":[{"href":"https:\/\/www.europesays.com\/no\/wp-json\/wp\/v2\/posts"}],"about":[{"href":"https:\/\/www.europesays.com\/no\/wp-json\/wp\/v2\/types\/post"}],"author":[{"embeddable":true,"href":"https:\/\/www.europesays.com\/no\/wp-json\/wp\/v2\/users\/2"}],"replies":[{"embeddable":true,"href":"https:\/\/www.europesays.com\/no\/wp-json\/wp\/v2\/comments?post=119145"}],"version-history":[{"count":0,"href":"https:\/\/www.europesays.com\/no\/wp-json\/wp\/v2\/posts\/119145\/revisions"}],"wp:featuredmedia":[{"embeddable":true,"href":"https:\/\/www.europesays.com\/no\/wp-json\/wp\/v2\/media\/119146"}],"wp:attachment":[{"href":"https:\/\/www.europesays.com\/no\/wp-json\/wp\/v2\/media?parent=119145"}],"wp:term":[{"taxonomy":"category","embeddable":true,"href":"https:\/\/www.europesays.com\/no\/wp-json\/wp\/v2\/categories?post=119145"},{"taxonomy":"post_tag","embeddable":true,"href":"https:\/\/www.europesays.com\/no\/wp-json\/wp\/v2\/tags?post=119145"}],"curies":[{"name":"wp","href":"https:\/\/api.w.org\/{rel}","templated":true}]}}