{"id":119149,"date":"2025-12-21T21:37:10","date_gmt":"2025-12-21T21:37:10","guid":{"rendered":"https:\/\/www.europesays.com\/no\/119149\/"},"modified":"2025-12-21T21:37:10","modified_gmt":"2025-12-21T21:37:10","slug":"aleksandr-bolsjunov-i-ny-konflikt-ro-deg-ned","status":"publish","type":"post","link":"https:\/\/www.europesays.com\/no\/119149\/","title":{"rendered":"Aleksandr Bolsjunov i ny konflikt: \u2013 Ro deg ned"},"content":{"rendered":"\n<p class=\"_lead_o9xde_2 _lead_xtcu6_50 layout-component text-serif-m layout-normal text-serif-l layout-component layout-wide layout-padded _wide_17hqh_1 layout-padded\">Aleksandr Bolsjunov (28) sliter i russecupen og f\u00e5r kritikk etter \u00e5 ha boikottet en journalist. <\/p>\n<p><img alt=\"Bolsjunov fra da han gikk et turrenn i Italia sist vinter. Foto: Ole Kristian Str\u00f8m \/ VG\" class=\"_image_qp4xg_65 layout-component layout-wide\" data-fullscreen- data-track-element-type=\"Article image fullscreen\" data-track-name=\"ImageFullscreen\" fetchpriority=\"high\" decoding=\"sync\" loading=\"eager\" height=\"4284\" itemprop=\"image\"  src=\"https:\/\/www.europesays.com\/no\/wp-content\/uploads\/2025\/12\/35bcd1e3-8056-4823-9029-f58833e38b86\"  style=\"object-position:0% 0%\" width=\"5712\"\/>Bolsjunov fra da han gikk et turrenn i Italia sist vinter. Foto: Ole Kristian Str\u00f8m \/ VG<\/p>\n<ul aria-hidden=\"true\" class=\"_images_ntbth_112\">\n<li><a class=\"_link_ntbth_117\" href=\"https:\/\/www.vg.no\/forfatter\/herman-folvik\" style=\"z-index:1\" title=\"Herman Folvik\" rel=\"nofollow noopener\" target=\"_blank\"><img alt=\"Bilde av Herman Folvik\" class=\"_image_ntbth_93\" fetchpriority=\"low\" loading=\"lazy\" decoding=\"async\" itemprop=\"image\"  src=\"https:\/\/www.europesays.com\/no\/wp-content\/uploads\/2025\/12\/1766353029_801_b8d5eb91-9fa9-460c-b9f0-da310ffe35dd\"  width=\"480\"\/><\/a><\/li>\n<\/ul>\n<p> Oppdatert s\u00f8ndag 21. desember kl. 22:25    <\/p>\n<ul class=\"_list_o9xde_3 _list_64s2r_85 _unordered_o9xde_106 text-sans-m\">\n<li class=\"_item_o9xde_30\">Aleksandr Bolsjunov sliter i russecupen og f\u00e5r kritikk etter \u00e5 ha boikottet en journalist.<\/li>\n<li class=\"_item_o9xde_30\">Han ble suspendert etter \u00e5 ha skadet en konkurrent tidligere denne sesongen.<\/li>\n<li class=\"_item_o9xde_30\">TV-kommentator Dmitrij Guberniev og langrennspolitiker Sergey Kryanin ber Bolsjunov roe seg ned og oppf\u00f8re seg bedre.<\/li>\n<\/ul>\n<p>Vis mer <\/p>\n<p class=\"_paragraph_o9xde_4 _paragraph_xtcu6_10 layout-component text-serif-m layout-normal text-serif-m layout-padded\">Bolsjunov fikk suspensjon og mistet en konkurransehelg etter at han kj\u00f8rte ned og skadet konkurrenten Aleksandr Bakurov i sesong\u00e5pningen av den russiske skicupen for tre uker siden. Det vakte <a href=\"https:\/\/www.vg.no\/sport\/i\/V6lJdd\/aleksandr-bolsjunov-disket-etter-ny-skandale-helt-skammelig\" data-track-element-type=\"Link\" data-track-id=\"link:V6lJdd\" class=\"_link_o9xde_39\" rel=\"nofollow noopener\" target=\"_blank\">enorme reaksjoner i Russland.<\/a><\/p>\n<p class=\"_paragraph_o9xde_4 _paragraph_xtcu6_10 layout-component text-serif-m layout-normal text-serif-m layout-padded\"> \u00absurmulende barn\u00bb<\/p>\n<p class=\"_paragraph_o9xde_4 _paragraph_xtcu6_10 layout-component text-serif-m layout-normal text-serif-m layout-padded\">N\u00e5 er det nytt oppstyr rundt Bolsjunov etter hans avslag p\u00e5 \u00e5 stille opp i et intervju med journalisten Mikhail Gorevanov fra kanalen Match TV, som sender rennene fra den russiske cupen, etter en fjerdeplass p\u00e5 en sprint i helgen. sprint i helgen.Aleksandr Terentjev vant foran Konstantin Tjunov og Sergej Ardashev. <\/p>\n<p class=\"_paragraph_o9xde_4 _paragraph_xtcu6_10 layout-component text-serif-m layout-normal text-serif-m layout-padded\">Gorevanov publiserte selv seansen der han henvendte seg til Bolsjunov p\u00e5 sosiale medier. <\/p>\n<p class=\"_paragraph_o9xde_4 _paragraph_xtcu6_10 layout-component text-serif-m layout-normal text-serif-m layout-padded\">\u2013 Du trenger ikke Bolsjunov for \u00e5 bli ber\u00f8mt. Hold deg opptatt bare, gj\u00f8r gode intervjuer, s\u00e5 vil folk kjenne deg igjen, sa Bolsjunov syrlig.<\/p>\n<p class=\"_paragraph_o9xde_4 _paragraph_xtcu6_10 layout-component text-serif-m layout-normal text-serif-m layout-padded\">\u2013 Du vil bare dytte Bolsjunov en vei slik at seertallene dine blir h\u00f8yere. Adj\u00f8. Jeg skal prate til normale, gode folk, fortsatte Bolsjunov.<\/p>\n<p class=\"_paragraph_o9xde_4 _paragraph_xtcu6_10 layout-component text-serif-m layout-normal text-serif-m layout-padded\">Den kjente TV-kommentatoren i Russland, Dmitrij Guberniev, ber Bolsjunov ta seg sammen. <\/p>\n<p class=\"_paragraph_o9xde_4 _paragraph_xtcu6_10 layout-component text-serif-m layout-normal text-serif-m layout-padded\">\u2013 Det er noe som skjer med ham. Du kan ikke oppf\u00f8re deg hysterisk og anklage ham for PR. Hva skriker du om? Vi er alle der bare for PR selvf\u00f8lgelig. Hvor ville mesterne v\u00e6rt om det ikke fantes journalister? S\u00e5 jeg m\u00e5 si det igjen: SasjaSasjaKallenavnet til Bolsjunov i Russland., ro deg ned. Vi elsker deg veldig h\u00f8yt, men ro deg ned, sier Guberniev til avisen Sport Express. <\/p>\n<p class=\"_paragraph_o9xde_4 _paragraph_xtcu6_10 layout-component text-serif-m layout-normal text-serif-m layout-padded\">\u2013 Det oppr\u00f8rer meg at han noen ganger oppf\u00f8rer seg som et surmulende barn. <\/p>\n<p><img alt=\"TV-kommentator  Dmitrij Guberniev til venstre. Her fra 2017.  Foto: Jostein Magnussen \/ VG\" class=\"_image_qp4xg_65 layout-component layout-normal\" data-fullscreen- data-track-element-type=\"Article image fullscreen\" data-track-name=\"ImageFullscreen\" decoding=\"async\" loading=\"lazy\" height=\"2777\" itemprop=\"image\"  src=\"https:\/\/www.europesays.com\/no\/wp-content\/uploads\/2025\/12\/2ca59b65-aa73-495f-a022-52329c78b896\"  style=\"object-position:0% 0%\" width=\"4645\"\/>TV-kommentator  Dmitrij Guberniev til venstre. Her fra 2017.  Foto: Jostein Magnussen \/ VG<\/p>\n<p class=\"_paragraph_o9xde_4 _paragraph_xtcu6_10 layout-component text-serif-m layout-normal text-serif-m layout-padded\">Resultatene til Bolsjunov skaper ogs\u00e5 negative reaksjoner. Ti l\u00f8p inn i sesongen st\u00e5r OL-kongen fra 2022 fortsatt uten en eneste seier. <\/p>\n<p class=\"_paragraph_o9xde_4 _paragraph_xtcu6_10 layout-component text-serif-m layout-normal text-serif-m layout-padded\">Tidligere i desember fikk han kritikk for \u00e5 droppe en premieseremoni etter at han ble nummer to bak <a href=\"https:\/\/www.vg.no\/sport\/i\/6qne78\/det-russiske-stortalentet-savelij-korostelev-klar-for-verdenscupen-i-davos-ikke-saann-at-jeg-skjelver-eller-er-redd\" data-track-element-type=\"Link\" data-track-id=\"link:6qne78\" class=\"_link_o9xde_39\" rel=\"nofollow noopener\" target=\"_blank\">OL-klare Savelij Korostelev.<\/a><\/p>\n<p class=\"_paragraph_o9xde_4 _paragraph_xtcu6_10 layout-component text-serif-m layout-normal text-serif-m layout-padded\">\u2013 Han takler ikke presset og oppf\u00f8rer seg upassende. Han m\u00e5 ta seg sammen, sier Guberniev. <\/p>\n<p class=\"_paragraph_o9xde_4 _paragraph_xtcu6_10 layout-component text-serif-m layout-normal text-serif-m layout-padded\">Sergey Kryanin, styremedlem i den russiske langrennsforbundet, rykket ut etter at videoen av Bolsjunov og journalisten Gorevanov ble spredt. <\/p>\n<p class=\"_paragraph_o9xde_4 _paragraph_xtcu6_10 layout-component text-serif-m layout-normal text-serif-m layout-padded\">\u2013 Dette er ikke m\u00e5ten \u00e5 oppf\u00f8re seg p\u00e5. Vi m\u00e5 m\u00f8te alle med vennlighet og pr\u00f8ve \u00e5 skape en god forbindelse. Vi m\u00e5 starte kommunikasjonen fra et sted med vennlighet, sier Kryanin if\u00f8lge Sport Express.<\/p>\n<p class=\"_paragraph_o9xde_4 _paragraph_xtcu6_10 layout-component text-serif-m layout-normal text-serif-m layout-padded\">Han anbefaler Bolsjunov \u00e5 holde seg unna telefon. <\/p>\n<p class=\"_paragraph_o9xde_4 _paragraph_xtcu6_10 layout-component text-serif-m layout-normal text-serif-m layout-padded\">\u2013 Informasjonsflyten der ute kan noen ganger gj\u00f8re en idrettsut\u00f8ver enda mer deprimert. Kanskje Alexander b\u00f8r legge bort telefonen sin i tre uker. Informasjonen som er tilgjengelig der ute er ikke den beste innflytelsen for ham, sier Kryanin. <\/p>\n<p><img alt=\"Jurij Borodavko er treneren til Bolsjunov.   Foto: Torstein B\u00f8e \/ NTB\" class=\"_image_qp4xg_65 layout-component layout-normal\" data-fullscreen- data-track-element-type=\"Article image fullscreen\" data-track-name=\"ImageFullscreen\" decoding=\"async\" loading=\"lazy\" height=\"3518\" itemprop=\"image\"  src=\"https:\/\/www.europesays.com\/no\/wp-content\/uploads\/2025\/12\/d463e593-19cf-45bb-8808-f3d359b0821e\"  style=\"object-position:0% 0%\" width=\"5277\"\/>Jurij Borodavko er treneren til Bolsjunov.   Foto: Torstein B\u00f8e \/ NTB<\/p>\n<p class=\"_paragraph_o9xde_4 _paragraph_xtcu6_10 layout-component text-serif-m layout-normal text-serif-m layout-padded\">Jurij Borodavko, treneren til Bolsjunov, mener publiseringen av klippet til journalisten viser at han \u00f8nsket \u00e5 provosere skistjernen til sitt eget beste. <\/p>\n<p class=\"_paragraph_o9xde_4 _paragraph_xtcu6_10 layout-component text-serif-m layout-normal text-serif-m layout-padded\">\u2013 Hvis det ikke var et \u00f8nske om \u00e5 provosere, ville det ikke blitt publisert, sier Borodavko til nettavisen Championat.<\/p>\n<p class=\"_paragraph_o9xde_4 _paragraph_xtcu6_10 layout-component text-serif-m layout-normal text-serif-m layout-padded\">\u2013 Jeg vil r\u00e5de journalistene til \u00e5 roe seg ned og ikke provosere Aleksandr. La ham v\u00e6re i fred. Da vil alt g\u00e5 bra. Jeg tror Aleksandr gradvis vil tilpasse seg og med resultatene vil selvtilliten komme og alt ordne seg. Jeg ville ikke overdramatisert situasjonen. <\/p>\n<p class=\"_paragraph_o9xde_4 _paragraph_xtcu6_10 layout-component text-serif-m layout-normal text-serif-m layout-padded\">Bolsjunov er kaptein i nasjonalgarden til president Vladimir Putin. Han er derfor uaktuell for OL og verdenscup denne vinteren. Russerne har i stor grad v\u00e6rt utestengt av internasjonal idrett siden nasjonen gikk til krig mot Ukraina i 2022. <\/p>\n","protected":false},"excerpt":{"rendered":"Aleksandr Bolsjunov (28) sliter i russecupen og f\u00e5r kritikk etter \u00e5 ha boikottet en journalist. Bolsjunov fra da&hellip;\n","protected":false},"author":2,"featured_media":119150,"comment_status":"","ping_status":"","sticky":false,"template":"","format":"standard","meta":{"footnotes":""},"categories":[59],"tags":[9502,398,30,28,29,83,82,399],"class_list":{"0":"post-119149","1":"post","2":"type-post","3":"status-publish","4":"format-standard","5":"has-post-thumbnail","7":"category-sport","8":"tag-aleksandr-bolsjunov","9":"tag-langrenn","10":"tag-no","11":"tag-norge","12":"tag-norway","13":"tag-sport","14":"tag-sports","15":"tag-vintersport"},"share_on_mastodon":{"url":"https:\/\/pubeurope.com\/@no\/115759719853084361","error":""},"_links":{"self":[{"href":"https:\/\/www.europesays.com\/no\/wp-json\/wp\/v2\/posts\/119149","targetHints":{"allow":["GET"]}}],"collection":[{"href":"https:\/\/www.europesays.com\/no\/wp-json\/wp\/v2\/posts"}],"about":[{"href":"https:\/\/www.europesays.com\/no\/wp-json\/wp\/v2\/types\/post"}],"author":[{"embeddable":true,"href":"https:\/\/www.europesays.com\/no\/wp-json\/wp\/v2\/users\/2"}],"replies":[{"embeddable":true,"href":"https:\/\/www.europesays.com\/no\/wp-json\/wp\/v2\/comments?post=119149"}],"version-history":[{"count":0,"href":"https:\/\/www.europesays.com\/no\/wp-json\/wp\/v2\/posts\/119149\/revisions"}],"wp:featuredmedia":[{"embeddable":true,"href":"https:\/\/www.europesays.com\/no\/wp-json\/wp\/v2\/media\/119150"}],"wp:attachment":[{"href":"https:\/\/www.europesays.com\/no\/wp-json\/wp\/v2\/media?parent=119149"}],"wp:term":[{"taxonomy":"category","embeddable":true,"href":"https:\/\/www.europesays.com\/no\/wp-json\/wp\/v2\/categories?post=119149"},{"taxonomy":"post_tag","embeddable":true,"href":"https:\/\/www.europesays.com\/no\/wp-json\/wp\/v2\/tags?post=119149"}],"curies":[{"name":"wp","href":"https:\/\/api.w.org\/{rel}","templated":true}]}}