{"id":119163,"date":"2025-12-21T21:49:16","date_gmt":"2025-12-21T21:49:16","guid":{"rendered":"https:\/\/www.europesays.com\/no\/119163\/"},"modified":"2025-12-21T21:49:16","modified_gmt":"2025-12-21T21:49:16","slug":"nar-lofter-brytes-og-makt-trumfer-folk-i-somna","status":"publish","type":"post","link":"https:\/\/www.europesays.com\/no\/119163\/","title":{"rendered":"N\u00e5r l\u00f8fter brytes og makt trumfer folk i S\u00f8mna"},"content":{"rendered":"<p>Budsjettm\u00f8tet i S\u00f8mna kommunestyre 18. desember 2025 burde handlet om hvordan vi sammen tar kommunen trygt gjennom krevende tider. I stedet ble det et m\u00f8te som reiser alvorlige sp\u00f8rsm\u00e5l om demokrati, \u00f8konomisk ansvar og respekt for innbyggerne.<\/p>\n<p>Som gruppeleder for Senterpartiet reagerer jeg sterkt p\u00e5 m\u00e5ten m\u00f8tet ble ledet p\u00e5. Flere ganger fors\u00f8kte ordf\u00f8reren \u00e5 hindre mindretallet i \u00e5 fremme et alternativt budsjettforslag. I et demokrati skal uenighet f\u00e5 komme fram. Ordf\u00f8reren er valgt for \u00e5 lede m\u00f8tene p\u00e5 vegne av hele kommunestyret \u2013 ikke for \u00e5 true eller presse mindretallet til taushet.<\/p>\n<p><strong>\u00abVi skal f\u00e5 orden p\u00e5 \u00f8konomien\u00bb<\/strong><\/p>\n<p>Da Senterpartiet ledet S\u00f8mna kommune i perioden 2019\u20132023, bygget vi opp betydelige fond. Det gjorde vi fordi vi visste at kommunen ville m\u00f8te t\u00f8ffere tider med f\u00e6rre barn og flere eldre. Dette ble vi kraftig kritisert for av dav\u00e6rende opposisjon.<\/p>\n<p>P\u00e5 folkem\u00f8tet\u00a0i\u00a0Vik rett f\u00f8r valget uttalte dav\u00e6rende opposisjonsleder,\u00a0Gunder Str\u00f8mberg:<\/p>\n<p>\u00abJeg er veldig opptatt av at vi skal f\u00e5 et skifte, og f\u00e5 orden p\u00e5 \u00f8konomien.\u00bb<\/p>\n<p>Videre kritiserte han at kommunen hadde penger p\u00e5 fond:<\/p>\n<p>\u00abDette er penger vi skal bruke p\u00e5 tjenester til innbyggerne. De skal ikke st\u00e5 p\u00e5 bok hos banken.\u00bb<\/p>\n<p>I dag, snart i 2026, kan vi konstatere at disse pengene i stor grad er brukt opp \u2013 uten at innbyggerne har f\u00e5tt flere eller bedre tjenester. Tvert imot. Etter to \u00e5r med tosifrede underskudd er kommunen p\u00e5 vei mot ROBEK. Et enkelt regnestykke viser at dagens politiske ledelse har kostet S\u00f8mna kommune over 40 millioner bare p\u00e5 to \u00e5r. Det er en regning som n\u00e5 sendes videre til innbyggerne.<\/p>\n<p><strong>\u00abIkke eldre mot unger\u00bb<\/strong><\/p>\n<p>Varaordf\u00f8rer Simen Gar\u00e5s var ogs\u00e5 tydelig f\u00f8r valget. P\u00e5 samme folkem\u00f8te uttalte han:<\/p>\n<p>\u00abDet er ikke n\u00f8dvendig \u00e5 sette eldre opp mot unger.\u00bb<\/p>\n<p>Da han ble spurt om hvor det kunne kuttes dersom kommunen m\u00e5tte spare 25 millioner kroner, var svaret klart:<\/p>\n<p>\u00abIkke p\u00e5 oppvekst og helse \u2013 da m\u00e5 vi kutte p\u00e5 noe annet.\u00bb<\/p>\n<p>I dag ser vi fasiten. Det er nettopp oppvekst som rammes, der ogs\u00e5 flere stillinger fjernes.\u00a0Den nye barnehagen i Vik og skolen p\u00e5 Berg er vedtatt\u00a0lagt ned,\u00a0\u2013 et oppvekstmilj\u00f8 som har v\u00e6rt viktig\u00a0b\u00e5de\u00a0for S\u00f8mna,\u00a0men ogs\u00e5 for familier i Br\u00f8nn\u00f8y kommune.<\/p>\n<p><strong>Et alvorlig vedtak uten forsvarlig grunnlag<\/strong><\/p>\n<p>\u00c5 legge ned en skole er et av de mest inngripende vedtakene et kommunestyre kan fatte. Da kreves grundige og etterpr\u00f8vbare utredninger. Barnas beste skal veie tyngst. Reisevei, skyss,\u00a0l\u00e6ringsmilj\u00f8 og \u00f8konomi p\u00e5 kort og lang sikt m\u00e5 vurderes. Foreldre, ansatte og lokalsamfunn m\u00e5 f\u00e5 reell mulighet til \u00e5 si sin mening.<\/p>\n<p>Det er vanskelig \u00e5 se at dette er gjort f\u00f8r flertallsvedtaket i budsjettm\u00f8tet.<\/p>\n<p>Situasjonen blir enda mer alvorlig n\u00e5r vi vet at kommunen st\u00e5r uten fast kommunedirekt\u00f8r fram til 1. mai, og uten kommunalsjef for oppvekst. \u00c5 gjennomf\u00f8re s\u00e5 store endringer i en slik situasjon er etter Senterpartiets syn uforsvarlig.<\/p>\n<p><strong>Taushet der kritikken f\u00f8r var h\u00f8y<\/strong><\/p>\n<p>Det er ogs\u00e5 p\u00e5fallende stille fra R\u00f8dt, som f\u00f8r valget var blant de tydeligste kritikerne av tjenestekutt. I 2022 lovet Viktor Stein, p\u00e5 vegne av partiet,\u00a0\u00e5 styrke opposisjonen og f\u00f8re kommunen \u00abtilbake p\u00e5 rett spor\u00bb. I dag har ogs\u00e5 R\u00f8dt sluttet seg til et flertall som legger ned skole og barnehage. Samtidig som administrasjonsutgiftene er langt h\u00f8yere enn i sammenlignbare kommuner.<\/p>\n<p><strong>Et klart krav<\/strong><\/p>\n<p>Senterpartiet vil kreve at vedtakene om endringer i skole- og barnehagestrukturen utsettes, slik at de kan utredes skikkelig og med \u00e5pen og reell involvering av dem som ber\u00f8res, og der det ogs\u00e5 legges vekt p\u00e5 god involvering av de tillitsvalgte i tr\u00e5d med lov og avtaleverk.<\/p>\n<p>Ordf\u00f8rer Gunder Str\u00f8mberg har i det siste v\u00e6rt tydelig og engasjert i kampen for ambulansetjenesten i S\u00f8mna. Det er bra. Men troverdighet bygges ogs\u00e5 hjemme. N\u00e5r man legger ned skole og barnehage uten forsvarlig utredning, og samtidig overkj\u00f8rer halvparten av kommunestyret, svekkes tilliten.<\/p>\n<p>Senterpartiet vil, sammen med Arbeiderpartiet, arbeide videre for \u00e5 sikre forsvarlige tjenester innenfor de \u00f8konomiske rammene vi faktisk har. Det er krevende \u2013 men det m\u00e5 gj\u00f8res med ansvarlighet, \u00e5penhet og respekt for folk.<\/p>\n<p>Det er fortsatt mulig \u00e5 snu. Men da m\u00e5 l\u00f8fter bety noe \u2013 ogs\u00e5 etter\u00a0et\u00a0valg.<\/p>\n<p><strong>Liv-Marit H. Reitan<\/strong><\/p>\n<p><strong>Gruppeleder for S\u00f8mna Senterparti<\/strong><\/p>\n","protected":false},"excerpt":{"rendered":"Budsjettm\u00f8tet i S\u00f8mna kommunestyre 18. desember 2025 burde handlet om hvordan vi sammen tar kommunen trygt gjennom krevende&hellip;\n","protected":false},"author":2,"featured_media":119164,"comment_status":"","ping_status":"","sticky":false,"template":"","format":"standard","meta":{"footnotes":""},"categories":[10],"tags":[20,21,2812,24,25,15,7573,22,23,13,30,28,29,14,16,13902,26,27],"class_list":{"0":"post-119163","1":"post","2":"type-post","3":"status-publish","4":"format-standard","5":"has-post-thumbnail","7":"category-norge","8":"tag-breaking-news","9":"tag-breakingnews","10":"tag-budsjett","11":"tag-featured-news","12":"tag-featurednews","13":"tag-headlines","14":"tag-kommunestyret","15":"tag-latest-news","16":"tag-latestnews","17":"tag-news","18":"tag-no","19":"tag-norge","20":"tag-norway","21":"tag-nyheter","22":"tag-overskrifter","23":"tag-somna","24":"tag-top-stories","25":"tag-topstories"},"share_on_mastodon":{"url":"https:\/\/pubeurope.com\/@no\/115759767013920084","error":""},"_links":{"self":[{"href":"https:\/\/www.europesays.com\/no\/wp-json\/wp\/v2\/posts\/119163","targetHints":{"allow":["GET"]}}],"collection":[{"href":"https:\/\/www.europesays.com\/no\/wp-json\/wp\/v2\/posts"}],"about":[{"href":"https:\/\/www.europesays.com\/no\/wp-json\/wp\/v2\/types\/post"}],"author":[{"embeddable":true,"href":"https:\/\/www.europesays.com\/no\/wp-json\/wp\/v2\/users\/2"}],"replies":[{"embeddable":true,"href":"https:\/\/www.europesays.com\/no\/wp-json\/wp\/v2\/comments?post=119163"}],"version-history":[{"count":0,"href":"https:\/\/www.europesays.com\/no\/wp-json\/wp\/v2\/posts\/119163\/revisions"}],"wp:featuredmedia":[{"embeddable":true,"href":"https:\/\/www.europesays.com\/no\/wp-json\/wp\/v2\/media\/119164"}],"wp:attachment":[{"href":"https:\/\/www.europesays.com\/no\/wp-json\/wp\/v2\/media?parent=119163"}],"wp:term":[{"taxonomy":"category","embeddable":true,"href":"https:\/\/www.europesays.com\/no\/wp-json\/wp\/v2\/categories?post=119163"},{"taxonomy":"post_tag","embeddable":true,"href":"https:\/\/www.europesays.com\/no\/wp-json\/wp\/v2\/tags?post=119163"}],"curies":[{"name":"wp","href":"https:\/\/api.w.org\/{rel}","templated":true}]}}