{"id":119165,"date":"2025-12-21T21:50:20","date_gmt":"2025-12-21T21:50:20","guid":{"rendered":"https:\/\/www.europesays.com\/no\/119165\/"},"modified":"2025-12-21T21:50:20","modified_gmt":"2025-12-21T21:50:20","slug":"vaer-jul-ikke-helt-hvit-jul-men-nesten","status":"publish","type":"post","link":"https:\/\/www.europesays.com\/no\/119165\/","title":{"rendered":"V\u00e6r, Jul | Ikke helt hvit jul, men nesten \u2026\u00a0"},"content":{"rendered":"\n<p>\u2013 Det blir lite v\u00e6r, oppsummerer vakthavende statsmeteorolog Bente Wahl ved Meteorologisk institutt s\u00f8ndag ettermiddag.<\/p>\n<p>Og med \u00ablite\u00bb mener hun et relativt stabilt og pent v\u00e6r.<\/p>\n<p><b>\u2013 Det er et h\u00f8ytrykk som n\u00e5 bygger seg opp, og slik det ser ut n\u00e5 s\u00e5 blir h\u00f8ytrykket liggende godt utover i romjulen. Det betyr opphold og mye sol. <\/b><\/p>\n<p>Men:<\/p>\n<p><b>\u2013 Det eneste som kan \u00f8delegge litt er t\u00e5ke enkelte steder, spesielt n\u00e6r \u00e5pent vann, forklarer hun.<\/b><\/p>\n<p>   <img decoding=\"async\" width=\"4032\" height=\"3024\" fetchpriority=\"low\"  loading=\"lazy\"  src=\"https:\/\/www.europesays.com\/no\/wp-content\/uploads\/2025\/12\/image_B47ACD96-72FB-42E4-9B57-9038592BA292_1766311590.heic\" alt=\"\" class=\"brick-c-cFOWSL\" style=\"--brick-image-ratio: 4032 \/ 3024;\"\/><\/p>\n<p>      Frost p\u00e5 bakken.<br \/>\n      Foto: Tom Erik R\u00f8nningen\n    <\/p>\n<p>  <a href=\"https:\/\/www.tb.no\/5-76-2751684\" class=\"related-teaser has-image default-story-teaser article--c-eRUmMG article--c-eRUmMG-jKCPdD-design-default\" rel=\"nofollow noopener\" target=\"_blank\"><\/p>\n<p>    <img decoding=\"async\" loading=\"lazy\"  src=\"https:\/\/www.europesays.com\/no\/wp-content\/uploads\/2025\/12\/image_5A9F5024-7204-4716-90FA-E0ADE6EE338F_1766004224.heic\" alt=\"\" class=\"brick-c-cFOWSL\" style=\"\"\/><\/p>\n<p>\n            Les ogs\u00e5<\/p>\n<p>              \u00abHeteb\u00f8lgen\u00bb i desember overrasker: \u2013 Det er uvanlig!\n        <\/p>\n<p>  <\/a><br \/>\n  Kaldere<\/p>\n<p>H\u00f8ytrykket bidrar ogs\u00e5 til at vi ogs\u00e5 f\u00e5r noen minusgrader \u00e5 rutte med, etter en desember preget av mildv\u00e6r og mye regn.<\/p>\n<p><b>\u2013 N\u00e5 blir det helt normale temperaturer for \u00e5rstiden, mellom null og noen minusgrader, sier Wahl og presiserer at det er greit \u00e5 huske p\u00e5 at det kan bli veldig glatt p\u00e5 veiene enkelt steder.<\/b><\/p>\n<p>Noen som er ekstra takknemlig for minusgrader er Tom Horntvedt og resten av gjengen i Stor\u00e5s som lager sn\u00f8 for de skiinteresserte. Der startet de <a class=\"simple-relation related-teaser article--c-eRUmMG article--c-eRUmMG-jKCPdD-design-default article--c-eRUmMG-iBPVJb-cv\" href=\"https:\/\/www.tb.no\/endelig-kom-det-tom-har-ventet-pa\/s\/5-76-2754547\" rel=\"nofollow noopener\" target=\"_blank\">sn\u00f8kanonene igjen<\/a> etter at sn\u00f8en de hadde produsert <a class=\"simple-relation related-teaser article--c-eRUmMG article--c-eRUmMG-jKCPdD-design-default article--c-eRUmMG-iBPVJb-cv\" href=\"https:\/\/www.tb.no\/nedslaende-beskjed-ikke-forsvarlig\/s\/5-76-2749841\" rel=\"nofollow noopener\" target=\"_blank\">forsvant med mildv\u00e6ret.<\/a><\/p>\n<p>\u2013 Der kan de kj\u00f8re sn\u00f8kanoner hver dag fremover, for dette vil trolig holde seg hele romjulen. Eneste vi er litt usikre p\u00e5 er hvordan det blir i helgen f\u00f8r nytt\u00e5rsaften, sier hun.<\/p>\n<p>\u2013 N\u00e5 er vi optimister, sier <a class=\"simple-relation related-teaser article--c-eRUmMG article--c-eRUmMG-jKCPdD-design-default article--c-eRUmMG-iBPVJb-cv\" href=\"https:\/\/www.tb.no\/endelig-kom-det-tom-har-ventet-pa\/s\/5-76-2754547\" rel=\"nofollow noopener\" target=\"_blank\">Tom Horntvedt<\/a> til T\u00f8nsbergs Blad.<\/p>\n<p>   <img decoding=\"async\" width=\"3023\" height=\"2089\" fetchpriority=\"low\"  loading=\"lazy\"  src=\"https:\/\/www.europesays.com\/no\/wp-content\/uploads\/2025\/12\/sn%C3%B8produksjon_stor%C3%A5s.jpg\" alt=\"\" class=\"brick-c-cFOWSL\" style=\"--brick-image-ratio: 3023 \/ 2089;\"\/><\/p>\n<p>      SN\u00d8: I Stor\u00e5s skianlegg blir det hvit jul.<br \/>\n      Foto: Privat\n    <\/p>\n<p>Det n\u00e6rmeste vi kommer hvit jul er dermed frost p\u00e5 bakken. Det er hvert fall slik det ser ut i skrivende stund. Men skal vi tro v\u00e5r uh\u00f8ytidelige sp\u00f8rreunders\u00f8kelse i forbindelse med en <a class=\"simple-relation related-teaser article--c-eRUmMG article--c-eRUmMG-jKCPdD-design-default article--c-eRUmMG-iBPVJb-cv\" href=\"https:\/\/www.tb.no\/mokkavaret-blir-kortvarig-men-hvordan-blir-julevaret-ser-ikke-sa-verst-ut\/s\/5-76-2753751\" rel=\"nofollow noopener\" target=\"_blank\">v\u00e6rsak vi hadde nylig<\/a>, s\u00e5 synes ikke alle det er s\u00e5 veldig viktig med hvit jul.<\/p>\n<p>   <img decoding=\"async\" width=\"1141\" height=\"340\" fetchpriority=\"low\"  loading=\"lazy\"  src=\"https:\/\/www.europesays.com\/no\/wp-content\/uploads\/2025\/12\/Skjermbilde+2025-12-21+160641.png\" alt=\"\" class=\"brick-c-cFOWSL\" style=\"--brick-image-ratio: 1141 \/ 340;\"\/><\/p>\n<p>      VI SPURTE: \u2013 Hvor viktig er hvit jul for deg? 366 stemmer er registrert i den uh\u00f8ytidelig sp\u00f8rrunders\u00f8kelsen.<br \/>\n      Foto: Skjermdump fra TB\n    <\/p>\n<p>   <img decoding=\"async\" width=\"4032\" height=\"3024\" fetchpriority=\"low\"  loading=\"lazy\"  src=\"https:\/\/www.europesays.com\/no\/wp-content\/uploads\/2025\/12\/image_DACFC7A5-5E50-45B8-8C4C-B59387CA66A8_1766311590.heic\" alt=\"\" class=\"brick-c-cFOWSL\" style=\"--brick-image-ratio: 4032 \/ 3024;\"\/><\/p>\n<p>      TOMSBAKKEN: Generelt kan det v\u00e6re glatt fremover, s\u00e5 kj\u00f8r forsiktig er oppfordringen fra meteorologen.<br \/>\n      Foto: Tom Erik R\u00f8nningen\n    <\/p>\n<p>  <a href=\"https:\/\/www.tb.no\/5-76-2754547\" class=\"related-teaser has-image default-story-teaser article--c-eRUmMG article--c-eRUmMG-jKCPdD-design-default\" rel=\"nofollow noopener\" target=\"_blank\"><\/p>\n<p>    <img decoding=\"async\" loading=\"lazy\"  src=\"https:\/\/www.europesays.com\/no\/wp-content\/uploads\/2025\/12\/1766353819_571_sn%C3%B8produksjon_stor%C3%A5s.jpg\" alt=\"\" class=\"brick-c-cFOWSL\" style=\"\"\/><\/p>\n<p>\n            Les ogs\u00e5<\/p>\n<p>              Endelig kom det Tom har ventet p\u00e5\n        <\/p>\n<p>  <\/a><\/p>\n<p>  <a href=\"https:\/\/www.tb.no\/5-76-2753995\" class=\"related-teaser has-image default-story-teaser article--c-eRUmMG article--c-eRUmMG-jKCPdD-design-default\" rel=\"nofollow noopener\" target=\"_blank\"><\/p>\n<p>    <img decoding=\"async\" loading=\"lazy\"  src=\"https:\/\/www.europesays.com\/no\/wp-content\/uploads\/2025\/12\/image_BC2B6845-30EF-47B0-8451-790E5D2AC217_1766238031.heic\" alt=\"\" class=\"brick-c-cFOWSL\" style=\"\"\/><\/p>\n<p>\n            Les ogs\u00e5<\/p>\n<p>              God f\u00f8rjulsstemning p\u00e5 Torvet: \u2013 Filmen er ikke skummel, men kul\n        <\/p>\n<p>  <\/a><\/p>\n","protected":false},"excerpt":{"rendered":"\u2013 Det blir lite v\u00e6r, oppsummerer vakthavende statsmeteorolog Bente Wahl ved Meteorologisk institutt s\u00f8ndag ettermiddag. Og med \u00ablite\u00bb&hellip;\n","protected":false},"author":2,"featured_media":119166,"comment_status":"","ping_status":"","sticky":false,"template":"","format":"standard","meta":{"footnotes":""},"categories":[5],"tags":[36,20,21,962,24,25,15,19,5593,22,23,17,18,13,30,28,29,14,16,1510,26,27,431,553],"class_list":{"0":"post-119165","1":"post","2":"type-post","3":"status-publish","4":"format-standard","5":"has-post-thumbnail","7":"category-overskrifter","8":"tag-art","9":"tag-breaking-news","10":"tag-breakingnews","11":"tag-faerder","12":"tag-featured-news","13":"tag-featurednews","14":"tag-headlines","15":"tag-hovedoppslag","16":"tag-jul","17":"tag-latest-news","18":"tag-latestnews","19":"tag-main-news","20":"tag-mainnews","21":"tag-news","22":"tag-no","23":"tag-norge","24":"tag-norway","25":"tag-nyheter","26":"tag-overskrifter","27":"tag-story","28":"tag-top-stories","29":"tag-topstories","30":"tag-tonsberg","31":"tag-vaer"},"share_on_mastodon":{"url":"https:\/\/pubeurope.com\/@no\/115759770941731202","error":""},"_links":{"self":[{"href":"https:\/\/www.europesays.com\/no\/wp-json\/wp\/v2\/posts\/119165","targetHints":{"allow":["GET"]}}],"collection":[{"href":"https:\/\/www.europesays.com\/no\/wp-json\/wp\/v2\/posts"}],"about":[{"href":"https:\/\/www.europesays.com\/no\/wp-json\/wp\/v2\/types\/post"}],"author":[{"embeddable":true,"href":"https:\/\/www.europesays.com\/no\/wp-json\/wp\/v2\/users\/2"}],"replies":[{"embeddable":true,"href":"https:\/\/www.europesays.com\/no\/wp-json\/wp\/v2\/comments?post=119165"}],"version-history":[{"count":0,"href":"https:\/\/www.europesays.com\/no\/wp-json\/wp\/v2\/posts\/119165\/revisions"}],"wp:featuredmedia":[{"embeddable":true,"href":"https:\/\/www.europesays.com\/no\/wp-json\/wp\/v2\/media\/119166"}],"wp:attachment":[{"href":"https:\/\/www.europesays.com\/no\/wp-json\/wp\/v2\/media?parent=119165"}],"wp:term":[{"taxonomy":"category","embeddable":true,"href":"https:\/\/www.europesays.com\/no\/wp-json\/wp\/v2\/categories?post=119165"},{"taxonomy":"post_tag","embeddable":true,"href":"https:\/\/www.europesays.com\/no\/wp-json\/wp\/v2\/tags?post=119165"}],"curies":[{"name":"wp","href":"https:\/\/api.w.org\/{rel}","templated":true}]}}