{"id":119179,"date":"2025-12-21T22:25:08","date_gmt":"2025-12-21T22:25:08","guid":{"rendered":"https:\/\/www.europesays.com\/no\/119179\/"},"modified":"2025-12-21T22:25:08","modified_gmt":"2025-12-21T22:25:08","slug":"tove-moe-dyrhaug-nm-langrenn-moe-dyrhaug-gir-seg-som-skipresident","status":"publish","type":"post","link":"https:\/\/www.europesays.com\/no\/119179\/","title":{"rendered":"Tove Moe Dyrhaug, NM-langrenn | \u2013 Moe Dyrhaug gir seg som skipresident"},"content":{"rendered":"\n<p>Skipresident Tove Moe Dyrhaug har gitt valgkomiteen beskjed om at hun ikke vil v\u00e6re disponibel for gjenvalg.<\/p>\n<p>Det melder <a href=\"https:\/\/www.aftenposten.no\/sport\/i\/16nMMX\/gir-seg-som-skipresident\" rel=\"Follow nofollow noopener\" target=\"_blank\">Adresseavisen<\/a>.<\/p>\n<p>Dermed skal det etter alt \u00e5 d\u00f8mme velges ny skipresident p\u00e5 Skitinget juni.<\/p>\n<p>Moe Dyrhaug har ikke besvart Nettavisens henvendelser s\u00f8ndag.<\/p>\n<p>Dyrhaug har v\u00e6rt skipresident siden sommeren 2022 og ble valgt inn etter 18 \u00e5r i Rosenborg BK.<\/p>\n<p>Der var Dyrhaug f\u00f8rst markedssjef, men i aller st\u00f8rst grad var hun daglig leder i klubben.<\/p>\n","protected":false},"excerpt":{"rendered":"Skipresident Tove Moe Dyrhaug har gitt valgkomiteen beskjed om at hun ikke vil v\u00e6re disponibel for gjenvalg. Det&hellip;\n","protected":false},"author":2,"featured_media":119180,"comment_status":"","ping_status":"","sticky":false,"template":"","format":"standard","meta":{"footnotes":""},"categories":[59],"tags":[30,28,29,83,82],"class_list":{"0":"post-119179","1":"post","2":"type-post","3":"status-publish","4":"format-standard","5":"has-post-thumbnail","7":"category-sport","8":"tag-no","9":"tag-norge","10":"tag-norway","11":"tag-sport","12":"tag-sports"},"share_on_mastodon":{"url":"https:\/\/pubeurope.com\/@no\/115759908364120189","error":""},"_links":{"self":[{"href":"https:\/\/www.europesays.com\/no\/wp-json\/wp\/v2\/posts\/119179","targetHints":{"allow":["GET"]}}],"collection":[{"href":"https:\/\/www.europesays.com\/no\/wp-json\/wp\/v2\/posts"}],"about":[{"href":"https:\/\/www.europesays.com\/no\/wp-json\/wp\/v2\/types\/post"}],"author":[{"embeddable":true,"href":"https:\/\/www.europesays.com\/no\/wp-json\/wp\/v2\/users\/2"}],"replies":[{"embeddable":true,"href":"https:\/\/www.europesays.com\/no\/wp-json\/wp\/v2\/comments?post=119179"}],"version-history":[{"count":0,"href":"https:\/\/www.europesays.com\/no\/wp-json\/wp\/v2\/posts\/119179\/revisions"}],"wp:featuredmedia":[{"embeddable":true,"href":"https:\/\/www.europesays.com\/no\/wp-json\/wp\/v2\/media\/119180"}],"wp:attachment":[{"href":"https:\/\/www.europesays.com\/no\/wp-json\/wp\/v2\/media?parent=119179"}],"wp:term":[{"taxonomy":"category","embeddable":true,"href":"https:\/\/www.europesays.com\/no\/wp-json\/wp\/v2\/categories?post=119179"},{"taxonomy":"post_tag","embeddable":true,"href":"https:\/\/www.europesays.com\/no\/wp-json\/wp\/v2\/tags?post=119179"}],"curies":[{"name":"wp","href":"https:\/\/api.w.org\/{rel}","templated":true}]}}