{"id":119186,"date":"2025-12-21T22:39:33","date_gmt":"2025-12-21T22:39:33","guid":{"rendered":"https:\/\/www.europesays.com\/no\/119186\/"},"modified":"2025-12-21T22:39:33","modified_gmt":"2025-12-21T22:39:33","slug":"kjempet-om-pallplass-jeg-matte-spy","status":"publish","type":"post","link":"https:\/\/www.europesays.com\/no\/119186\/","title":{"rendered":"Kjempet om pallplass: &#8211; Jeg m\u00e5tte spy"},"content":{"rendered":"<p class=\"no_italic m-no_italic\" data-lab-italic=\"\">Vetle Sj\u00e5stad Christiansen og Johan-Olav Botn gikk ut som nummer fire og fem etter siste skyting.\u00a0<\/p>\n<p>Den norske duoen satte fart for \u00e5 hente tyske Justus Strelow.\u00a0<\/p>\n<p class=\"bold m-bold\" data-lab-font_weight=\"bold\">Det klarte Sj\u00e5stad Christiansen som spurtet ned tyskeren p\u00e5 oppl\u00f8pet og sikret tredjeplassen.\u00a0<\/p>\n<p data-lab-font_weight=\"\">\u2013 Det betyr vel at OL-billetten er sikret, sier Geilo-mannen til TV 2 etter premieseremonien.\u00a0<\/p>\n<p>        <img class=\"image__img lazyload\" itemprop=\"image\" title=\"Foto: Rasmus Lie \/ TV 2\" alt=\"BYTTEHANDEL: Sj\u00e5stad Christiansen kunne fortelle TV 2 at han fikk \u00abPumba-hatten\u00bb i bytte mot startnummer og premie. Foto: Rasmus Lie \/ TV 2\" width=\"675\" height=\"419\" bad-src=\"https:\/\/www.europesays.com\/no\/wp-content\/uploads\/2025\/12\/1766356772_889_18405539.webp\" fetchpriority=\"auto\" \/><\/p>\n<p>      BYTTEHANDEL: Sj\u00e5stad Christiansen kunne fortelle TV 2 at han fikk \u00abPumba-hatten\u00bb i bytte mot startnummer og premie.<br \/>\n         Foto: Rasmus Lie \/ TV 2<\/p>\n<p data-lab-font_weight=\"\">\u2013 Var det tidenes beste sisterunde fra min side eller, sier 33-\u00e5ringen til NRK.\u00a0<\/p>\n<p data-lab-font_weight=\"\">Lagkompis Botn ytret noe av det samme da han tok en prat med TV 2.\u00a0<\/p>\n<p data-lab-font_weight=\"\">\u2013 Jeg g\u00e5r mot verdens beste spurter, s\u00e5 jeg skj\u00f8nte det kom til \u00e5 bli tungt, sier Botn.\u00a0<\/p>\n<p>\u2013 Jeg m\u00e5tte spy<\/p>\n<p data-lab-font_weight=\"\">Samme mann fortalte at han tapte verdifulle sekunder p\u00e5 sisterunden p\u00e5 grunn av at han ble kvalm.\u00a0<\/p>\n<p data-lab-font_weight=\"\">\u2013 Jeg m\u00e5tte spy. Da f\u00e5r han en liten luke, og den klarer jeg ikke \u00e5 tette, sier Botn til NRK.\u00a0<\/p>\n<p data-lab-font_weight=\"\" class=\"italic m-italic\" data-lab-italic=\"italic\">Det kunne Maren Hjelmeset Kirkeeide kjenne seg igjen i etter hun tok sin f\u00f8rste verdenscupseier tidligere p\u00e5 dagen:\u00a0<\/p>\n<p data-lab-font_weight=\"\">Botn endte p\u00e5 femteplass.\u00a0<\/p>\n<p data-lab-font_weight=\"\">\u2013 Det var litt surt, men jeg tror ikke jeg hadde sl\u00e5tt han uansett, sier sammenlagtlederen.\u00a0<\/p>\n<p>        <img class=\"image__img lazyload\" itemprop=\"image\" title=\"Foto: OLIVIER CHASSIGNOLE \/ AFP \/ NTB\" alt=\"GUL TR\u00d8YE: Botn beholder verdenscupledelsen. Foto: OLIVIER CHASSIGNOLE \/ AFP \/ NTB\" width=\"675\" height=\"379\" bad-src=\"https:\/\/www.europesays.com\/no\/wp-content\/uploads\/2025\/12\/1766356773_583_18403454.webp\" fetchpriority=\"auto\" \/><\/p>\n<p>      GUL TR\u00d8YE: Botn beholder verdenscupledelsen.<br \/>\n         Foto: OLIVIER CHASSIGNOLE \/ AFP \/ NTB<\/p>\n<p data-lab-font_weight=\"\"> P\u00e5 standplass var Sj\u00e5stad Christiansen og Botn identiske &#8211; begge bommet \u00e9n gang p\u00e5 hver av de liggende skytingene, men skj\u00f8t to fulle hus p\u00e5 st\u00e5ende. <\/p>\n<p class=\"bold m-bold\" data-lab-font_weight=\"bold\">Eric Perrots feilfrie skyting holdt til andreplass, bak italienske Giacomel.\u00a0<\/p>\n<p>De andre norske<\/p>\n<p>Johannes Dale-Skjevdal bommet to ganger totalt og endte p\u00e5 sjetteplass.\u00a0<\/p>\n<p>Fjor\u00e5rets verdenscupvinner Sturla Holm L\u00e6greid endte p\u00e5 12. plass etter tre bom.\u00a0<\/p>\n<p>Isak Leknes Frey startet bra med to fulle hus, men med to bom p\u00e5 st\u00e5ende skyting, endte unggutten p\u00e5 15. plass.\u00a0<\/p>\n<p>Sivert Guttorm Bakkens to bom p\u00e5 liggende holdt til 20. plass.\u00a0<\/p>\n<p>P\u00e5 kvinnesiden tok Maren Hjelmeset Kirkeeide karrierens f\u00f8rste verdenscupseier. Les mer her:\u00a0<\/p>\n<p>    <a class=\"article__link\" data-ga-active-label=\"\" data-ga-active-label-animation=\"\" href=\"https:\/\/www.tv2.no\/sport\/kirkeeide-til-topps-etter-vill-sisterunde\/18404976\/\" rel=\"nofollow noopener\" target=\"_blank\"><\/p>\n<p>    <img class=\"image__img lazyload\" itemprop=\"image\" title=\"\" alt=\"\" width=\"978\" height=\"411\" bad-src=\"https:\/\/www.europesays.com\/no\/wp-content\/uploads\/2025\/12\/1766356773_639_18405041.webp\" fetchpriority=\"auto\" \/><\/p>\n<p>\n            Kirkeeide til topps etter vill sisterunde\n        <\/p>\n<p>    <\/a><\/p>\n","protected":false},"excerpt":{"rendered":"Vetle Sj\u00e5stad Christiansen og Johan-Olav Botn gikk ut som nummer fire og fem etter siste skyting.\u00a0 Den norske&hellip;\n","protected":false},"author":2,"featured_media":118941,"comment_status":"","ping_status":"","sticky":false,"template":"","format":"standard","meta":{"footnotes":""},"categories":[59],"tags":[30,28,29,83,82],"class_list":{"0":"post-119186","1":"post","2":"type-post","3":"status-publish","4":"format-standard","5":"has-post-thumbnail","7":"category-sport","8":"tag-no","9":"tag-norge","10":"tag-norway","11":"tag-sport","12":"tag-sports"},"share_on_mastodon":{"url":"https:\/\/pubeurope.com\/@no\/115759963388073216","error":""},"_links":{"self":[{"href":"https:\/\/www.europesays.com\/no\/wp-json\/wp\/v2\/posts\/119186","targetHints":{"allow":["GET"]}}],"collection":[{"href":"https:\/\/www.europesays.com\/no\/wp-json\/wp\/v2\/posts"}],"about":[{"href":"https:\/\/www.europesays.com\/no\/wp-json\/wp\/v2\/types\/post"}],"author":[{"embeddable":true,"href":"https:\/\/www.europesays.com\/no\/wp-json\/wp\/v2\/users\/2"}],"replies":[{"embeddable":true,"href":"https:\/\/www.europesays.com\/no\/wp-json\/wp\/v2\/comments?post=119186"}],"version-history":[{"count":0,"href":"https:\/\/www.europesays.com\/no\/wp-json\/wp\/v2\/posts\/119186\/revisions"}],"wp:featuredmedia":[{"embeddable":true,"href":"https:\/\/www.europesays.com\/no\/wp-json\/wp\/v2\/media\/118941"}],"wp:attachment":[{"href":"https:\/\/www.europesays.com\/no\/wp-json\/wp\/v2\/media?parent=119186"}],"wp:term":[{"taxonomy":"category","embeddable":true,"href":"https:\/\/www.europesays.com\/no\/wp-json\/wp\/v2\/categories?post=119186"},{"taxonomy":"post_tag","embeddable":true,"href":"https:\/\/www.europesays.com\/no\/wp-json\/wp\/v2\/tags?post=119186"}],"curies":[{"name":"wp","href":"https:\/\/api.w.org\/{rel}","templated":true}]}}