{"id":119187,"date":"2025-12-21T22:44:06","date_gmt":"2025-12-21T22:44:06","guid":{"rendered":"https:\/\/www.europesays.com\/no\/119187\/"},"modified":"2025-12-21T22:44:06","modified_gmt":"2025-12-21T22:44:06","slug":"siste-hvor-er-strobilene-vg","status":"publish","type":"post","link":"https:\/\/www.europesays.com\/no\/119187\/","title":{"rendered":"siste: \u2013 Hvor er str\u00f8bilene?! &#8211; VG"},"content":{"rendered":"<ol>\n<li><a href=\"https:\/\/news.google.com\/rss\/articles\/CBMi_wFBVV95cUxOQXpwR09FaG5NZmEzT0Q2TWhoUnRYcW9RZkN3QVV4bEgzN0xQNEhhakc4V2FWcGtZUVA1N0FCdjl4TTNFVEdDbXgwWng0QjNXdFYzTVE4U1RCY3Z3ZXBxRlJsOWQ3Mk5WR1k4RmtrOU9zblZNLWk1VDNsNDN2VjZZdjdQWmtjOW00d1NEQ1RIR3V3eWdRUVpZS25jWmhuSjVkNnlWaE9oVjZkVWZDeFdwaWp0c3phZUFqa3JzZTJJSFhqa3VoYXFXdlY4azdtS2FVMzVNc004ZHdjVEJJVTZtMXlHUGR0czN0b0JKZnJWSHRPb2h6a0ZYSm1ZZmVJdEU?oc=5\" target=\"_blank\" rel=\"nofollow noopener\">siste: \u2013 Hvor er str\u00f8bilene?!<\/a>&nbsp;&nbsp;VG<\/li>\n<li><a href=\"https:\/\/news.google.com\/rss\/articles\/CBMiuAFBVV95cUxOTEVtSi0wV3BTWUdGc0NCUjlzMF8wcWhNZjFBZ2dTNWNIcnByVzlhUUtxMnM0YlZIbkpXSWN0azVUNjg4RHdlYzBTYi1ZUzhOREJWSThfdE1VMkNxQi05WXpqa2s2U3Z6aFhybjVJc1ptZEtSaW1TNDRvT2RONlh4Xzk0NTRSYXVLUC1hQ1dFVDNlUnh5TEJFa0QybFFRQjVqLURmMk50Mm5jSU9IVmNTTXQ3ZDBYVXlu?oc=5\" target=\"_blank\" rel=\"nofollow noopener\">Reagerer p\u00e5 \u00abekstremt glatte veier\u00bb p\u00e5 E39: \u2013 Stoler jo p\u00e5 at man kan kj\u00f8re p\u00e5 hovedveiene!<\/a>&nbsp;&nbsp;Bergensavisen<\/li>\n<li><a href=\"https:\/\/news.google.com\/rss\/articles\/CBMie0FVX3lxTE43VFo0TDBlb3I0OXp4ZXFUVUNnei1fUTdtcDZOU0FMTndselpHUnpnc1FRSGk1c0F1VkVWdFdTQk5zYUpiVnlSNFhLb3BTa0ZWZV9sNHpyMWZRZk5FeTZZY1Zta0N3ZGRWVmFIRFRNTXk0SlNDd1Fma0luZw?oc=5\" target=\"_blank\" rel=\"nofollow noopener\">Hjem til jul 2025 &#8211; Hisser seg opp over glatte veier<\/a>&nbsp;&nbsp;Bergens Tidende<\/li>\n<li><a href=\"https:\/\/news.google.com\/rss\/articles\/CBMigAFBVV95cUxPUnJkNk5vS0liVVVFaVVoblRzWDR2WVV3bDFnNm5vSnJJMklrQmZUdGVsUWMyYTczaHU4VlJ4WDFqOWFlc3VPaDA2WHRDeWZ6Z1g5OWZfTkZvNWZsWFE3OXNwM2ZGd0ZXNERaYUtQT1FwazAxNjNZZ3VVcGVOTlZ1eQ?oc=5\" target=\"_blank\" rel=\"nofollow noopener\">S\u00f8ndagen starta med s\u00e5peglatte vegar<\/a>&nbsp;&nbsp;os og fusa<\/li>\n<li><a href=\"https:\/\/news.google.com\/rss\/articles\/CBMiowFBVV95cUxQWHNOZ3Yzb20tbjlTbzVmd0lhNE5IRTVhVnBsUXBnZ1BiaFBOT21xb2VaX1dJSlBHSUZoeVBHLTB4TS1YYllhQk5SbDV2MmdZeDVyVDhiWDh6ZE1OdDRxUkpLTkl3MXdDVENWWDZhQ3lKWDktRF85aWRlTnprX2pONjZjNkJWSTdJdktMV1k4bjY1aVI5aTk2ckRlYVpEZGRuUEpj?oc=5\" target=\"_blank\" rel=\"nofollow noopener\">Trafikken direkte &#8211; Melding om glatt kj\u00f8rebane p\u00e5 E39: \u2013 Lurt \u00e5 v\u00e6re litt obs<\/a>&nbsp;&nbsp;Stavanger Aftenblad<\/li>\n<\/ol>\n","protected":false},"excerpt":{"rendered":"siste: \u2013 Hvor er str\u00f8bilene?!&nbsp;&nbsp;VG Reagerer p\u00e5 \u00abekstremt glatte veier\u00bb p\u00e5 E39: \u2013 Stoler jo p\u00e5 at man&hellip;\n","protected":false},"author":2,"featured_media":6968,"comment_status":"","ping_status":"","sticky":false,"template":"","format":"standard","meta":{"footnotes":""},"categories":[10],"tags":[20,21,24,25,15,22,23,13,30,28,29,14,16,26,27],"class_list":{"0":"post-119187","1":"post","2":"type-post","3":"status-publish","4":"format-standard","5":"has-post-thumbnail","7":"category-norge","8":"tag-breaking-news","9":"tag-breakingnews","10":"tag-featured-news","11":"tag-featurednews","12":"tag-headlines","13":"tag-latest-news","14":"tag-latestnews","15":"tag-news","16":"tag-no","17":"tag-norge","18":"tag-norway","19":"tag-nyheter","20":"tag-overskrifter","21":"tag-top-stories","22":"tag-topstories"},"share_on_mastodon":{"url":"https:\/\/pubeurope.com\/@no\/115759983032336614","error":""},"_links":{"self":[{"href":"https:\/\/www.europesays.com\/no\/wp-json\/wp\/v2\/posts\/119187","targetHints":{"allow":["GET"]}}],"collection":[{"href":"https:\/\/www.europesays.com\/no\/wp-json\/wp\/v2\/posts"}],"about":[{"href":"https:\/\/www.europesays.com\/no\/wp-json\/wp\/v2\/types\/post"}],"author":[{"embeddable":true,"href":"https:\/\/www.europesays.com\/no\/wp-json\/wp\/v2\/users\/2"}],"replies":[{"embeddable":true,"href":"https:\/\/www.europesays.com\/no\/wp-json\/wp\/v2\/comments?post=119187"}],"version-history":[{"count":0,"href":"https:\/\/www.europesays.com\/no\/wp-json\/wp\/v2\/posts\/119187\/revisions"}],"wp:featuredmedia":[{"embeddable":true,"href":"https:\/\/www.europesays.com\/no\/wp-json\/wp\/v2\/media\/6968"}],"wp:attachment":[{"href":"https:\/\/www.europesays.com\/no\/wp-json\/wp\/v2\/media?parent=119187"}],"wp:term":[{"taxonomy":"category","embeddable":true,"href":"https:\/\/www.europesays.com\/no\/wp-json\/wp\/v2\/categories?post=119187"},{"taxonomy":"post_tag","embeddable":true,"href":"https:\/\/www.europesays.com\/no\/wp-json\/wp\/v2\/tags?post=119187"}],"curies":[{"name":"wp","href":"https:\/\/api.w.org\/{rel}","templated":true}]}}