{"id":119188,"date":"2025-12-21T22:51:10","date_gmt":"2025-12-21T22:51:10","guid":{"rendered":"https:\/\/www.europesays.com\/no\/119188\/"},"modified":"2025-12-21T22:51:10","modified_gmt":"2025-12-21T22:51:10","slug":"sport-handball-merker-at-folk-reiser-vekk-i-julen","status":"publish","type":"post","link":"https:\/\/www.europesays.com\/no\/119188\/","title":{"rendered":"Sport, H\u00e5ndball | Merker at folk reiser vekk i julen"},"content":{"rendered":"\n<p>\u2013 Vi merker veldig at folk reiser vekk hvis det er mange fridager i romjulen. Og det er det jo i \u00e5r, sier leder i Bergensdalen IL, Per Arne Foshaug. Han har i \u00e5r 181 p\u00e5meldte lag i den 56. utgaven av Julecupen, noe som er en liten oppgang fra i fjor.<\/p>\n<p>\u2013 Det er likevel langt unna det vi har hatt p\u00e5 det meste, sier han.<\/p>\n<p>Men en ting har blitt mye lettere i \u00e5r i forhold til tidligere \u00e5r. For mens det var Bergen HK som tidligere sto for den tradisjonsrike cupen, er det n\u00e5 Bergensdalen som er arrang\u00f8r. Idrettlaget er en sammensl\u00e5ing av \u00c5rstad, Bergen HK og Trane.<\/p>\n<p>\u2014 Vi merker veldig godt at det er lettere \u00e5 f\u00e5 frivillige. Flere folk \u00e5 ta av, rett og slett, sier Foshaug.<\/p>\n<p>\u2013 Jeg har ikke tall for antall som deltar p\u00e5 dugnad, men det er 136 vakter med varighet 4-5 timer hver. I tillegg noen m\u00e5neder med egen julecup-komite som forbereder, forklarer han.<\/p>\n<p>De minste i julecupen, opp til og med 12 \u00e5r, spilte n\u00e5 i helgen f\u00f8r jul, mens ungdomslagene spiller i romjulen.<\/p>\n","protected":false},"excerpt":{"rendered":"\u2013 Vi merker veldig at folk reiser vekk hvis det er mange fridager i romjulen. Og det er&hellip;\n","protected":false},"author":2,"featured_media":119189,"comment_status":"","ping_status":"","sticky":false,"template":"","format":"standard","meta":{"footnotes":""},"categories":[10],"tags":[36,14253,20,21,24,25,105,15,14252,22,23,13,30,28,29,14,16,83,1510,26,27],"class_list":{"0":"post-119188","1":"post","2":"type-post","3":"status-publish","4":"format-standard","5":"has-post-thumbnail","7":"category-norge","8":"tag-art","9":"tag-bergensdalen-il","10":"tag-breaking-news","11":"tag-breakingnews","12":"tag-featured-news","13":"tag-featurednews","14":"tag-handball","15":"tag-headlines","16":"tag-julecupen","17":"tag-latest-news","18":"tag-latestnews","19":"tag-news","20":"tag-no","21":"tag-norge","22":"tag-norway","23":"tag-nyheter","24":"tag-overskrifter","25":"tag-sport","26":"tag-story","27":"tag-top-stories","28":"tag-topstories"},"share_on_mastodon":{"url":"https:\/\/pubeurope.com\/@no\/115760010577781210","error":""},"_links":{"self":[{"href":"https:\/\/www.europesays.com\/no\/wp-json\/wp\/v2\/posts\/119188","targetHints":{"allow":["GET"]}}],"collection":[{"href":"https:\/\/www.europesays.com\/no\/wp-json\/wp\/v2\/posts"}],"about":[{"href":"https:\/\/www.europesays.com\/no\/wp-json\/wp\/v2\/types\/post"}],"author":[{"embeddable":true,"href":"https:\/\/www.europesays.com\/no\/wp-json\/wp\/v2\/users\/2"}],"replies":[{"embeddable":true,"href":"https:\/\/www.europesays.com\/no\/wp-json\/wp\/v2\/comments?post=119188"}],"version-history":[{"count":0,"href":"https:\/\/www.europesays.com\/no\/wp-json\/wp\/v2\/posts\/119188\/revisions"}],"wp:featuredmedia":[{"embeddable":true,"href":"https:\/\/www.europesays.com\/no\/wp-json\/wp\/v2\/media\/119189"}],"wp:attachment":[{"href":"https:\/\/www.europesays.com\/no\/wp-json\/wp\/v2\/media?parent=119188"}],"wp:term":[{"taxonomy":"category","embeddable":true,"href":"https:\/\/www.europesays.com\/no\/wp-json\/wp\/v2\/categories?post=119188"},{"taxonomy":"post_tag","embeddable":true,"href":"https:\/\/www.europesays.com\/no\/wp-json\/wp\/v2\/tags?post=119188"}],"curies":[{"name":"wp","href":"https:\/\/api.w.org\/{rel}","templated":true}]}}