{"id":119194,"date":"2025-12-21T23:00:14","date_gmt":"2025-12-21T23:00:14","guid":{"rendered":"https:\/\/www.europesays.com\/no\/119194\/"},"modified":"2025-12-21T23:00:14","modified_gmt":"2025-12-21T23:00:14","slug":"ellevill-brasse-i-marokkos-drommestart-i-afrikamesterskapet","status":"publish","type":"post","link":"https:\/\/www.europesays.com\/no\/119194\/","title":{"rendered":"Ellevill brasse i Marokkos dr\u00f8mmestart i Afrikamesterskapet"},"content":{"rendered":"\n<p class=\"_lead_o9xde_2 _lead_xtcu6_50 layout-component text-serif-m layout-normal text-serif-l layout-component layout-wide layout-padded _wide_17hqh_1 layout-padded\">\u2013 Den vil bli husket i lang, lang tid, sier VG-kommentator Amin Nouri. <\/p>\n<p> <img class=\"_image_qp4xg_65 layout-component layout-wide\" data-fullscreen- data-track-element-type=\"Article image fullscreen\" data-track-name=\"ImageFullscreen\" fetchpriority=\"high\" decoding=\"sync\" loading=\"eager\" height=\"181\" itemprop=\"image\"  src=\"https:\/\/www.europesays.com\/no\/wp-content\/uploads\/2025\/12\/15638ca896e501a30430f1aa20eda80a.jpg\"  style=\"object-position:50% 50%;aspect-ratio:1.75;height:auto;object-fit:cover;width:100%\" width=\"102\"\/>  <\/p>\n<ul aria-hidden=\"true\" class=\"_images_ntbth_112\">\n<li><a class=\"_link_ntbth_117\" href=\"https:\/\/www.vg.no\/forfatter\/herman-folvik\" style=\"z-index:1\" title=\"Herman Folvik\" rel=\"nofollow noopener\" target=\"_blank\"><img alt=\"Bilde av Herman Folvik\" class=\"_image_ntbth_93\" fetchpriority=\"low\" loading=\"lazy\" decoding=\"async\" itemprop=\"image\"  src=\"https:\/\/www.europesays.com\/no\/wp-content\/uploads\/2025\/12\/1766358012_473_b8d5eb91-9fa9-460c-b9f0-da310ffe35dd\"  width=\"480\"\/><\/a><\/li>\n<\/ul>\n<p> Oppdatert s\u00f8ndag 21. desember kl. 22:23     <\/p>\n<p class=\"_paragraph_o9xde_4 _paragraph_xtcu6_10 layout-component text-serif-m layout-normal text-serif-m layout-padded\">Det var i 74. minutt at Ayoub El Kaabi viste hvor mye kunst det er mulig \u00e5 lage i fotball. Med et uts\u00f8kt brassespark dunket han inn 2\u20130 for Marokko i \u00e5pningskampen av Afrikamesterskapet mot Komorene.<\/p>\n<p class=\"_paragraph_o9xde_4 _paragraph_xtcu6_10 layout-component text-serif-m layout-normal text-serif-m layout-padded\">\u2013 Et brassepark fra oven, sier VG-kommentator Vegard Aulstad.<\/p>\n<p class=\"_paragraph_o9xde_4 _paragraph_xtcu6_10 layout-component text-serif-m layout-normal text-serif-m layout-padded\">\u2013 En kandidat til turneringens scoring, sier norsk-marokkanske Amin Nouri, som til vanlig spiller for KFUM Oslo i Eliteserien. <\/p>\n<ul class=\"_list_o9xde_3 _list_xtcu6_9 _unordered_o9xde_106 layout-component text-serif-m layout-normal text-serif-m layout-padded\">\n<li class=\"_item_o9xde_30\"><strong class=\"_strong_o9xde_25\"><a href=\"https:\/\/tv.vg.no\/kategori\/3\/sport?popup_id=6926df88838b9a0012b578c0\" class=\"_link_o9xde_39\" rel=\"nofollow noopener\" target=\"_blank\">Alt fra Afrikamesterskapet ser du p\u00e5 VG+ Sport. <\/a>Mandag er det tre kamper.  tre kamper. Mali \u2013 Zambia 15.00 (i Casablanca). S\u00f8r-Afrika \u2013 Angola 18.00 (i Marrakech), Egypt \u2013 Zimbabwe 21.00 (i Agadir).<\/strong><\/li>\n<\/ul>\n<p class=\"_paragraph_o9xde_4 _paragraph_xtcu6_10 layout-component text-serif-m layout-normal text-serif-m layout-padded\">Vertsnasjonen Marokko er kanskje den st\u00f8rste favoritten til \u00e5 vinne turneringen. Lille Komorene, \u00f8ystaten utenfor Mosambik med under en million i befolkning, hang nesten overraskende bra med lenge. Godt hjulpet av at Marokkos Soufiane Rahimi bommet p\u00e5 straffe i 11. minutt.<\/p>\n<p><img alt=\"Brahim D\u00edaz.  Foto: SEBASTIEN BOZON \/ AFP \/ NTB\" class=\"_image_qp4xg_65 layout-component layout-normal\" data-fullscreen- data-track-element-type=\"Article image fullscreen\" data-track-name=\"ImageFullscreen\" decoding=\"async\" loading=\"lazy\" height=\"5504\" itemprop=\"image\"  src=\"https:\/\/www.europesays.com\/no\/wp-content\/uploads\/2025\/12\/1d145835-2171-483e-b609-a515b38d41d2\"  style=\"object-position:0% 0%\" width=\"8256\"\/>Brahim D\u00edaz.  Foto: SEBASTIEN BOZON \/ AFP \/ NTB<\/p>\n<p class=\"_paragraph_o9xde_4 _paragraph_xtcu6_10 layout-component text-serif-m layout-normal text-serif-m layout-padded\">\u2013 Vi skal ber\u00f8mme Komorene, sier Nouri. <\/p>\n<p class=\"_paragraph_o9xde_4 _paragraph_xtcu6_10 layout-component text-serif-m layout-normal text-serif-m layout-padded\">Men i 55. minutt kom \u00e5pningsm\u00e5let fra Real Madrid-stjernen Brahim D\u00edaz, assistert av Noussair Mazraoui. Diaz er f\u00f8dt og oppvokst i Spania, men faren har marokkansk bakgrunn. Og ettersom Diaz kun har spilt en treningskamp for Spania, kunne han bytte nasjon til Marokko i 2014. P\u00e5 16 landskamper st\u00e5r han med ni m\u00e5l.<\/p>\n<p class=\"_paragraph_o9xde_4 _paragraph_xtcu6_10 layout-component text-serif-m layout-normal text-serif-m layout-padded\">\u2013 Vi spilte bra, men vi vil og m\u00e5 bli bedre, sier Diaz. <\/p>\n<p class=\"_paragraph_o9xde_4 _paragraph_xtcu6_10 layout-component text-serif-m layout-normal text-serif-m layout-padded\">\u2013 Diaz er blitt en superstjerne allerede for Marokko, sier Aulstad. <\/p>\n<p class=\"_paragraph_o9xde_4 _paragraph_xtcu6_10 layout-component text-serif-m layout-normal text-serif-m layout-padded\">Osame Sahraoui som gjorde en lignende nasjonsbytte fra Norge i 2024 er ikke tatt ut i troppen til Marokko. <\/p>\n<p class=\"_paragraph_o9xde_4 _paragraph_xtcu6_10 layout-component text-serif-m layout-normal text-serif-m layout-padded\">I VM 2022 kom Marokko til semifinale, men tapte mot Frankrike. Kroatia ble for sterke i bronsefinalen. <\/p>\n<p class=\"_paragraph_o9xde_4 _paragraph_xtcu6_10 layout-component text-serif-m layout-normal text-serif-m layout-padded\">Her kan du se hele kampen i opptak:<\/p>\n","protected":false},"excerpt":{"rendered":"\u2013 Den vil bli husket i lang, lang tid, sier VG-kommentator Amin Nouri. Oppdatert s\u00f8ndag 21. desember kl.&hellip;\n","protected":false},"author":2,"featured_media":119195,"comment_status":"","ping_status":"","sticky":false,"template":"","format":"standard","meta":{"footnotes":""},"categories":[59],"tags":[12926,14256,14257,30,28,29,83,82,14255],"class_list":{"0":"post-119194","1":"post","2":"type-post","3":"status-publish","4":"format-standard","5":"has-post-thumbnail","7":"category-sport","8":"tag-afrikamesterskapet-i-fotball","9":"tag-amin-nouri","10":"tag-marokkos-herrelandslag-fotball","11":"tag-no","12":"tag-norge","13":"tag-norway","14":"tag-sport","15":"tag-sports","16":"tag-vegard-aulstad"},"share_on_mastodon":{"url":"https:\/\/pubeurope.com\/@no\/115760046130741387","error":""},"_links":{"self":[{"href":"https:\/\/www.europesays.com\/no\/wp-json\/wp\/v2\/posts\/119194","targetHints":{"allow":["GET"]}}],"collection":[{"href":"https:\/\/www.europesays.com\/no\/wp-json\/wp\/v2\/posts"}],"about":[{"href":"https:\/\/www.europesays.com\/no\/wp-json\/wp\/v2\/types\/post"}],"author":[{"embeddable":true,"href":"https:\/\/www.europesays.com\/no\/wp-json\/wp\/v2\/users\/2"}],"replies":[{"embeddable":true,"href":"https:\/\/www.europesays.com\/no\/wp-json\/wp\/v2\/comments?post=119194"}],"version-history":[{"count":0,"href":"https:\/\/www.europesays.com\/no\/wp-json\/wp\/v2\/posts\/119194\/revisions"}],"wp:featuredmedia":[{"embeddable":true,"href":"https:\/\/www.europesays.com\/no\/wp-json\/wp\/v2\/media\/119195"}],"wp:attachment":[{"href":"https:\/\/www.europesays.com\/no\/wp-json\/wp\/v2\/media?parent=119194"}],"wp:term":[{"taxonomy":"category","embeddable":true,"href":"https:\/\/www.europesays.com\/no\/wp-json\/wp\/v2\/categories?post=119194"},{"taxonomy":"post_tag","embeddable":true,"href":"https:\/\/www.europesays.com\/no\/wp-json\/wp\/v2\/tags?post=119194"}],"curies":[{"name":"wp","href":"https:\/\/api.w.org\/{rel}","templated":true}]}}