{"id":119200,"date":"2025-12-21T23:15:37","date_gmt":"2025-12-21T23:15:37","guid":{"rendered":"https:\/\/www.europesays.com\/no\/119200\/"},"modified":"2025-12-21T23:15:37","modified_gmt":"2025-12-21T23:15:37","slug":"julaften-arnes-jeg-synes-det-er-hyggelig-a-fole-at-man-kan-gi-noe","status":"publish","type":"post","link":"https:\/\/www.europesays.com\/no\/119200\/","title":{"rendered":"Julaften, \u00c5rnes | \u2013 Jeg synes det er hyggelig \u00e5 f\u00f8le at man kan gi noe"},"content":{"rendered":"\n<p>P\u00e5 \u00c5rnes gamle skole arrangeres \u00abJul for alle\u00bb p\u00e5 julaften, og alle er invitert.<\/p>\n<p>Mellom klokken 12 og 14 vil det bli servert varm drikke og gr\u00f8t.<\/p>\n<p>Samtidig vil Karina synge og St\u00e5le Kvernes spille piano, sammen med s\u00f8nnen William (15) p\u00e5 rytmeinstrument.<\/p>\n<p>\u2013 Jeg synes det er hyggelig \u00e5 kunne v\u00e6re med og f\u00f8le at man kan gi noe, forteller William Kvernes.<\/p>\n<p>  <a href=\"https:\/\/www.raumnes.no\/5-162-147101\" class=\"related-teaser has-image default-story-teaser article--c-eRUmMG article--c-eRUmMG-jKCPdD-design-default\" rel=\"nofollow noopener\" target=\"_blank\"><\/p>\n<p>    <img decoding=\"async\" loading=\"lazy\"  src=\"https:\/\/www.europesays.com\/no\/wp-content\/uploads\/2025\/12\/IMG_6824.JPG\" alt=\"\" class=\"brick-c-cFOWSL\" style=\"\"\/><\/p>\n<p>\n            Les ogs\u00e5<\/p>\n<p>              I \u00e5r har Oskar og Mari ansvaret:  \u2013 Det har v\u00e6rt s\u00e5 mye folk at vi gikk tomme for gr\u00f8t\n        <\/p>\n<p>  <\/a><br \/>\n  Spillelisten er ikke klar<\/p>\n<p>De kan ikke avsl\u00f8re hvilke sanger de skal spille enn\u00e5, rett og slett fordi de ikke har bestemt seg.<\/p>\n<p>De er imidlertid alle enige om at det er mange fine julesanger, noe som gj\u00f8r det ekstra vanskelig \u00e5 velge.<\/p>\n<p>\u2013 Sangen \u00abN\u00e5r himmelen faller ned\u00bb av Anne Grete Preus har vokst veldig p\u00e5 meg. Det er jo egentlig ikke en julesang, men den har p\u00e5 en m\u00e5te blitt det. S\u00e5 hvis jeg f\u00e5r det som jeg vil, kan det hende at vi tar den med, forteller Karina.<\/p>\n<p>\u2013 Det er s\u00e5 mye \u00e5 velge mellom fordi det finnes s\u00e5 mange fine julesanger. P\u00e5 den ene siden skal det v\u00e6re vakkert, men det skal ogs\u00e5 v\u00e6re tradisjon, s\u00e5 det gjelder \u00e5 pr\u00f8ve \u00e5 plukke ut de helt riktige l\u00e5tene, sier St\u00e5le.<\/p>\n<p>Selv om William vanligvis foretrekker metall og rock, kan de love at det ikke blir rockeversjoner av tradisjonelle julel\u00e5ter.<\/p>\n<p>De vil fremf\u00f8re b\u00e5de engelske og norske sanger.<\/p>\n<p>  <a href=\"https:\/\/www.raumnes.no\/5-162-147033\" class=\"related-teaser has-image default-story-teaser article--c-eRUmMG article--c-eRUmMG-jKCPdD-design-default\" rel=\"nofollow noopener\" target=\"_blank\"><\/p>\n<p>    <img decoding=\"async\" loading=\"lazy\"  src=\"https:\/\/www.europesays.com\/no\/wp-content\/uploads\/2025\/12\/image6.jpeg\" alt=\"\" class=\"brick-c-cFOWSL\" style=\"\"\/><\/p>\n<p>\n            Les ogs\u00e5<\/p>\n<p>              D\u00e5rlig nyheter for den som vil st\u00e5 p\u00e5 ski i jula\n        <\/p>\n<p>  <\/a><br \/>\n  \u00c5pent for alle<\/p>\n<p>Arrangementet, som er gratis og \u00e5pent for alle, arrangeres av Nes frivilligsentral.<\/p>\n<p>Familien er nysgjerrig p\u00e5 hvem som m\u00f8ter opp p\u00e5 julaften, og h\u00e5per mange tar seg tid til \u00e5 slappe av med musikk i en ellers hektisk dag.<\/p>\n<p>\u2013 Hvis det er noen som sitter litt ensom og kanskje har familie langt unna, s\u00e5 h\u00e5per jeg de bruker det tilbudet, for det er et kjempefint tiltak, oppfordrer Karina.<\/p>\n<p>\u2013 Det hadde v\u00e6rt veldig hyggelig om det kom noen i alle aldre, sier St\u00e5le.<\/p>\n<p>Uansett hvem som dukker opp, h\u00e5per de \u00e5 gj\u00f8re dagen minnerik og at publikum sitter igjen med julestemning.<\/p>\n<p>  <a href=\"https:\/\/www.raumnes.no\/5-162-139268\" class=\"related-teaser has-image default-story-teaser article--c-eRUmMG article--c-eRUmMG-jKCPdD-design-default\" rel=\"nofollow noopener\" target=\"_blank\"><\/p>\n<p>    <img decoding=\"async\" loading=\"lazy\"  src=\"https:\/\/www.europesays.com\/no\/wp-content\/uploads\/2025\/12\/Jul+for+alle.jpg\" alt=\"\" class=\"brick-c-cFOWSL\" style=\"\"\/><\/p>\n<p>\n            Les ogs\u00e5<\/p>\n<p>              Dekker langbord for alle p\u00e5 julaften: \u2013 Det er en varme i det\n        <\/p>\n<p>  <\/a><br \/>\n  Storebroren har f\u00e5tt ansvar for maten<\/p>\n<p>For at familien skal kunne spille p\u00e5 julaften, har ansvaret for ribbe og pinnekj\u00f8tt falt p\u00e5 storebroren i hjemmet.<\/p>\n<p>\u2013 Opprinnelig var planen at William skulle gj\u00f8re dette, men da han ogs\u00e5 \u00f8nsket \u00e5 v\u00e6re med og bidra musikalsk, ble oppgaven gitt til storebroren slik at vi kunne komme ned hit og spille, forteller St\u00e5le.<\/p>\n<p>Han forteller at det koster lite \u00e5 ta den halvtimen det tar \u00e5 spille n\u00e5r man er hjemme og har muligheten til det.<\/p>\n<p>Familien er imidlertid ikke helt sikre p\u00e5 om dette blir en ny juletradisjon enn\u00e5.<\/p>\n<p>\u2013 Man vet jo aldri helt hvor man befinner seg fra \u00e5r til \u00e5r. De blir gjerne bedt til familie som bor lenger unna, og da lar det seg ikke gj\u00f8re \u00e5 delta. I dette tilfellet m\u00e5 vi derfor ta ett \u00e5r om gangen, selv om det hadde v\u00e6rt en veldig hyggelig tradisjon, sier St\u00e5le.<\/p>\n","protected":false},"excerpt":{"rendered":"P\u00e5 \u00c5rnes gamle skole arrangeres \u00abJul for alle\u00bb p\u00e5 julaften, og alle er invitert. Mellom klokken 12 og&hellip;\n","protected":false},"author":2,"featured_media":119201,"comment_status":"","ping_status":"","sticky":false,"template":"","format":"standard","meta":{"footnotes":""},"categories":[58],"tags":[1105,36,71,5593,14258,13395,155,30,28,29,1510,72],"class_list":{"0":"post-119200","1":"post","2":"type-post","3":"status-publish","4":"format-standard","5":"has-post-thumbnail","7":"category-underholdning","8":"tag-arnes","9":"tag-art","10":"tag-entertainment","11":"tag-jul","12":"tag-jul-for-alle","13":"tag-julaften","14":"tag-konsert","15":"tag-no","16":"tag-norge","17":"tag-norway","18":"tag-story","19":"tag-underholdning"},"share_on_mastodon":{"url":"https:\/\/pubeurope.com\/@no\/115760105276761294","error":""},"_links":{"self":[{"href":"https:\/\/www.europesays.com\/no\/wp-json\/wp\/v2\/posts\/119200","targetHints":{"allow":["GET"]}}],"collection":[{"href":"https:\/\/www.europesays.com\/no\/wp-json\/wp\/v2\/posts"}],"about":[{"href":"https:\/\/www.europesays.com\/no\/wp-json\/wp\/v2\/types\/post"}],"author":[{"embeddable":true,"href":"https:\/\/www.europesays.com\/no\/wp-json\/wp\/v2\/users\/2"}],"replies":[{"embeddable":true,"href":"https:\/\/www.europesays.com\/no\/wp-json\/wp\/v2\/comments?post=119200"}],"version-history":[{"count":0,"href":"https:\/\/www.europesays.com\/no\/wp-json\/wp\/v2\/posts\/119200\/revisions"}],"wp:featuredmedia":[{"embeddable":true,"href":"https:\/\/www.europesays.com\/no\/wp-json\/wp\/v2\/media\/119201"}],"wp:attachment":[{"href":"https:\/\/www.europesays.com\/no\/wp-json\/wp\/v2\/media?parent=119200"}],"wp:term":[{"taxonomy":"category","embeddable":true,"href":"https:\/\/www.europesays.com\/no\/wp-json\/wp\/v2\/categories?post=119200"},{"taxonomy":"post_tag","embeddable":true,"href":"https:\/\/www.europesays.com\/no\/wp-json\/wp\/v2\/tags?post=119200"}],"curies":[{"name":"wp","href":"https:\/\/api.w.org\/{rel}","templated":true}]}}