{"id":119227,"date":"2025-12-22T00:34:11","date_gmt":"2025-12-22T00:34:11","guid":{"rendered":"https:\/\/www.europesays.com\/no\/119227\/"},"modified":"2025-12-22T00:34:11","modified_gmt":"2025-12-22T00:34:11","slug":"for-en-aere","status":"publish","type":"post","link":"https:\/\/www.europesays.com\/no\/119227\/","title":{"rendered":"&#8211; For en \u00e6re"},"content":{"rendered":"<p>  Flere overraskelser da Lucas Braathen (25) tok andreplassen i Alta Badia.\u00a0<\/p>\n<p>\n    JUBELBR\u00d8L: Lucas Pinheiro Braathen p\u00e5 pallen i Italia. Foto: AP\/NTB\n  <\/p>\n<p>Fabian Gratz har kanskje ikke alle h\u00f8rt om, men tyskeren holdt p\u00e5 \u00e5 ta en sensasjonell pallplassering p\u00e5 det som ble spesiell dag i\u00a0Alta Badia.\u00a0<\/p>\n<p class=\"font-weight-bold m-font-weight-bold\" data-lab-font_weight=\"font-weight-bold\">Det var f\u00f8r Lucas Braathen kom i m\u00e5l i finaleomgangen. Norsk-brasilianeren ledet lenge, men som sistemann ut var Marco Schwarz sterk. \u00d8sterrikeren vant storslal\u00e5men 15 hundredeler foran Braathen.\u00a0<\/p>\n<p class=\"font-weight-normal m-font-weight-normal\" data-lab-font_weight=\"font-weight-normal\">&#8211; Det kjennes \u00abmeant to be\u00bb. For en \u00e6re det er \u00e5 st\u00e5 p\u00e5 den pallen. Jeg er litt emosjonell. Jeg har slitt med \u00e5 f\u00e5 den selvtilliten for \u00e5 oppn\u00e5 det jeg vet jeg har inne. \u00c5 f\u00e5 til det i Alta Badia er vanvittig stort, sier Braathen til Viaplay.\u00a0<\/p>\n<p>        <img loading=\"lazy\" decoding=\"async\" src=\"https:\/\/www.europesays.com\/no\/wp-content\/uploads\/2025\/12\/84016876.webp\" width=\"980\" height=\"559\" title=\"ANDREPLASS: Lucas Braathen imponerte i Italia. Foto: AP\/NTB\" alt=\"\" class=\"\" style=\"--aspect-ratio-image: 1.75; \"\/><\/p>\n<p>\n        ANDREPLASS: Lucas Braathen imponerte i Italia. Foto: AP\/NTB\n    <\/p>\n<p>Rennet b\u00f8d p\u00e5 store avstander og flere overraskelser. Storfavoritt Marco Odermatt havnet blant annet utenfor pallen (nummer seks) og Gratz klatret 24 plasser og ble nummer fem. Atle Lie McGrath ble nummer fire, som best norske.\u00a0<\/p>\n<p>&#8211; Jeg er veldig stolt av meg selv, sier McGrath, som kj\u00f8rte sitt 100. verdenscuprenn, til Viaplay.\u00a0<\/p>\n<p>        <img loading=\"lazy\" decoding=\"async\" src=\"https:\/\/www.europesays.com\/no\/wp-content\/uploads\/2025\/12\/84016334.webp\" width=\"980\" height=\"559\" title=\"KJ\u00d8RTE VELDIG BRA: Marco Schwarz. Foto: AP\/NTB\" alt=\"\" class=\"\" style=\"--aspect-ratio-image: 1.75; \"\/><\/p>\n<p>\n        KJ\u00d8RTE VELDIG BRA: Marco Schwarz. Foto: AP\/NTB\n    <\/p>\n<p>De oppsiktsvekkende tidene i f\u00f8rsteomgangen fikk ogs\u00e5 flere til \u00e5 sprerre opp \u00f8ynene.\u00a0<\/p>\n<p class=\"font-weight-normal m-font-weight-normal\" data-lab-font_weight=\"font-weight-normal\">Schwarz, som kj\u00f8rte ut fra startnummer \u00e9n, var nemlig langt foran f\u00f8r finaleomgangen. Nesten samtlige av forh\u00e5ndsfavorittene som kom etter han s\u00e5 sm\u00e5sjokkerte ut da de s\u00e5 egen tid p\u00e5 storskjermen etter m\u00e5lgang.\u00a0<\/p>\n<p class=\"font-weight-bold m-font-weight-bold\" data-lab-font_weight=\"font-weight-bold\">&#8211; Halvparten av feltet som har kommet i m\u00e5l skj\u00f8nner sv\u00e6rt lite, sa Viaplay-ekspert Kjetil Jansrud.\u00a0<\/p>\n<p>Henrik Kristoffersen m\u00e5pte n\u00e6rmest da han kom i m\u00e5l, og s\u00e5 undrende ut p\u00e5 at han var 1,52 sekunder bak \u00f8sterrikeren.\u00a0<\/p>\n<p>&#8211; Jeg vet ikke helt, jeg. Det kjentes egentlig veldig bra ut teknisk. Jeg tror at jeg ble alt for \u00abrund\u00bb, sa Kristoffersen og sikter til at l\u00f8ypa var enklere enn f\u00f8rst antatt og at man kunne tatt mer risiko.\u00a0<\/p>\n<p>Kristoffersen ble til slutt nummer 11 etter finaleomgangen &#8211; 1,12 sekunder bak Schwarz.\u00a0<\/p>\n<p>        ALPINT: Det Lenz H\u00e4chler ser man vanligvis i en annen vintersport. Video: @soldeueltarterworldcup, S\u00f8r\u00f8 Olsen\/Dagbladet TV-sporten<\/p>\n<p>&#8211; Odermatt sa det ogs\u00e5 at han ikke skj\u00f8nte noen ting, fortsatte den norske stjerna etter f\u00f8rsteomgangen.\u00a0<\/p>\n<p>Sveitseren &#8211; som har herjet denne sesongen &#8211; ble til slutt nummer seks.\u00a0<\/p>\n<p class=\"font-weight-bold m-font-weight-bold\" data-lab-font_weight=\"font-weight-bold\">Timon Haugan, som har slitt med ryggen, ble til slutt nummer 9 &#8211; 95 hundredeler bak\u00a0Schwarz. \u00d8sterrikeren tok\u00a0\u00a0tok sin f\u00f8rste seier siden 22. desember 2023. <\/p>\n<p>Av \u00f8vrige norske imponerte ogs\u00e5 talentet Eirik Hystad Solberg stort. Han ble nummer 16.\u00a0<\/p>\n","protected":false},"excerpt":{"rendered":"Flere overraskelser da Lucas Braathen (25) tok andreplassen i Alta Badia.\u00a0 JUBELBR\u00d8L: Lucas Pinheiro Braathen p\u00e5 pallen i&hellip;\n","protected":false},"author":2,"featured_media":119228,"comment_status":"","ping_status":"","sticky":false,"template":"","format":"standard","meta":{"footnotes":""},"categories":[5],"tags":[249,20,21,24,25,15,19,22,23,7183,17,18,13,30,28,29,14,16,83,26,27],"class_list":{"0":"post-119227","1":"post","2":"type-post","3":"status-publish","4":"format-standard","5":"has-post-thumbnail","7":"category-overskrifter","8":"tag-alpint","9":"tag-breaking-news","10":"tag-breakingnews","11":"tag-featured-news","12":"tag-featurednews","13":"tag-headlines","14":"tag-hovedoppslag","15":"tag-latest-news","16":"tag-latestnews","17":"tag-lucas-braathen","18":"tag-main-news","19":"tag-mainnews","20":"tag-news","21":"tag-no","22":"tag-norge","23":"tag-norway","24":"tag-nyheter","25":"tag-overskrifter","26":"tag-sport","27":"tag-top-stories","28":"tag-topstories"},"share_on_mastodon":{"url":"https:\/\/pubeurope.com\/@no\/115760415801603553","error":""},"_links":{"self":[{"href":"https:\/\/www.europesays.com\/no\/wp-json\/wp\/v2\/posts\/119227","targetHints":{"allow":["GET"]}}],"collection":[{"href":"https:\/\/www.europesays.com\/no\/wp-json\/wp\/v2\/posts"}],"about":[{"href":"https:\/\/www.europesays.com\/no\/wp-json\/wp\/v2\/types\/post"}],"author":[{"embeddable":true,"href":"https:\/\/www.europesays.com\/no\/wp-json\/wp\/v2\/users\/2"}],"replies":[{"embeddable":true,"href":"https:\/\/www.europesays.com\/no\/wp-json\/wp\/v2\/comments?post=119227"}],"version-history":[{"count":0,"href":"https:\/\/www.europesays.com\/no\/wp-json\/wp\/v2\/posts\/119227\/revisions"}],"wp:featuredmedia":[{"embeddable":true,"href":"https:\/\/www.europesays.com\/no\/wp-json\/wp\/v2\/media\/119228"}],"wp:attachment":[{"href":"https:\/\/www.europesays.com\/no\/wp-json\/wp\/v2\/media?parent=119227"}],"wp:term":[{"taxonomy":"category","embeddable":true,"href":"https:\/\/www.europesays.com\/no\/wp-json\/wp\/v2\/categories?post=119227"},{"taxonomy":"post_tag","embeddable":true,"href":"https:\/\/www.europesays.com\/no\/wp-json\/wp\/v2\/tags?post=119227"}],"curies":[{"name":"wp","href":"https:\/\/api.w.org\/{rel}","templated":true}]}}