{"id":119241,"date":"2025-12-22T02:08:17","date_gmt":"2025-12-22T02:08:17","guid":{"rendered":"https:\/\/www.europesays.com\/no\/119241\/"},"modified":"2025-12-22T02:08:17","modified_gmt":"2025-12-22T02:08:17","slug":"etter-seieren-foltes-feigt","status":"publish","type":"post","link":"https:\/\/www.europesays.com\/no\/119241\/","title":{"rendered":"Etter seieren: &#8211; F\u00f8ltes feigt"},"content":{"rendered":"<p>L\u00f8rdag var det finale i \u00abSkal vi danse\u00bb, og konfettikanonene gikk varme for hver gang dommerne ga toppscore. Skuespiller Tale Torjussen (20) gikk seirende ut etter gullduell mot klovn og komiker Viggo Venn.<\/p>\n<p>\u2013 Vi har hatt det s\u00e5 g\u00f8y. Dette har virkelig v\u00e6rt de beste m\u00e5nedene i mitt liv, sa den rykende ferske vinneren til pressen etter finalen.<\/p>\n<p>At hun skulle sitte igjen med diskopokalen var lagt fra gitt da dansekonkurransen startet tidligere i h\u00f8st. Tidenes yngste deltaker har imidlertid imponert b\u00e5de dommere og seere med utviklingen sin gjennom programmet.\u00a0<\/p>\n<p>Styrkepr\u00f8ve<\/p>\n<p>Etter f\u00f8rste dans fikk hun bare 20 dommerpoeng.\u00a0<\/p>\n<p>\u2013 Det kommer til \u00e5 bli perfekt etter hvert, men i dag blir det 4 poeng, sa dommer Nadya Khamitskaya.<\/p>\n<p class=\"bold m-bold\" data-lab-font_weight=\"bold\">Det visste seg at hun fikk rett.<\/p>\n<p>I finalen tok Torjussen pusten fra publikum med et halsbrekkende l\u00f8ft og r\u00f8rende innlevelse &#8211; og overbeviste folket om \u00e5 gi henne seieren. Dommerne bel\u00f8nnet skuespilleren med totalt 120 poeng &#8211; toppscore for alle tre dansene hun og partner Antonio Careri (27) framf\u00f8rte.\u00a0<\/p>\n<p>20-\u00e5ringen forteller TV 2 at dansen har hatt stor p\u00e5virkning p\u00e5 henne, b\u00e5de fysisk og mentalt.<\/p>\n<p>\u2013 Man blir sterkere, er du g\u00e6ren. Hvis jeg ikke hadde blitt sterkere etter 16 uker, hadde det v\u00e6rt noe galt! Jeg hadde aldri turt \u00e5 gj\u00f8re det l\u00f8ftet i starten av sesongen, jeg har h\u00f8ydeskrekk, sier hun.<\/p>\n<p>        <img class=\"image__img lazyload\" itemprop=\"image\" title=\"Foto: Ingvild Gjerdsj\u00f8 \/ TV 2\" alt=\"IKKE FOR NYBEGYNNERE: Tale Torjussen innr\u00f8mmer at hun aldri hadde turt \u00e5 fors\u00f8ke dette l\u00f8ftet tidlig i konkurransen. Foto: Ingvild Gjerdsj\u00f8 \/ TV 2\" width=\"675\" height=\"379\" bad-src=\"https:\/\/www.europesays.com\/no\/wp-content\/uploads\/2025\/12\/18405381.webp\" fetchpriority=\"auto\" \/><\/p>\n<p>      IKKE FOR NYBEGYNNERE: Tale Torjussen innr\u00f8mmer at hun aldri hadde turt \u00e5 fors\u00f8ke dette l\u00f8ftet tidlig i konkurransen.<br \/>\n         Foto: Ingvild Gjerdsj\u00f8 \/ TV 2<\/p>\n<p>Bekymret for kostymer<\/p>\n<p>Med \u00abSkal vi danse\u00bb kommer ogs\u00e5 lette kjoler og mye hud, og det krever en god dose selvtillit \u00e5 innta parketten. Torjussen innr\u00f8mmet i finalesendingen at hun hadde blandede f\u00f8lelser f\u00f8r deltakelsen.<\/p>\n<p>\u2013 Jeg f\u00f8lte meg veldig klar, men jeg var ogs\u00e5 ganske redd &#8211; for alt fra om jeg kom til \u00e5 klare \u00e5 levere p\u00e5 parketten, til hvordan jeg ville f\u00f8le meg i kostymer, fortalte hun f\u00f8r finaledansen.\u00a0<\/p>\n<p>        <img class=\"image__img lazyload\" itemprop=\"image\" title=\"Foto: Ingvild Gjerdsj\u00f8 \/ TV 2\" alt=\"GLEDESRUS: Antonio Careri og Tale Torjussen etter finalen. Foto: Ingvild Gjerdsj\u00f8 \/ TV 2\" width=\"675\" height=\"379\" bad-src=\"https:\/\/www.europesays.com\/no\/wp-content\/uploads\/2025\/12\/18405399.webp\" fetchpriority=\"auto\" \/><\/p>\n<p>      GLEDESRUS: Antonio Careri og Tale Torjussen etter finalen.<br \/>\n         Foto: Ingvild Gjerdsj\u00f8 \/ TV 2<\/p>\n<p>Til TV 2 forteller hun etter seieren at hun har f\u00e5tt en ny selvtillit.<\/p>\n<p>\u2013 Jeg f\u00f8ler virkelig at jeg har f\u00e5tt utfordre meg selv p\u00e5 noe jeg synes har v\u00e6rt veldig skummelt. Jeg hadde mye av disse tankene f\u00f8r jeg takket ja til \u00e5 v\u00e6re med. Men det har alltid v\u00e6rt min st\u00f8rste barndomsdr\u00f8m, og det f\u00f8ltes feigt \u00e5 la de tankene forhindre meg fra \u00e5 gj\u00f8re det jeg alltid har hatt lyst til, sier hun.<\/p>\n","protected":false},"excerpt":{"rendered":"L\u00f8rdag var det finale i \u00abSkal vi danse\u00bb, og konfettikanonene gikk varme for hver gang dommerne ga toppscore.&hellip;\n","protected":false},"author":2,"featured_media":119242,"comment_status":"","ping_status":"","sticky":false,"template":"","format":"standard","meta":{"footnotes":""},"categories":[5],"tags":[20,21,24,25,15,19,22,23,17,18,13,30,28,29,14,16,26,27],"class_list":{"0":"post-119241","1":"post","2":"type-post","3":"status-publish","4":"format-standard","5":"has-post-thumbnail","7":"category-overskrifter","8":"tag-breaking-news","9":"tag-breakingnews","10":"tag-featured-news","11":"tag-featurednews","12":"tag-headlines","13":"tag-hovedoppslag","14":"tag-latest-news","15":"tag-latestnews","16":"tag-main-news","17":"tag-mainnews","18":"tag-news","19":"tag-no","20":"tag-norge","21":"tag-norway","22":"tag-nyheter","23":"tag-overskrifter","24":"tag-top-stories","25":"tag-topstories"},"share_on_mastodon":{"url":"https:\/\/pubeurope.com\/@no\/115760785178373416","error":""},"_links":{"self":[{"href":"https:\/\/www.europesays.com\/no\/wp-json\/wp\/v2\/posts\/119241","targetHints":{"allow":["GET"]}}],"collection":[{"href":"https:\/\/www.europesays.com\/no\/wp-json\/wp\/v2\/posts"}],"about":[{"href":"https:\/\/www.europesays.com\/no\/wp-json\/wp\/v2\/types\/post"}],"author":[{"embeddable":true,"href":"https:\/\/www.europesays.com\/no\/wp-json\/wp\/v2\/users\/2"}],"replies":[{"embeddable":true,"href":"https:\/\/www.europesays.com\/no\/wp-json\/wp\/v2\/comments?post=119241"}],"version-history":[{"count":0,"href":"https:\/\/www.europesays.com\/no\/wp-json\/wp\/v2\/posts\/119241\/revisions"}],"wp:featuredmedia":[{"embeddable":true,"href":"https:\/\/www.europesays.com\/no\/wp-json\/wp\/v2\/media\/119242"}],"wp:attachment":[{"href":"https:\/\/www.europesays.com\/no\/wp-json\/wp\/v2\/media?parent=119241"}],"wp:term":[{"taxonomy":"category","embeddable":true,"href":"https:\/\/www.europesays.com\/no\/wp-json\/wp\/v2\/categories?post=119241"},{"taxonomy":"post_tag","embeddable":true,"href":"https:\/\/www.europesays.com\/no\/wp-json\/wp\/v2\/tags?post=119241"}],"curies":[{"name":"wp","href":"https:\/\/api.w.org\/{rel}","templated":true}]}}