{"id":119251,"date":"2025-12-22T03:25:22","date_gmt":"2025-12-22T03:25:22","guid":{"rendered":"https:\/\/www.europesays.com\/no\/119251\/"},"modified":"2025-12-22T03:25:22","modified_gmt":"2025-12-22T03:25:22","slug":"niklas-og-benjamin-baarli-silseth-vant-hotellet","status":"publish","type":"post","link":"https:\/\/www.europesays.com\/no\/119251\/","title":{"rendered":"Niklas og Benjamin Baarli Silseth vant hotellet"},"content":{"rendered":"<p class=\"kicker \" style=\"\">Hotellet<\/p>\n<p>  Niklas og Benjamin Baarli Silseth er i gang med \u00e5 realisere dr\u00f8mmen.<\/p>\n<p>\n    I GANG: Niklas og Benjamin forteller at prosessen med \u00e5 f\u00e5 barn er i gang. Foto: Vegard Breie\n  <\/p>\n<p>I dag, s\u00f8ndag, er det finale av \u00abHotellet\u00bb &#8211; TV 2s nye<br \/>\nstorsatsning. Det er tre par som st\u00e5r igjen, med hver sin koffert. Det er<br \/>\nIngeborg Heldal og Annette Numme, Niklas og Benjamin Baarli Silseth, og Stig<br \/>\nAndr\u00e9 og Rosell Berge.<\/p>\n<p class=\"italic m-italic font-weight-bold m-font-weight-bold\" data-lab-italic=\"italic\" data-lab-font_weight=\"font-weight-bold\">NB: Spoiler<\/p>\n<p>Etter to konkurranser, skal parene til slutt bytte<br \/>\nkofferter. De som st\u00e5r igjen med pengekofferten, vinner 270.000 kroner.<\/p>\n<p>    <a itemprop=\"url\" href=\"https:\/\/www.kk.no\/underholdning\/det-er-ikke-noe-a-sutre-for\/83794009\" rel=\"nofollow noopener\" target=\"_blank\"><\/p>\n<p>        <img loading=\"lazy\" decoding=\"async\" src=\"https:\/\/www.europesays.com\/no\/wp-content\/uploads\/2025\/12\/83794140.webp\" width=\"980\" height=\"441\" title=\"- Det er ikke noe \u00e5 sutre for\" alt=\"\" class=\"lazyload\" style=\"--aspect-ratio-image: 2.22; \"\/><\/p>\n<p>        &#8211; Det er ikke noe \u00e5 sutre for<\/p>\n<p>    <\/a><\/p>\n<p>Paret som vant begge konkurransene, var Niklas og Benjamin.<br \/>\nDermed stilte de sterkest inn mot det siste avgj\u00f8rende koffertbyttet \u2013 og dermed<br \/>\nvant de Hotellet.<\/p>\n<p>        <img loading=\"lazy\" decoding=\"async\" src=\"https:\/\/www.europesays.com\/no\/wp-content\/uploads\/2025\/12\/84016039.webp\" width=\"667\" height=\"354\" title=\"Foto: TV 2\" alt=\"\" class=\"\" style=\"--aspect-ratio-image: 1.88; \"\/><\/p>\n<p>\n        Foto: TV 2\n    <\/p>\n<p>&#8211; Det var d\u00f8dsg\u00f8y! Vi hadde aldri trodd vi skulle komme s\u00e5<br \/>\nlangt, og vi hadde det sjukt moro hele tiden. \u00c5 vinne ble den perfekte<br \/>\navslutningen, sier Benjamin til KK.<\/p>\n<p>Da de f\u00f8rst kom til finalen, inns\u00e5 Benjamin og Niklas at de<br \/>\nhadde en god sjanse til \u00e5 vinne. Men de ante ikke hva de skulle gj\u00f8re. <\/p>\n<p>&#8211; Vi synes det var g\u00f8y at det var tre forskjellige par i<br \/>\nfinalen, og at hva som helst kunne skje. Det var spennende! Men vi hadde troen<br \/>\np\u00e5 oss selv, og s\u00e5 hadde vi litt troen p\u00e5 de andre ogs\u00e5.\u00a0<\/p>\n<p>    <a itemprop=\"url\" href=\"https:\/\/www.kk.no\/underholdning\/jeg-vet-ikke-helt-hva-jeg-synes-om-a-lage-underholdning-av-a-vaere-kjip-mot-folk\/83879173\" rel=\"nofollow noopener\" target=\"_blank\"><\/p>\n<p>        <img loading=\"lazy\" decoding=\"async\" src=\"https:\/\/www.europesays.com\/no\/wp-content\/uploads\/2025\/12\/83879193.webp\" width=\"980\" height=\"441\" title=\"- Jeg vet ikke helt hva jeg synes om \u00e5 lage underholdning av \u00e5 v\u00e6re kjip mot folk\" alt=\"\" class=\"lazyload\" style=\"--aspect-ratio-image: 2.22; \"\/><\/p>\n<p>        &#8211; Jeg vet ikke helt hva jeg synes om \u00e5 lage underholdning av \u00e5 v\u00e6re kjip mot folk<\/p>\n<p>    <\/a><\/p>\n<p>F\u00f8rste reality sammen<\/p>\n<p>Det er f\u00f8rste gang paret gj\u00f8r reality sammen.<\/p>\n<p>&#8211; Jeg var veldig spent p\u00e5 det, for Benjamin og jeg er jo<br \/>\nulike i alt. Alle avgj\u00f8relser tar vi helt forskjellig, og det ble problematisk<br \/>\ni dette spillet da vi m\u00e5tte v\u00e6re enige i alle valg som skulle tas. Det f\u00f8rte<br \/>\ntil mye konflikt og irritasjon for oss begge. Men det er klart \u2013 det er en<br \/>\nfordel \u00e5 kjenne hverandre s\u00e5 godt som vi gj\u00f8r, har Niklas tidligere sagt til<br \/>\nKK.<\/p>\n<p>    <a itemprop=\"url\" href=\"https:\/\/www.kk.no\/underholdning\/vi-er-uenige-i-alt-1\/83725422\" rel=\"nofollow noopener\" target=\"_blank\"><\/p>\n<p>        <img loading=\"lazy\" decoding=\"async\" src=\"https:\/\/www.europesays.com\/no\/wp-content\/uploads\/2025\/12\/83725500.webp\" width=\"980\" height=\"441\" title=\"- Vi er uenige i alt\" alt=\"\" class=\"lazyload\" style=\"--aspect-ratio-image: 2.22; \"\/><\/p>\n<p>        &#8211; Vi er uenige i alt<\/p>\n<p>    <\/a><\/p>\n<p>&#8211; Det var litt stressende \u00e5 v\u00e6re der. Man blir sliten av<br \/>\ndisse konkurransene, og s\u00e5 blir det mye f\u00f8lelser over tid. Men det gikk veldig<br \/>\nfint, alle forsto at det var litt krevende. Skulle nok \u00f8nske at det var litt<br \/>\nbedre stemning mellom alle oss i finalen, men jeg opplever at alle er venner i<br \/>\nettertid, sier Benjamin.<\/p>\n<p>&#8211; F\u00f8ler seg som et d\u00e5rlig menneske<\/p>\n<p>Niklas og Benjamin m\u00e5tte ta flere t\u00f8ffe valg underveis \u2013 noe<br \/>\nsom resulterte i noen runder med d\u00e5rlig stemning og t\u00e5rer.<\/p>\n<p class=\"font-weight-bold m-font-weight-bold\" data-lab-font_weight=\"font-weight-bold\">&#8211; Det er jo dritt da. Man f\u00f8ler seg som et d\u00e5rlig menneske,<br \/>\nsamtidig som det er et spill og det er litt g\u00f8y \u00e5 gj\u00f8re ting som ellers ikke er<br \/>\n\u00ablov\u00bb. Som \u00e5 lyve og lure hverandre. Det f\u00f8les som en berg-og dal-bane av<br \/>\nspenning, og masse d\u00e5rlig samvittighet, sier Benjamin.<\/p>\n<p>\n&#8211; Angrer dere p\u00e5 noe?<\/p>\n<p>&#8211; Nei, ikke egentlig. Om noe s\u00e5 angrer vi p\u00e5 at vi ikke<br \/>\nspilte enda t\u00f8ffere &#8211; vi visste ikke at flere deltakere var s\u00e5 sure p\u00e5 oss, og<br \/>\ni ettertid ser vi jo at vi kunne sendt dem hjem tidligere, forklarer Benjamin. <\/p>\n<p>        <img loading=\"lazy\" decoding=\"async\" src=\"https:\/\/www.europesays.com\/no\/wp-content\/uploads\/2025\/12\/84016038.webp\" width=\"667\" height=\"381\" title=\"Foto: Vegard Breie\" alt=\"\" class=\"\" style=\"--aspect-ratio-image: 1.75; \"\/><\/p>\n<p>\n        Foto: Vegard Breie\n    <\/p>\n<p>    <a itemprop=\"url\" href=\"https:\/\/www.kk.no\/underholdning\/jeg-var-sa-redd-for-at-de-skulle-bli-sinte-pa-meg\/83997867\" rel=\"nofollow noopener\" target=\"_blank\"><\/p>\n<p>        <img loading=\"lazy\" decoding=\"async\" src=\"https:\/\/www.europesays.com\/no\/wp-content\/uploads\/2025\/12\/1766373921_442_83998530.webp\" width=\"980\" height=\"441\" title=\"- Jeg var s\u00e5 redd for at de skulle bli sinte p\u00e5 meg\" alt=\"\" class=\"lazyload\" style=\"--aspect-ratio-image: 2.22; \"\/><\/p>\n<p>        &#8211; Jeg var s\u00e5 redd for at de skulle bli sinte p\u00e5 meg<\/p>\n<p>    <\/a><\/p>\n<p>Realisere dr\u00f8mmen om barn<\/p>\n<p>N\u00e5r Benjamin f\u00e5r sp\u00f8rsm\u00e5l om hva som skiller seg ut som<br \/>\nbeste minne fra Hotellet, er det ikke vanskelig \u00e5 svare p\u00e5:<\/p>\n<p>&#8211; Jeg tror det blir vanskelig \u00e5 toppe seieren! Ellers tror<br \/>\njeg det beste minnet er den ene kvelden samtlige deltakere lurte bartenderen<br \/>\ntil \u00e5 gi oss et par ekstra glass vin til middagen.\u00a0<\/p>\n<p>\nI finaleepisoden sa Benjamin og Niklas at dersom de vant, skulle pengene g\u00e5 til<br \/>\nbarn.<\/p>\n<p class=\"font-weight-bold m-font-weight-bold\" data-lab-font_weight=\"font-weight-bold\">&#8211; Vi er i gang! S\u00e5 planen for 2026 er \u00e5 igangsette p\u00e5 ekte,<br \/>\nog forh\u00e5pentligvis realisere dr\u00f8mmen om \u00e5 f\u00e5 barn. Pengepremien er l\u00e5st til da,<br \/>\nfor vi trenger de, og mye mer, for \u00e5 greie det. Barn for oss homofile er<br \/>\nsvindyrt, men det er verdt det!<\/p>\n<p>        <img loading=\"lazy\" decoding=\"async\" src=\"https:\/\/www.europesays.com\/no\/wp-content\/uploads\/2025\/12\/1766373922_438_81859885.webp\" width=\"196\" height=\"155\" title=\"Har du et tips?\" alt=\"\" class=\"\" style=\"--aspect-ratio-image: 1.26; \"\/><\/p>\n<p>        Har du et tips?<\/p>\n<p class=\"subtitle\">Hei, jeg heter Ida Bergersen, og er journalist i KK. Har du et tips, en historie du vil fortelle eller et felt du mener vi b\u00f8r skrive om?<\/p>\n","protected":false},"excerpt":{"rendered":"Hotellet Niklas og Benjamin Baarli Silseth er i gang med \u00e5 realisere dr\u00f8mmen. I GANG: Niklas og Benjamin&hellip;\n","protected":false},"author":2,"featured_media":119252,"comment_status":"","ping_status":"","sticky":false,"template":"","format":"standard","meta":{"footnotes":""},"categories":[5],"tags":[9603,20,21,24,25,15,8212,19,22,23,17,18,13,5389,30,28,29,14,16,26,27,72],"class_list":{"0":"post-119251","1":"post","2":"type-post","3":"status-publish","4":"format-standard","5":"has-post-thumbnail","7":"category-overskrifter","8":"tag-benjamin-silseth","9":"tag-breaking-news","10":"tag-breakingnews","11":"tag-featured-news","12":"tag-featurednews","13":"tag-headlines","14":"tag-hotellet","15":"tag-hovedoppslag","16":"tag-latest-news","17":"tag-latestnews","18":"tag-main-news","19":"tag-mainnews","20":"tag-news","21":"tag-niklas-baarli","22":"tag-no","23":"tag-norge","24":"tag-norway","25":"tag-nyheter","26":"tag-overskrifter","27":"tag-top-stories","28":"tag-topstories","29":"tag-underholdning"},"share_on_mastodon":{"url":"https:\/\/pubeurope.com\/@no\/115761088199036835","error":""},"_links":{"self":[{"href":"https:\/\/www.europesays.com\/no\/wp-json\/wp\/v2\/posts\/119251","targetHints":{"allow":["GET"]}}],"collection":[{"href":"https:\/\/www.europesays.com\/no\/wp-json\/wp\/v2\/posts"}],"about":[{"href":"https:\/\/www.europesays.com\/no\/wp-json\/wp\/v2\/types\/post"}],"author":[{"embeddable":true,"href":"https:\/\/www.europesays.com\/no\/wp-json\/wp\/v2\/users\/2"}],"replies":[{"embeddable":true,"href":"https:\/\/www.europesays.com\/no\/wp-json\/wp\/v2\/comments?post=119251"}],"version-history":[{"count":0,"href":"https:\/\/www.europesays.com\/no\/wp-json\/wp\/v2\/posts\/119251\/revisions"}],"wp:featuredmedia":[{"embeddable":true,"href":"https:\/\/www.europesays.com\/no\/wp-json\/wp\/v2\/media\/119252"}],"wp:attachment":[{"href":"https:\/\/www.europesays.com\/no\/wp-json\/wp\/v2\/media?parent=119251"}],"wp:term":[{"taxonomy":"category","embeddable":true,"href":"https:\/\/www.europesays.com\/no\/wp-json\/wp\/v2\/categories?post=119251"},{"taxonomy":"post_tag","embeddable":true,"href":"https:\/\/www.europesays.com\/no\/wp-json\/wp\/v2\/tags?post=119251"}],"curies":[{"name":"wp","href":"https:\/\/api.w.org\/{rel}","templated":true}]}}