{"id":119253,"date":"2025-12-22T03:30:15","date_gmt":"2025-12-22T03:30:15","guid":{"rendered":"https:\/\/www.europesays.com\/no\/119253\/"},"modified":"2025-12-22T03:30:15","modified_gmt":"2025-12-22T03:30:15","slug":"trump-tar-gronland-grep-utnevner-spesialutsending","status":"publish","type":"post","link":"https:\/\/www.europesays.com\/no\/119253\/","title":{"rendered":"Trump tar Gr\u00f8nland-grep: Utnevner spesialutsending"},"content":{"rendered":"<p>  USAs president Donald Trump utnevner Louisiana-guvern\u00f8r Jeff Landry til landets spesialutsending til Gr\u00f8nland.<\/p>\n<p>\n    NY ROLLE: Louisiana-guvern\u00f8r Jeff Landry fotografert tidligere i \u00e5r. Foto: Gerald Herbert \/ AP \/ NTB\n  <\/p>\n<p>Det skriver presidenten i en melding p\u00e5 <a href=\"https:\/\/truthsocial.com\/@realDonaldTrump\/115760829286615399\" rel=\"nofollow noopener\" target=\"_blank\">Truth Social<\/a>.<\/p>\n<p>En spesialutsending er en person som utnevnes for \u00e5 h\u00e5ndtere spesifikke, ofte diplomatiske, oppgaver utover den ordin\u00e6re utenrikstjenesten.<\/p>\n<p>Trump har s\u00e5 langt i denne presidentperioden blant annet utnevnt spesialutsendinger til Ukraina og Russland i form av Keith Kellogg, samt den mye omtalte <a href=\"https:\/\/www.dagbladet.no\/nyheter\/idiotstemplet-feiltolket-russland\/83437850\" rel=\"nofollow noopener\" target=\"_blank\">Steve Witkoff<\/a> til Midt\u00f8sten og generelt fredsarbeid.<\/p>\n<p>&#8211; Jeff forst\u00e5r hvor avgj\u00f8rende Gr\u00f8nland er for v\u00e5r nasjonale sikkerhet, og vil sterkt fremme v\u00e5rt lands interesser for sikkerheten, tryggheten og overlevelsen til v\u00e5re allierte \u2013 og faktisk hele verden, skriver Trump.<\/p>\n<p>        <img loading=\"lazy\" decoding=\"async\" src=\"https:\/\/www.europesays.com\/no\/wp-content\/uploads\/2025\/12\/84018235.webp\" width=\"980\" height=\"559\" title=\"OPPTATT AV GR\u00d8NLAND: USAs president Donald Trump. Foto: ANDREW CABALLERO-REYNOLDS \/ AFP \/ NTB\" alt=\"\" class=\"\" style=\"--aspect-ratio-image: 1.75; \"\/><\/p>\n<p>\n        OPPTATT AV GR\u00d8NLAND: USAs president Donald Trump. Foto: ANDREW CABALLERO-REYNOLDS \/ AFP \/ NTB\n    <\/p>\n<p>Trump har gjentatte ganger det siste \u00e5ret gitt uttrykk for at han \u00f8nsker Gr\u00f8nland l\u00f8srevet fra Danmark og innlemmet i USA. Han har heller ikke utelukket bruk av milit\u00e6rmakt for \u00e5 sikre amerikansk kontroll over \u00f8ya.\u00a0<\/p>\n<p>&#8211; Enhver innblanding i interne forhold i kongeriket Danmark og det gr\u00f8nlandske demokratiet er uakseptabelt, sa Danmarks statsminister Mette Frederiksen i august i \u00e5r.<\/p>\n<p>    <a itemprop=\"url\" href=\"https:\/\/www.dagbladet.no\/nyheter\/vekker-oppsikt-gronland-nevnes-ikke\/83959462\" rel=\"nofollow noopener\" target=\"_blank\"><\/p>\n<p>        <img loading=\"lazy\" decoding=\"async\" src=\"https:\/\/www.europesays.com\/no\/wp-content\/uploads\/2025\/12\/83965281.webp\" width=\"980\" height=\"441\" title=\"Vekker oppsikt - Gr\u00f8nland nevnes ikke\" alt=\"\" class=\"lazyload\" style=\"--aspect-ratio-image: 2.22; \"\/><\/p>\n<p>        Vekker oppsikt &#8211; Gr\u00f8nland nevnes ikke<\/p>\n<p>    <\/a><\/p>\n<p>Gr\u00f8nland\u00a0er i stor grad selvstyrt, men formelt en del av kongeriket Danmark.<\/p>\n<p>Tidligere i desember kom det fram at Danmark for f\u00f8rste gang listet USA som en negativ del av trusselbildet mot Danmark i en offisiell etterretningsrapport.<\/p>\n<p>&#8211; Mindre land ser en verden med mer jungellov enn regelbasert verdensorden, sa Thomas Ahrenkiel, som er sjef for Forsvarets Efterretningstjeneste i Danmark, til\u00a0<a href=\"https:\/\/www.berlingske.dk\/internationalt\/nu-dukker-usa-op-i-danmarks-vigtigste-trusselsvurdering-vi-balancerer-mellem-to-poler-erkender-fe-chef\" target=\"_blank\" rel=\"nofollow noopener\">avis<\/a>a Berlingske.<\/p>\n<p>        Donald Trumps privatfly, med s\u00f8nnen Donald Trump Jr. om bord, har landet p\u00e5 Gr\u00f8nland. Video: x<\/p>\n<p>USAs ambassad\u00f8r i Danmark,\u00a0Ken Howery, m\u00f8tte Gr\u00f8nlands utenriksminister\u00a0Vivian Motzfeldt, samt representanter fra den danske regjeringen i starten av desember.\u00a0<\/p>\n<p>    <a itemprop=\"url\" href=\"https:\/\/www.dagbladet.no\/nyheter\/nekter-for-a-sta-bak-gronland-pavirkning\/83830766\" rel=\"nofollow noopener\" target=\"_blank\"><\/p>\n<p>        <img loading=\"lazy\" decoding=\"async\" src=\"https:\/\/www.europesays.com\/no\/wp-content\/uploads\/2025\/12\/83830793.webp\" width=\"980\" height=\"441\" title=\"Nekter for \u00e5 st\u00e5 bak Gr\u00f8nland-p\u00e5virkning\" alt=\"\" class=\"lazyload\" style=\"--aspect-ratio-image: 2.22; \"\/><\/p>\n<p>        Nekter for \u00e5 st\u00e5 bak Gr\u00f8nland-p\u00e5virkning<\/p>\n<p>    <\/a><\/p>\n<p>I en felles uttalelse etter m\u00f8tet sa Gr\u00f8nland og USA dette:<\/p>\n<p>&#8211; P\u00e5 \u00e5rets m\u00f8te bekreftet vi p\u00e5 nytt v\u00e5r forpliktelse til et sterkt og framtidsrettet forhold, basert p\u00e5 gjensidig respekt og forankret i felles interesser og praktisk samarbeid. Vi diskuterte prioriteringer for videre samarbeid p\u00e5 omr\u00e5der av gjensidig interesse. USA og Gr\u00f8nland ser fram til \u00e5 bygge videre p\u00e5 dette momentumet i \u00e5ret som kommer og til \u00e5 styrke b\u00e5ndene som st\u00f8tter en trygg og velst\u00e5ende arktisk region.<\/p>\n","protected":false},"excerpt":{"rendered":"USAs president Donald Trump utnevner Louisiana-guvern\u00f8r Jeff Landry til landets spesialutsending til Gr\u00f8nland. NY ROLLE: Louisiana-guvern\u00f8r Jeff Landry&hellip;\n","protected":false},"author":2,"featured_media":119254,"comment_status":"","ping_status":"","sticky":false,"template":"","format":"standard","meta":{"footnotes":""},"categories":[12],"tags":[20,21,24,25,15,22,23,13,30,28,29,14,16,26,27,412,42,43,44,45],"class_list":{"0":"post-119253","1":"post","2":"type-post","3":"status-publish","4":"format-standard","5":"has-post-thumbnail","7":"category-verden","8":"tag-breaking-news","9":"tag-breakingnews","10":"tag-featured-news","11":"tag-featurednews","12":"tag-headlines","13":"tag-latest-news","14":"tag-latestnews","15":"tag-news","16":"tag-no","17":"tag-norge","18":"tag-norway","19":"tag-nyheter","20":"tag-overskrifter","21":"tag-top-stories","22":"tag-topstories","23":"tag-utenriks","24":"tag-verden","25":"tag-world","26":"tag-world-news","27":"tag-worldnews"},"share_on_mastodon":{"url":"https:\/\/pubeurope.com\/@no\/115761107927799568","error":""},"_links":{"self":[{"href":"https:\/\/www.europesays.com\/no\/wp-json\/wp\/v2\/posts\/119253","targetHints":{"allow":["GET"]}}],"collection":[{"href":"https:\/\/www.europesays.com\/no\/wp-json\/wp\/v2\/posts"}],"about":[{"href":"https:\/\/www.europesays.com\/no\/wp-json\/wp\/v2\/types\/post"}],"author":[{"embeddable":true,"href":"https:\/\/www.europesays.com\/no\/wp-json\/wp\/v2\/users\/2"}],"replies":[{"embeddable":true,"href":"https:\/\/www.europesays.com\/no\/wp-json\/wp\/v2\/comments?post=119253"}],"version-history":[{"count":0,"href":"https:\/\/www.europesays.com\/no\/wp-json\/wp\/v2\/posts\/119253\/revisions"}],"wp:featuredmedia":[{"embeddable":true,"href":"https:\/\/www.europesays.com\/no\/wp-json\/wp\/v2\/media\/119254"}],"wp:attachment":[{"href":"https:\/\/www.europesays.com\/no\/wp-json\/wp\/v2\/media?parent=119253"}],"wp:term":[{"taxonomy":"category","embeddable":true,"href":"https:\/\/www.europesays.com\/no\/wp-json\/wp\/v2\/categories?post=119253"},{"taxonomy":"post_tag","embeddable":true,"href":"https:\/\/www.europesays.com\/no\/wp-json\/wp\/v2\/tags?post=119253"}],"curies":[{"name":"wp","href":"https:\/\/api.w.org\/{rel}","templated":true}]}}